{"id":19769,"date":"2026-02-19T10:50:33","date_gmt":"2026-02-19T10:50:33","guid":{"rendered":"https:\/\/www.automakers.cz\/?p=19769"},"modified":"2026-02-20T09:08:28","modified_gmt":"2026-02-20T09:08:28","slug":"ministr-havlicek-jednal-s-manazery-autosap","status":"publish","type":"post","link":"https:\/\/www.automakers.cz\/?p=19769","title":{"rendered":"Ministr Havl\u00ed\u010dek jednal s mana\u017eery AutoSAP"},"content":{"rendered":"<p><span class=\"break-words tvm-parent-container\"><span dir=\"ltr\"><strong>Z\u00e1stupci autopr\u016fmyslu jednali s ministrem pr\u016fmyslu a obchodu Karlem Havl\u00ed\u010dkem o pos\u00edlen\u00ed konkurenceschopnosti sektoru. C\u00edlem setk\u00e1n\u00ed bylo hledat konkr\u00e9tn\u00ed kroky pro pos\u00edlen\u00ed autopr\u016fmyslu v obdob\u00ed prob\u00edhaj\u00edc\u00ed transformace.<\/strong><br \/>\n<\/span><\/span><\/p>\n<p><span class=\"break-words tvm-parent-container\"><span dir=\"ltr\">&#8222;Shodli jsme se, \u017ee pro zachov\u00e1n\u00ed budoucnosti v\u0161ech typ\u016f pohon\u016f, v\u010detn\u011b spalovac\u00edch motor\u016f a dosa\u017een\u00ed pot\u0159ebn\u00fdch zm\u011bn je nezbytn\u011b nutn\u00e9 aktivn\u011b hledat partnery mezi \u010dlensk\u00fdmi st\u00e1ty. Z\u00e1rove\u0148 jsme zd\u016fraznili, \u017ee debata nesm\u00ed b\u00fdt omezena pouze na osobn\u00ed vozy \u2013 stejn\u011b d\u016fle\u017eit\u00e9 je rychl\u00e9 a hladk\u00e9 schv\u00e1len\u00ed \u00fapravy pravidel pro n\u00e1kladn\u00ed vozidla a autobusy. To je d\u016fle\u017eit\u00e9 nap\u0159\u00edklad pro dom\u00e1c\u00ed Iveco Group,&#8220; uvedl AutoSAP na s\u00edt\u00ed LinkedIn.<\/span><\/span><\/p>\n<p><strong>Rostouc\u00ed tr\u017en\u00ed bari\u00e9ry<\/strong><br \/>\n&#8222;Diskutovali jsme rizika spojen\u00e1 s konceptem \u201eEU made\u201c a povinn\u00fdmi kv\u00f3tami, kter\u00e9 mohou negativn\u011b dopadnout na otev\u0159enost evropsk\u00e9ho trhu. Pro \u010desk\u00e9 v\u00fdrobce je z\u00e1sadn\u00ed respektov\u00e1n\u00ed dohod o voln\u00e9m obchodu a f\u00e9rov\u00e9 podm\u00ednky i v\u016f\u010di partner\u016fm mimo EU, zejm\u00e9na ve vztahu k UK, Japonsku a Ji\u017en\u00ed Koreji,&#8220; uvedlo sdru\u017een\u00ed.<\/p>\n<p><span class=\"break-words tvm-parent-container\"><span dir=\"ltr\"><strong>Investice, digitalizace a transformace v\u00fdroby<\/strong><br \/>\nShoda panovala na pot\u0159eb\u011b siln\u011bj\u0161\u00ed podpory investic do digitalizace, automatizace a robotizace. &#8222;V\u00edt\u00e1me d\u016fraz vl\u00e1dy na inovace i n\u00e1vrh zrychlen\u00fdch da\u0148ov\u00fdch odpis\u016f. Z\u00e1rove\u0148 apelujeme na vytvo\u0159en\u00ed n\u00e1rodn\u00edho r\u00e1mce pro vyu\u017eit\u00ed a na zaveden\u00ed n\u00e1stroje umo\u017e\u0148uj\u00edc\u00edho da\u0148ov\u00e9 odpo\u010dty n\u00e1klad\u016f na transforma\u010dn\u00ed opat\u0159en\u00ed ve v\u00fdrob\u011b \u2013 obdobn\u011b jako je tomu u v\u00fddaj\u016f na VaV. To je nezbytn\u00e9 pro zachycen\u00ed sou\u010dasn\u00fdch trend\u016f a udr\u017een\u00ed pracovn\u00edch m\u00edst v \u010cR,&#8220; p\u00ed\u0161e po jedn\u00e1n\u00ed AutoSAP.<\/span><\/span><\/p>\n<p><img loading=\"lazy\" decoding=\"async\" class=\"alignnone size-medium wp-image-19772\" src=\"http:\/\/www.automakers.cz\/wp-content\/uploads\/2026\/02\/Havlicek-Autosap-900x600.jpg\" alt=\"\" width=\"900\" height=\"600\" srcset=\"https:\/\/www.automakers.cz\/wp-content\/uploads\/2026\/02\/Havlicek-Autosap-900x600.jpg 900w, https:\/\/www.automakers.cz\/wp-content\/uploads\/2026\/02\/Havlicek-Autosap-1024x683.jpg 1024w, https:\/\/www.automakers.cz\/wp-content\/uploads\/2026\/02\/Havlicek-Autosap-768x512.jpg 768w, https:\/\/www.automakers.cz\/wp-content\/uploads\/2026\/02\/Havlicek-Autosap-1536x1024.jpg 1536w, https:\/\/www.automakers.cz\/wp-content\/uploads\/2026\/02\/Havlicek-Autosap.jpg 2048w\" sizes=\"auto, (max-width: 900px) 100vw, 900px\" \/><strong>Automobilov\u00fd pr\u016fmysl p\u0159edstavuje p\u00e1te\u0159 \u010desk\u00e9 ekonomiky<\/strong> \u2013 zam\u011bstn\u00e1v\u00e1 p\u0159ibli\u017en\u011b p\u016fl milionu lid\u00ed, pod\u00edl\u00ed se z 9 % na tvorb\u011b HDP, zaji\u0161\u0165uje \u010dtvrtinu celkov\u00e9ho exportu a ka\u017edoro\u010dn\u011b p\u0159isp\u00edv\u00e1 zhruba 80 miliardami korun do ve\u0159ejn\u00fdch rozpo\u010dt\u016f. V sou\u010dasnosti v\u0161ak proch\u00e1z\u00ed z\u00e1sadn\u00ed transformac\u00ed, kter\u00e1 zvy\u0161uje pot\u0159ebu otev\u0159en\u00e9ho dialogu mezi st\u00e1tn\u00ed spr\u00e1vou a pr\u016fmyslem a spole\u010dn\u00e9ho hled\u00e1n\u00ed konkr\u00e9tn\u00edch a realizovateln\u00fdch \u0159e\u0161en\u00ed.<\/p>\n<p><strong>Zdroj: Autosap, LinkedIn<\/strong><!--more--><\/p>\n","protected":false},"excerpt":{"rendered":"<p>Z\u00e1stupci autopr\u016fmyslu jednali s ministrem pr\u016fmyslu a obchodu Karlem Havl\u00ed\u010dkem o pos\u00edlen\u00ed konkurenceschopnosti sektoru. C\u00edlem&#8230;<\/p>\n","protected":false},"author":1,"featured_media":19771,"comment_status":"closed","ping_status":"closed","sticky":false,"template":"","format":"standard","meta":{"footnotes":""},"categories":[22,25,18],"tags":[],"class_list":["post-19769","post","type-post","status-publish","format-standard","has-post-thumbnail","hentry","category-konference","category-legislativa","category-vyroba"],"_links":{"self":[{"href":"https:\/\/www.automakers.cz\/index.php?rest_route=\/wp\/v2\/posts\/19769","targetHints":{"allow":["GET"]}}],"collection":[{"href":"https:\/\/www.automakers.cz\/index.php?rest_route=\/wp\/v2\/posts"}],"about":[{"href":"https:\/\/www.automakers.cz\/index.php?rest_route=\/wp\/v2\/types\/post"}],"author":[{"embeddable":true,"href":"https:\/\/www.automakers.cz\/index.php?rest_route=\/wp\/v2\/users\/1"}],"replies":[{"embeddable":true,"href":"https:\/\/www.automakers.cz\/index.php?rest_route=%2Fwp%2Fv2%2Fcomments&post=19769"}],"version-history":[{"count":3,"href":"https:\/\/www.automakers.cz\/index.php?rest_route=\/wp\/v2\/posts\/19769\/revisions"}],"predecessor-version":[{"id":19776,"href":"https:\/\/www.automakers.cz\/index.php?rest_route=\/wp\/v2\/posts\/19769\/revisions\/19776"}],"wp:featuredmedia":[{"embeddable":true,"href":"https:\/\/www.automakers.cz\/index.php?rest_route=\/wp\/v2\/media\/19771"}],"wp:attachment":[{"href":"https:\/\/www.automakers.cz\/index.php?rest_route=%2Fwp%2Fv2%2Fmedia&parent=19769"}],"wp:term":[{"taxonomy":"category","embeddable":true,"href":"https:\/\/www.automakers.cz\/index.php?rest_route=%2Fwp%2Fv2%2Fcategories&post=19769"},{"taxonomy":"post_tag","embeddable":true,"href":"https:\/\/www.automakers.cz\/index.php?rest_route=%2Fwp%2Fv2%2Ftags&post=19769"}],"curies":[{"name":"wp","href":"https:\/\/api.w.org\/{rel}","templated":true}]}}