{"id":19779,"date":"2026-02-19T10:51:33","date_gmt":"2026-02-19T10:51:33","guid":{"rendered":"https:\/\/www.automakers.cz\/?p=19779"},"modified":"2026-02-19T10:51:33","modified_gmt":"2026-02-19T10:51:33","slug":"autosap-elektrifikovana-auta-tahla-lednovy-rust-produkce","status":"publish","type":"post","link":"https:\/\/www.automakers.cz\/?p=19779","title":{"rendered":"AutoSAP: Elektrifikovan\u00e1 auta t\u00e1hla lednov\u00fd r\u016fst produkce"},"content":{"rendered":"<p><strong>V prvn\u00edm m\u011bs\u00edci leto\u0161n\u00edho roku sjelo z linek tuzemsk\u00fdch v\u00fdrobc\u016f meziro\u010dn\u011b o 10 % osobn\u00edch vozidel v\u00edce, konkr\u00e9tn\u011b 125 190 ks. R\u016fst zaznamenala i v\u00fdroba motocykl\u016f s 63 vyroben\u00fdmi kusy. Ni\u017e\u0161\u00ed hodnotu v po\u010d\u00e1tku roku naopak vyk\u00e1zala v\u00fdroba autobus\u016f s celkov\u00fdm po\u010dtem 365 vozidel.<\/strong><!--more--><\/p>\n<p>O v\u00edce ne\u017e polovinu meziro\u010dn\u011b narost pod\u00edl vyroben\u00fdch bateriov\u00fdch vozidel. Spole\u010dn\u011b s r\u016fstem objemu hybrid\u016f tak pod\u00edl vozidel s n\u011bjakou formou elektrifikace pohonu \u010dinil ji\u017e celkem 40,4 % z celkov\u00e9 produkce. Konkr\u00e9tn\u011b bylo vyrobeno 20 859 vozidel s \u010dist\u011b elektrick\u00fdm, 4 101 s plug-in hybridn\u00edm a 25 879 s hybridn\u00edm pohonem.<\/p>\n<p>\u201eElektrifikovan\u00e1 vozidla se st\u00e1vaj\u00ed jedn\u00edm z hlavn\u00edch pil\u00ed\u0159\u016f v\u00fdroby v tuzemsk\u00fdch automobilov\u00fdch z\u00e1vodech. U\u017e t\u00e9m\u011b\u0159 \u010dtvrtinu produkce \u0160kody Auto, polovinu v\u00fdroby no\u0161ovick\u00e9ho Hyundaie a v\u0161echna vozidla z kol\u00ednsk\u00e9 Toyoty tvo\u0159\u00ed modely s n\u011bjakou formou elektrifikace pohonu. V \u010cesku vyr\u00e1b\u011bn\u00fdm model\u016fm se \u00fasp\u011b\u0161n\u011b da\u0159\u00ed nejen na dom\u00e1c\u00edm, ale i na hlavn\u00edch evropsk\u00fdch trz\u00edch. Stejn\u00fd trend potvrzuje i bezm\u00e1la \u010dty\u0159iapades\u00e1tiprocentn\u00ed n\u00e1r\u016fst produkce hybridn\u00edch autobus\u016f. \u010cesk\u00fd autopr\u016fmysl tak jasn\u011b potvrzuje, \u017ee nastavenou technologickou transformaci dok\u00e1\u017ee prom\u011bnit v konkr\u00e9tn\u00ed v\u00fdsledky. Na druhou stranu i tento mimo\u0159\u00e1dn\u00fd v\u00fdkon nedok\u00e1\u017ee naplnit p\u0159\u00edli\u0161 ambici\u00f3zn\u011b nastaven\u00e9 po\u017eadavky evropsk\u00e9 regulace flotilov\u00fdch c\u00edl\u016f CO2. Pokud se je v r\u00e1mci aktu\u00e1ln\u011b otev\u0159en\u00e9ho projedn\u00e1v\u00e1n\u00ed nepoda\u0159\u00ed spr\u00e1vn\u011b p\u0159enastavit, hroz\u00ed firm\u00e1m automotive miliardov\u00e9 pokuty,\u201c \u0159\u00edk\u00e1 Z<strong>den\u011bk Petzl, v\u00fdkonn\u00fd \u0159editel Sdru\u017een\u00ed automobilov\u00e9ho pr\u016fmyslu<\/strong>.<\/p>\n<figure id=\"attachment_3525\" aria-describedby=\"caption-attachment-3525\" style=\"width: 900px\" class=\"wp-caption alignnone\"><img loading=\"lazy\" decoding=\"async\" class=\"size-medium wp-image-3525\" src=\"http:\/\/www.automakers.cz\/wp-content\/uploads\/2024\/04\/Zdenek-Petzl_3-900x632.jpg\" alt=\"\" width=\"900\" height=\"632\" \/><figcaption id=\"caption-attachment-3525\" class=\"wp-caption-text\">V\u00fdkonn\u00fd \u0159editel AutoSAP Zden\u011bk Petzl<\/figcaption><\/figure>\n<p><strong>Osobn\u00ed vozidla<\/strong><\/p>\n<p>V lednu bylo v \u010cesk\u00e9 republice vyrobeno celkem 125 190 osobn\u00edch vozidel, tj. meziro\u010dn\u011b o 10 % v\u00edce ne\u017e v prvn\u00edm m\u011bs\u00edci lo\u0148sk\u00e9ho roku. Z toho bylo celkem 50 789 vozidel elektrifikovan\u00fdch \u2013 20 849 BEV, 4 101 PHEV a 25 839 HEV. Elektrifikovan\u00e1 osobn\u00ed vozidla tak p\u0159edstavovala 40,5% pod\u00edl z celkov\u00e9ho po\u010dtu vyroben\u00fdch osobn\u00edch automobil\u016f a meziro\u010dn\u00ed n\u00e1r\u016fst o 55 %.<\/p>\n<p>Kategorie vozidel s ext\u00e9rn\u00edm dob\u00edjen\u00edm, tedy \u010dist\u011b bateriov\u00e1 vozidla BEV a plug-in hybridn\u00ed vozidla PHEV \u010d\u00edtala 24 950 ks a na produkci se pod\u00edlela 20 % s meziro\u010dn\u00edm n\u00e1r\u016fstem 56,7 %.<\/p>\n<p><strong>Nejv\u011bt\u0161\u00ed tuzemsk\u00e1 automobilka \u0160koda Auto<\/strong> vyrobila v prvn\u00edm m\u011bs\u00edci ve sv\u00fdch tuzemsk\u00fdch z\u00e1vodech 85 522 osobn\u00edch automobil\u016f (+18,2 %). Vozidel s extern\u00edm dob\u00edjen\u00edm, tedy bateriov\u00fdch BEV a plug-in hybridn\u00edch PHEV, vyrobila mladoboleslavsk\u00e1 automobilka 20 928 ks, tj. 24,5 % z celkov\u00e9 tuzemsk\u00e9 produkce zna\u010dky. Z toho bylo 17 955 vozidel \u010dist\u011b bateriov\u00fdch BEV a 2 973 vozidel plug-in hybridn\u00edch.<\/p>\n<figure id=\"attachment_18215\" aria-describedby=\"caption-attachment-18215\" style=\"width: 900px\" class=\"wp-caption alignnone\"><img loading=\"lazy\" decoding=\"async\" class=\"size-medium wp-image-18215\" src=\"http:\/\/www.automakers.cz\/wp-content\/uploads\/2025\/12\/Skoda-vyrobila-100-000.-elektromobil-Elroq-900x600.jpg\" alt=\"\" width=\"900\" height=\"600\" \/><figcaption id=\"caption-attachment-18215\" class=\"wp-caption-text\">Foto: \u0160koda Auto<\/figcaption><\/figure>\n<p><strong>V no\u0161ovick\u00e9m z\u00e1vod\u011b automobilky Hyundai<\/strong> bylo v lednu zkompletov\u00e1no celkem 20 000 vozidel, tj. o 5,8 % m\u00e9n\u011b ne\u017e ve stejn\u00e9m obdob\u00ed lo\u0148sk\u00e9ho roku. Z celkov\u00e9ho po\u010dtu vozidel m\u011blo 2 894 ks \u010dist\u011b elektrick\u00fd, 1 128 ks plug-in hybridn\u00ed, 6 171 hybridn\u00ed pohon. Celkov\u011b tak elektrifikovan\u00e1 vozidla \u010d\u00edtala 10 193 ks a p\u0159edstavovala 50,1 % tuzemsk\u00e9 produkce zna\u010dky.<\/p>\n<p><img loading=\"lazy\" decoding=\"async\" class=\"alignnone size-medium wp-image-2548\" src=\"http:\/\/www.automakers.cz\/wp-content\/uploads\/2024\/02\/Hyundai-Nosovice-Hala-Prevodovkarna-900x570.jpg\" alt=\"\" width=\"900\" height=\"570\" \/>Z v\u00fdrobn\u00ed linky automobilky<strong> Toyota Motor Manufacturing Czech Republic v Kol\u00edn\u011b<\/strong> sjelo v lednov\u00e9m m\u011bs\u00edci celkem 19 668 zkompletovan\u00fdch vozidel, tedy o 2,8 % m\u00e9n\u011b ne\u017e ve stejn\u00e9m obdob\u00ed p\u0159edchoz\u00edho roku. V\u0161echna z 19 668 vozidel m\u011bla hybridn\u00ed pohon.<\/p>\n<figure id=\"attachment_1566\" aria-describedby=\"caption-attachment-1566\" style=\"width: 900px\" class=\"wp-caption alignnone\"><img loading=\"lazy\" decoding=\"async\" class=\"size-medium wp-image-1566\" src=\"http:\/\/www.automakers.cz\/wp-content\/uploads\/2024\/01\/TMMCZ_AygoX-Toyota-Yaris-900x600.jpg\" alt=\"\" width=\"900\" height=\"600\" srcset=\"https:\/\/www.automakers.cz\/wp-content\/uploads\/2024\/01\/TMMCZ_AygoX-Toyota-Yaris-900x600.jpg 900w, https:\/\/www.automakers.cz\/wp-content\/uploads\/2024\/01\/TMMCZ_AygoX-Toyota-Yaris-1024x683.jpg 1024w, https:\/\/www.automakers.cz\/wp-content\/uploads\/2024\/01\/TMMCZ_AygoX-Toyota-Yaris-768x512.jpg 768w, https:\/\/www.automakers.cz\/wp-content\/uploads\/2024\/01\/TMMCZ_AygoX-Toyota-Yaris-1536x1024.jpg 1536w, https:\/\/www.automakers.cz\/wp-content\/uploads\/2024\/01\/TMMCZ_AygoX-Toyota-Yaris.jpg 1800w\" sizes=\"auto, (max-width: 900px) 100vw, 900px\" \/><figcaption id=\"caption-attachment-1566\" class=\"wp-caption-text\">Toyota produkuje u Kol\u00edna modely Aygo a Yaris<\/figcaption><\/figure>\n<p><strong>Autobusy<\/strong><\/p>\n<p>Lednov\u00e1 v\u00fdroba autobus\u016f zaznamenala meziro\u010dn\u00ed 14% pokles. Celkov\u00e1 hodnota v\u00fdroby dos\u00e1hla 365 autobus\u016f, tedy o 60 autobus\u016f m\u00e9n\u011b. Ve vysokom\u00fdtsk\u00e9m Iveco CR bylo vyrobeno 316 autobus\u016f, tedy o 24,4 % m\u00e9n\u011b ne\u017e ve stejn\u00e9m obdob\u00ed lo\u0148sk\u00e9ho roku. V SOR Libchavy v prvn\u00edm m\u011bs\u00edci tohoto roku zhotovili celkem 48 autobus\u016f, tedy o 41 ks autobus\u016f v\u00edce. Spole\u010dnost KHMC v prvn\u00edm m\u011bs\u00edci roku vyrobila 1 autobus.<\/p>\n<p><img loading=\"lazy\" decoding=\"async\" class=\"alignnone size-full wp-image-11092\" src=\"http:\/\/www.automakers.cz\/wp-content\/uploads\/2025\/02\/Vodikovy-autobus-pri-testech-v-Moste.jpg\" alt=\"\" width=\"805\" height=\"578\" srcset=\"https:\/\/www.automakers.cz\/wp-content\/uploads\/2025\/02\/Vodikovy-autobus-pri-testech-v-Moste.jpg 805w, https:\/\/www.automakers.cz\/wp-content\/uploads\/2025\/02\/Vodikovy-autobus-pri-testech-v-Moste-768x551.jpg 768w\" sizes=\"auto, (max-width: 805px) 100vw, 805px\" \/><\/p>\n<p><strong>Motocykly<\/strong><\/p>\n<p>Tradi\u010dn\u00ed v\u00fdrobce motocykl\u016f Jawa Moto vyk\u00e1zal meziro\u010dn\u00ed n\u00e1r\u016fst lednov\u00e9 v\u00fdroby. V prvn\u00edm m\u011bs\u00edci sjelo z v\u00fdrobn\u00ed linky tuzemsk\u00e9 zna\u010dky celkem 63 motocykl\u016f (+34 %), v meziro\u010dn\u00edm absolutn\u00edm srovn\u00e1n\u00ed tedy o 16 motocykl\u016f v\u00edce.<\/p>\n<p><strong>Zdroj:<\/strong><\/p>\n<p><img loading=\"lazy\" decoding=\"async\" class=\"alignnone wp-image-19781\" src=\"http:\/\/www.automakers.cz\/wp-content\/uploads\/2026\/02\/AutoSAP-logo-900x355.jpeg\" alt=\"\" width=\"1019\" height=\"402\" \/><\/p>\n","protected":false},"excerpt":{"rendered":"<p>V prvn\u00edm m\u011bs\u00edci leto\u0161n\u00edho roku sjelo z linek tuzemsk\u00fdch v\u00fdrobc\u016f meziro\u010dn\u011b o 10 % osobn\u00edch&#8230;<\/p>\n","protected":false},"author":2,"featured_media":19780,"comment_status":"closed","ping_status":"closed","sticky":false,"template":"","format":"standard","meta":{"footnotes":""},"categories":[9,83,10,18],"tags":[],"class_list":["post-19779","post","type-post","status-publish","format-standard","has-post-thumbnail","hentry","category-elektromobily","category-hybridy","category-statistika","category-vyroba"],"_links":{"self":[{"href":"https:\/\/www.automakers.cz\/index.php?rest_route=\/wp\/v2\/posts\/19779","targetHints":{"allow":["GET"]}}],"collection":[{"href":"https:\/\/www.automakers.cz\/index.php?rest_route=\/wp\/v2\/posts"}],"about":[{"href":"https:\/\/www.automakers.cz\/index.php?rest_route=\/wp\/v2\/types\/post"}],"author":[{"embeddable":true,"href":"https:\/\/www.automakers.cz\/index.php?rest_route=\/wp\/v2\/users\/2"}],"replies":[{"embeddable":true,"href":"https:\/\/www.automakers.cz\/index.php?rest_route=%2Fwp%2Fv2%2Fcomments&post=19779"}],"version-history":[{"count":3,"href":"https:\/\/www.automakers.cz\/index.php?rest_route=\/wp\/v2\/posts\/19779\/revisions"}],"predecessor-version":[{"id":19784,"href":"https:\/\/www.automakers.cz\/index.php?rest_route=\/wp\/v2\/posts\/19779\/revisions\/19784"}],"wp:featuredmedia":[{"embeddable":true,"href":"https:\/\/www.automakers.cz\/index.php?rest_route=\/wp\/v2\/media\/19780"}],"wp:attachment":[{"href":"https:\/\/www.automakers.cz\/index.php?rest_route=%2Fwp%2Fv2%2Fmedia&parent=19779"}],"wp:term":[{"taxonomy":"category","embeddable":true,"href":"https:\/\/www.automakers.cz\/index.php?rest_route=%2Fwp%2Fv2%2Fcategories&post=19779"},{"taxonomy":"post_tag","embeddable":true,"href":"https:\/\/www.automakers.cz\/index.php?rest_route=%2Fwp%2Fv2%2Ftags&post=19779"}],"curies":[{"name":"wp","href":"https:\/\/api.w.org\/{rel}","templated":true}]}}