{"id":19793,"date":"2026-02-19T12:26:47","date_gmt":"2026-02-19T12:26:47","guid":{"rendered":"https:\/\/www.automakers.cz\/?p=19793"},"modified":"2026-02-19T12:27:42","modified_gmt":"2026-02-19T12:27:42","slug":"hospodarsky-vybor-doporucil-snemovne-schvalit-navrh-rozpoctu-sfdi","status":"publish","type":"post","link":"https:\/\/www.automakers.cz\/?p=19793","title":{"rendered":"Hospod\u00e1\u0159sk\u00fd v\u00fdbor doporu\u010dil sn\u011bmovn\u011b schv\u00e1lit n\u00e1vrh rozpo\u010dtu SFDI"},"content":{"rendered":"<p class=\"xmprfx_MsoNormal\"><b>Sn\u011bmovn\u00ed hospod\u00e1\u0159sk\u00fd v\u00fdbor doporu\u010dil Poslaneck\u00e9 sn\u011bmovn\u011b schv\u00e1lit n\u00e1vrh rozpo\u010dtu St\u00e1tn\u00edho fondu dopravn\u00ed infrastruktury (SFDI) pro rok 2026. Na dopravn\u00ed v\u00fdstavbu by m\u011blo v leto\u0161n\u00edm roce sm\u011b\u0159ovat 169,3 miliardy korun, co\u017e je o 9 miliard v\u00edce ne\u017e byl schv\u00e1len\u00fd rozpo\u010det fondu na rok 2025.<\/b><!--more--><\/p>\n<p class=\"xmprfx_MsoNormal\">Oproti p\u016fvodn\u00edmu n\u00e1vrhu p\u0159edlo\u017een\u00e9mu minulou vl\u00e1dou aktu\u00e1ln\u00ed verze rozpo\u010dtu posiluje n\u00e1rodn\u00ed zdroje o 26 miliard korun.<\/p>\n<p class=\"xmprfx_MsoNormal\"><i>\u201eRealismus. Prioritizace. Efektivita. To jsou t\u0159i kl\u00ed\u010dov\u00e9 principy rozpo\u010dtu na dopravn\u00ed v\u00fdstavbu pro rok 2026. Meziro\u010dn\u011b navy\u0161ujeme rozpo\u010dty \u0158editelstv\u00ed silnic a d\u00e1lnic i Spr\u00e1vy \u017eeleznic a soust\u0159ed\u00edme se na financov\u00e1n\u00ed prioritn\u00edch staveb. Jakmile poslanci rozpo\u010det fin\u00e1ln\u011b schv\u00e1l\u00ed, budeme moci bezodkladn\u011b zah\u00e1jit \u0159adu d\u016fle\u017eit\u00fdch projekt\u016f nap\u0159\u00ed\u010d republikou, nap\u0159\u00edklad posledn\u00ed \u00fasek d\u00e1lnice D11 Jarom\u011b\u0159\u2013 Trutnov nebo nov\u00e9 \u00faseky d\u00e1lnice D35. Z\u00e1rove\u0148 pl\u00e1nujeme letos zah\u00e1jit dlouho p\u0159ipravovan\u00e9 obchvaty Znojma a B\u0159eclavi. Na \u017eeleznici za\u010dne p\u0159estavba \u017eelezni\u010dn\u00edho uzlu Hradec Kr\u00e1lov\u00e9, modernizace trati Kladno \u2013 Praha-Ruzyn\u011b a p\u0159estavba \u017eelezni\u010dn\u00edho uzlu Ostrava,\u201c\u00a0<\/i>uvedl po jedn\u00e1n\u00ed v\u00fdboru ministr dopravy\u00a0<b>Ivan Bedn\u00e1rik<\/b>.<\/p>\n<p class=\"xmprfx_MsoNormal\">Rozpo\u010det SFDI m\u00e1 v\u00fdrazn\u011b proinvesti\u010dn\u00ed charakter a p\u0159edstavuje v\u00fdznamn\u00fd impuls pro dal\u0161\u00ed modernizaci dopravn\u00ed infrastruktury v \u010cesk\u00e9 republice.\u00a0<b>Investi\u010dn\u00ed v\u00fddaje dosahuj\u00ed 119,5 miliardy korun\u00a0<\/b>(o 9 miliard v\u00edce ne\u017e ve schv\u00e1len\u00e9m rozpo\u010dtu na rok 2025),\u00a0<b>zat\u00edmco neinvesti\u010dn\u00ed v\u00fddaje \u010din\u00ed 49,8 miliardy korun<\/b>. Tyto prost\u0159edky jsou ur\u010deny zejm\u00e9na na\u00a0<b>opravy, \u00fadr\u017ebu a provoz dopravn\u00ed infrastruktury\u00a0<\/b>v\u010detn\u011b \u010dinnosti investorsk\u00fdch organizac\u00ed.<\/p>\n<p><strong>Zdroj: MD<\/strong><\/p>\n<p><img loading=\"lazy\" decoding=\"async\" class=\"alignnone size-full wp-image-18704\" src=\"http:\/\/www.automakers.cz\/wp-content\/uploads\/2025\/12\/Ministerstvo-dopravy-MD.jpg\" alt=\"\" width=\"259\" height=\"194\" \/><\/p>\n","protected":false},"excerpt":{"rendered":"<p>Sn\u011bmovn\u00ed hospod\u00e1\u0159sk\u00fd v\u00fdbor doporu\u010dil Poslaneck\u00e9 sn\u011bmovn\u011b schv\u00e1lit n\u00e1vrh rozpo\u010dtu St\u00e1tn\u00edho fondu dopravn\u00ed infrastruktury (SFDI) pro&#8230;<\/p>\n","protected":false},"author":1,"featured_media":19795,"comment_status":"closed","ping_status":"closed","sticky":false,"template":"","format":"standard","meta":{"footnotes":""},"categories":[47,25],"tags":[],"class_list":["post-19793","post","type-post","status-publish","format-standard","has-post-thumbnail","hentry","category-doprava","category-legislativa"],"_links":{"self":[{"href":"https:\/\/www.automakers.cz\/index.php?rest_route=\/wp\/v2\/posts\/19793","targetHints":{"allow":["GET"]}}],"collection":[{"href":"https:\/\/www.automakers.cz\/index.php?rest_route=\/wp\/v2\/posts"}],"about":[{"href":"https:\/\/www.automakers.cz\/index.php?rest_route=\/wp\/v2\/types\/post"}],"author":[{"embeddable":true,"href":"https:\/\/www.automakers.cz\/index.php?rest_route=\/wp\/v2\/users\/1"}],"replies":[{"embeddable":true,"href":"https:\/\/www.automakers.cz\/index.php?rest_route=%2Fwp%2Fv2%2Fcomments&post=19793"}],"version-history":[{"count":3,"href":"https:\/\/www.automakers.cz\/index.php?rest_route=\/wp\/v2\/posts\/19793\/revisions"}],"predecessor-version":[{"id":19797,"href":"https:\/\/www.automakers.cz\/index.php?rest_route=\/wp\/v2\/posts\/19793\/revisions\/19797"}],"wp:featuredmedia":[{"embeddable":true,"href":"https:\/\/www.automakers.cz\/index.php?rest_route=\/wp\/v2\/media\/19795"}],"wp:attachment":[{"href":"https:\/\/www.automakers.cz\/index.php?rest_route=%2Fwp%2Fv2%2Fmedia&parent=19793"}],"wp:term":[{"taxonomy":"category","embeddable":true,"href":"https:\/\/www.automakers.cz\/index.php?rest_route=%2Fwp%2Fv2%2Fcategories&post=19793"},{"taxonomy":"post_tag","embeddable":true,"href":"https:\/\/www.automakers.cz\/index.php?rest_route=%2Fwp%2Fv2%2Ftags&post=19793"}],"curies":[{"name":"wp","href":"https:\/\/api.w.org\/{rel}","templated":true}]}}