{"id":19799,"date":"2026-02-20T09:07:37","date_gmt":"2026-02-20T09:07:37","guid":{"rendered":"https:\/\/www.automakers.cz\/?p=19799"},"modified":"2026-02-20T09:07:37","modified_gmt":"2026-02-20T09:07:37","slug":"toyota-v-polsku-zaklada-obri-recyklacni-tovarnu-na-ojetiny","status":"publish","type":"post","link":"https:\/\/www.automakers.cz\/?p=19799","title":{"rendered":"Toyota v Polsku zakl\u00e1d\u00e1 ob\u0159\u00ed recykla\u010dn\u00ed tov\u00e1rnu na ojetiny"},"content":{"rendered":"<p><strong>Toyota Motor Europe (TME) zakl\u00e1d\u00e1 cirkul\u00e1rn\u00ed tov\u00e1rnu pro auta na konci jejich \u017eivotn\u00edho cyklu v polsk\u00e9m Valb\u0159ichu (Wa\u0142brzych). Recykla\u010dn\u00ed a v\u00fdrobn\u00ed z\u00e1vod se bude rozkl\u00e1dat na plo\u0161e 25 000 metr\u016f \u010dtvere\u010dn\u00edch a ka\u017ed\u00fd rok zpracuje bezm\u00e1la 20 000 vozidel s ukon\u010denou \u017eivotnost\u00ed. <\/strong><!--more--><\/p>\n<p>Tov\u00e1rna rozv\u00edj\u00ed model ob\u011bhov\u00e9ho hospod\u00e1\u0159stv\u00ed s c\u00edlem znovu pou\u017e\u00edt a recyklovat materi\u00e1ly z\u00a0aut a omezit jejich pl\u00fdtv\u00e1n\u00ed. Z\u00e1vod bude z\u00edsk\u00e1vat nejen op\u011btovn\u011b vyu\u017eiteln\u00e9 komponenty, ale i suroviny.<\/p>\n<p>Vybran\u00e9 prvky jako automobilov\u00e9 baterie a kola budou posuzov\u00e1ny z hlediska jejich potenci\u00e1lu pro repasi, druhotn\u00e9 vyu\u017eit\u00ed nebo recyklaci. Toyota m\u00e1 d\u00e1le v \u00famyslu zp\u011btn\u011b z\u00edsk\u00e1vat \u0159adu materi\u00e1l\u016f v\u010detn\u011b m\u011bdi, oceli, hlin\u00edku a plast\u016f za \u00fa\u010delem jejich vyu\u017eit\u00ed v r\u00e1mci v\u00fdroby nov\u00fdch vozidel.<\/p>\n<p><strong>Cirkul\u00e1rn\u00ed tov\u00e1rna<\/strong> roz\u0161\u00ed\u0159\u00ed aktivity st\u00e1vaj\u00edc\u00edho z\u00e1vodu ve Valb\u0159ichu, kter\u00fd ji\u017e dnes vyr\u00e1b\u00ed kl\u00ed\u010dov\u00e9 komponenty pro hybridn\u00ed i konven\u010dn\u00ed pohonn\u00e1 \u00fastroj\u00ed voz\u016f Toyota.<\/p>\n<p><em>\u201eToto je na\u0161e druh\u00e1 cirkul\u00e1rn\u00ed tov\u00e1rna v Evrop\u011b. Prvn\u00ed, kterou jsme otev\u0159eli v roce 2025 v britsk\u00e9m Burnastonu, se stala na\u0161\u00edm srovn\u00e1vac\u00edm m\u011b\u0159\u00edtkem pro rozvoj aktivit na poli ob\u011bhov\u00e9ho hospod\u00e1\u0159stv\u00ed,\u201c <\/em>uvedl <strong>Leon van der Merwe<\/strong>, viceprezident pro ob\u011bhov\u00e9 hospod\u00e1\u0159stv\u00ed ve spole\u010dnosti Toyota Motor Europe.<\/p>\n<p><em>\u201ePolsko jsme zvolili kv\u016fli siln\u00e9mu tr\u017en\u00edmu potenci\u00e1lu v oblasti vozidel na konci \u017eivotnosti, mo\u017enostem recyklace v\u00a0cel\u00e9m dodavatelsk\u00e9m i odb\u011bratelsk\u00e9m \u0159et\u011bzci a p\u0159\u00edtomnosti na\u0161\u00ed zaveden\u00e9 v\u00fdrobn\u00ed infrastruktury. V\u00a0nadch\u00e1zej\u00edc\u00edch letech pl\u00e1nujeme podobn\u00e9 investice uskute\u010dnit i na dal\u0161\u00edch evropsk\u00fdch trz\u00edch,\u201c <\/em>dodal.<\/p>\n<p>Cirkularita je nejen cestou k uhl\u00edkov\u00e9 neutralit\u011b, ale tak\u00e9 jej\u00edm umo\u017e\u0148uj\u00edc\u00edm faktorem. Sni\u017euje popt\u00e1vku po surovin\u00e1ch s vysokou uhl\u00edkovou stopou a posiluje dodavatelsk\u00e9 \u0159et\u011bzce. D\u00edky navrhov\u00e1n\u00ed vozidel s ohledem na op\u011btovn\u00e9 vyu\u017eit\u00ed, repasov\u00e1n\u00ed, recyklaci a materi\u00e1lovou efektivitu m\u016f\u017ee cirkularita p\u0159isp\u011bt ke sni\u017eov\u00e1n\u00ed emis\u00ed v cel\u00e9m hodnotov\u00e9m \u0159et\u011bzci.<\/p>\n<p><img loading=\"lazy\" decoding=\"async\" class=\"alignnone wp-image-19801\" src=\"http:\/\/www.automakers.cz\/wp-content\/uploads\/2026\/02\/toyota_circular_model_scheme-900x506.jpg\" alt=\"\" width=\"959\" height=\"539\" \/><\/p>\n","protected":false},"excerpt":{"rendered":"<p>Toyota Motor Europe (TME) zakl\u00e1d\u00e1 cirkul\u00e1rn\u00ed tov\u00e1rnu pro auta na konci jejich \u017eivotn\u00edho cyklu v&#8230;<\/p>\n","protected":false},"author":2,"featured_media":19800,"comment_status":"closed","ping_status":"closed","sticky":false,"template":"","format":"standard","meta":{"footnotes":""},"categories":[41,57,89],"tags":[],"class_list":["post-19799","post","type-post","status-publish","format-standard","has-post-thumbnail","hentry","category-ekologie","category-emise","category-recyklace"],"_links":{"self":[{"href":"https:\/\/www.automakers.cz\/index.php?rest_route=\/wp\/v2\/posts\/19799","targetHints":{"allow":["GET"]}}],"collection":[{"href":"https:\/\/www.automakers.cz\/index.php?rest_route=\/wp\/v2\/posts"}],"about":[{"href":"https:\/\/www.automakers.cz\/index.php?rest_route=\/wp\/v2\/types\/post"}],"author":[{"embeddable":true,"href":"https:\/\/www.automakers.cz\/index.php?rest_route=\/wp\/v2\/users\/2"}],"replies":[{"embeddable":true,"href":"https:\/\/www.automakers.cz\/index.php?rest_route=%2Fwp%2Fv2%2Fcomments&post=19799"}],"version-history":[{"count":3,"href":"https:\/\/www.automakers.cz\/index.php?rest_route=\/wp\/v2\/posts\/19799\/revisions"}],"predecessor-version":[{"id":19804,"href":"https:\/\/www.automakers.cz\/index.php?rest_route=\/wp\/v2\/posts\/19799\/revisions\/19804"}],"wp:featuredmedia":[{"embeddable":true,"href":"https:\/\/www.automakers.cz\/index.php?rest_route=\/wp\/v2\/media\/19800"}],"wp:attachment":[{"href":"https:\/\/www.automakers.cz\/index.php?rest_route=%2Fwp%2Fv2%2Fmedia&parent=19799"}],"wp:term":[{"taxonomy":"category","embeddable":true,"href":"https:\/\/www.automakers.cz\/index.php?rest_route=%2Fwp%2Fv2%2Fcategories&post=19799"},{"taxonomy":"post_tag","embeddable":true,"href":"https:\/\/www.automakers.cz\/index.php?rest_route=%2Fwp%2Fv2%2Ftags&post=19799"}],"curies":[{"name":"wp","href":"https:\/\/api.w.org\/{rel}","templated":true}]}}