{"id":19805,"date":"2026-02-22T20:18:16","date_gmt":"2026-02-22T20:18:16","guid":{"rendered":"https:\/\/www.automakers.cz\/?p=19805"},"modified":"2026-02-22T20:18:16","modified_gmt":"2026-02-22T20:18:16","slug":"hennlich-otevrel-svuj-3-prumyslovy-areal-v-cr","status":"publish","type":"post","link":"https:\/\/www.automakers.cz\/?p=19805","title":{"rendered":"Hennlich otev\u0159el sv\u016fj 3. pr\u016fmyslov\u00fd are\u00e1l v \u010cR"},"content":{"rendered":"<p class=\"-wm-MsoNormal\"><strong>Stroj\u00edrensk\u00e1 firma HENNLICH otev\u0159ela po Litom\u011b\u0159ic\u00edch a Opav\u011b v pr\u016fmyslov\u00e9 z\u00f3n\u011b na okraji \u017d\u010f\u00e1ru nad S\u00e1zavou nov\u00fd pr\u016fmyslov\u00fd are\u00e1l. Celkov\u00e1 investice dos\u00e1hla 80 milion\u016f korun. <\/strong><!--more--><\/p>\n<p class=\"-wm-MsoNormal\">Are\u00e1l bude slou\u017eit jako s\u00eddlo divize CEMA-TECH, kter\u00e1 ze \u017d\u010f\u00e1ru nad S\u00e1zavou ji\u017e 30 let dod\u00e1v\u00e1 firm\u00e1m syst\u00e9my centr\u00e1ln\u00edho maz\u00e1n\u00ed, d\u00e1vkov\u00e1n\u00ed a nan\u00e1\u0161en\u00ed maziv na plochy a mazac\u00ed techniku. V\u00fdstavbu nov\u00e9 budovy zaji\u0161\u0165ovala spole\u010dnost PKS Stavby podle projektu kancel\u00e1\u0159e Pelik\u00e1n.<\/p>\n<p class=\"-wm-MsoNormal\"><strong>Pavel \u0160umera, jednatel firmy HENNLICH<em>: <\/em><\/strong><em>\u201eOtev\u0159en\u00ed nov\u00e9ho are\u00e1lu ve \u017d\u010f\u00e1ru nad S\u00e1zavou je pro n\u00e1s d\u016fle\u017eit\u00fdm miln\u00edkem. Divize CEMA-TECH m\u00e1 v\u00a0regionu dlouhodob\u011b s\u00eddlo a nov\u00e1 budova j\u00ed d\u00e1v\u00e1 prostor pro dal\u0161\u00ed rozvoj. Z\u00e1kazn\u00edk\u016fm d\u00edky modern\u00edmu servisn\u00edmu skladu, d\u00edln\u00e1m a technick\u00e9mu z\u00e1zem\u00ed nab\u00eddneme je\u0161t\u011b rychlej\u0161\u00ed dod\u00e1vky a kvalitn\u011bj\u0161\u00ed servis. Z\u00e1rove\u0148 jsme p\u0159i n\u00e1vrhu mysleli i na komfort zam\u011bstnanc\u016f i na energetickou efektivitu budovy, co\u017e je pro n\u00e1s samoz\u0159ejmost\u00ed.\u201c<\/em><\/p>\n<p class=\"-wm-MsoNormal\"><strong>Milan Dvo\u0159\u00e1k, vedouc\u00ed divize CEMA-TECH:<\/strong><em>\u00a0\u201ePro n\u00e1\u0161 t\u00fdm znamen\u00e1 nov\u00fd are\u00e1l obrovsk\u00fd posun. M\u00e1me v\u0161echny \u010dinnosti, od projekce p\u0159es mont\u00e1\u017e a\u017e po servisn\u00ed sklad a servis soust\u0159ed\u011bn\u00e9 na jednom m\u00edst\u011b. To n\u00e1m umo\u017en\u00ed pracovat efektivn\u011bji a b\u00fdt z\u00e1kazn\u00edk\u016fm je\u0161t\u011b bl\u00ed\u017e. Nov\u00e9 z\u00e1zem\u00ed n\u00e1m z\u00e1rove\u0148 d\u00e1v\u00e1 prostor r\u016fst a d\u00e1l rozv\u00edjet technick\u00e1 \u0159e\u0161en\u00ed v oblasti centr\u00e1ln\u00edho maz\u00e1n\u00ed.\u201c<\/em><\/p>\n<p class=\"-wm-MsoNormal\">V\u00fdstavba are\u00e1lu v Pr\u016fmyslov\u00e9 z\u00f3n\u011b Jamsk\u00e1 II. na okraji \u017d\u010f\u00e1ru nad S\u00e1zavou za\u010dala v\u00a0polovin\u011b srpna 2024. Hrub\u00e1 stavba byla dokon\u010dena zhruba v\u00a0polovin\u011b roku 2025. Kolaudace prob\u00edhala od podzimu 2025. Na pozemku o rozloze 7500 metr\u016f \u010dtvere\u010dn\u00edch je postaven are\u00e1l se zastav\u011bnou plochou t\u00e9m\u011b\u0159 1000 metr\u016f \u010dtvere\u010dn\u00edch. Budova je v\u00a0prvn\u00ed etap\u011b navr\u017eena pro 25 a\u017e 35 zam\u011bstnanc\u016f. Sou\u010d\u00e1st\u00ed are\u00e1lu jsou kancel\u00e1\u0159e, jednac\u00ed m\u00edstnost, servisn\u00ed sklad, d\u00edlna a showroom. Proto\u017ee je stavba navr\u017eena modul\u00e1rn\u011b, je mo\u017en\u00e9 ji do budoucna je\u0161t\u011b roz\u0161\u00ed\u0159it.<\/p>\n<p class=\"-wm-MsoNormal\">V\u00a0budov\u011b jsou nainstalov\u00e1ny zelen\u00e9 technologie, kter\u00e9 dodala divize firmy HENNLICH G-TERM. Jde o fotovoltaickou elektr\u00e1rnu a vyt\u00e1p\u011bn\u00ed a chlazen\u00ed pomoc\u00ed tepeln\u00fdch \u010derpadel. Budova m\u00e1 tak\u00e9 zelenou st\u0159echu a \u010d\u00e1st fas\u00e1dy pl\u00e1nuje nechat por\u016fst zelen\u00ed. Stejn\u011b jako v\u00a0are\u00e1lu v\u00a0Litom\u011b\u0159ic\u00edch se de\u0161\u0165ov\u00e1 voda bude j\u00edmat do podzemn\u00ed reten\u010dn\u00ed n\u00e1dr\u017ee, odkud se vyu\u017eije na zal\u00e9v\u00e1n\u00ed, ale i jako technick\u00e1 voda v\u00a0budov\u011b.<\/p>\n<p class=\"-wm-MsoNormal\">Firma HENNLICH je v\u00fdznamn\u00fdm pr\u016fmyslov\u00fdm distributorem a v\u00fdrobcem pr\u016fmyslov\u00fdch za\u0159\u00edzen\u00ed. Zab\u00fdv\u00e1 se dod\u00e1vkami komponent a pr\u016fmyslov\u00fdch celk\u016f pro mnoho odv\u011btv\u00ed. Tr\u017eby firmy se v\u00a0posledn\u00edch letech pohybuj\u00ed na \u00farovni 1,1 miliardy korun. Divize CEMA-TECH je jednou z\u00a0deseti diviz\u00ed firmy a prim\u00e1rn\u011b se zam\u011b\u0159uje na dod\u00e1vky syst\u00e9m\u016f centr\u00e1ln\u00edho maz\u00e1n\u00ed a mazac\u00ed techniky pro pr\u016fmysl v\u00a0\u010cesku a na Slovensku.<\/p>\n<p><img loading=\"lazy\" decoding=\"async\" class=\"alignnone wp-image-19807\" src=\"http:\/\/www.automakers.cz\/wp-content\/uploads\/2026\/02\/HENNLICH-Zdar-otevreni-1-900x600.jpg\" alt=\"\" width=\"981\" height=\"654\" \/><\/p>\n","protected":false},"excerpt":{"rendered":"<p>Stroj\u00edrensk\u00e1 firma HENNLICH otev\u0159ela po Litom\u011b\u0159ic\u00edch a Opav\u011b v pr\u016fmyslov\u00e9 z\u00f3n\u011b na okraji \u017d\u010f\u00e1ru nad&#8230;<\/p>\n","protected":false},"author":2,"featured_media":19806,"comment_status":"closed","ping_status":"closed","sticky":false,"template":"","format":"standard","meta":{"footnotes":""},"categories":[23,3],"tags":[],"class_list":["post-19805","post","type-post","status-publish","format-standard","has-post-thumbnail","hentry","category-dodavatele","category-investice"],"_links":{"self":[{"href":"https:\/\/www.automakers.cz\/index.php?rest_route=\/wp\/v2\/posts\/19805","targetHints":{"allow":["GET"]}}],"collection":[{"href":"https:\/\/www.automakers.cz\/index.php?rest_route=\/wp\/v2\/posts"}],"about":[{"href":"https:\/\/www.automakers.cz\/index.php?rest_route=\/wp\/v2\/types\/post"}],"author":[{"embeddable":true,"href":"https:\/\/www.automakers.cz\/index.php?rest_route=\/wp\/v2\/users\/2"}],"replies":[{"embeddable":true,"href":"https:\/\/www.automakers.cz\/index.php?rest_route=%2Fwp%2Fv2%2Fcomments&post=19805"}],"version-history":[{"count":3,"href":"https:\/\/www.automakers.cz\/index.php?rest_route=\/wp\/v2\/posts\/19805\/revisions"}],"predecessor-version":[{"id":19822,"href":"https:\/\/www.automakers.cz\/index.php?rest_route=\/wp\/v2\/posts\/19805\/revisions\/19822"}],"wp:featuredmedia":[{"embeddable":true,"href":"https:\/\/www.automakers.cz\/index.php?rest_route=\/wp\/v2\/media\/19806"}],"wp:attachment":[{"href":"https:\/\/www.automakers.cz\/index.php?rest_route=%2Fwp%2Fv2%2Fmedia&parent=19805"}],"wp:term":[{"taxonomy":"category","embeddable":true,"href":"https:\/\/www.automakers.cz\/index.php?rest_route=%2Fwp%2Fv2%2Fcategories&post=19805"},{"taxonomy":"post_tag","embeddable":true,"href":"https:\/\/www.automakers.cz\/index.php?rest_route=%2Fwp%2Fv2%2Ftags&post=19805"}],"curies":[{"name":"wp","href":"https:\/\/api.w.org\/{rel}","templated":true}]}}