{"id":19809,"date":"2026-02-21T10:35:55","date_gmt":"2026-02-21T10:35:55","guid":{"rendered":"https:\/\/www.automakers.cz\/?p=19809"},"modified":"2026-02-21T10:35:55","modified_gmt":"2026-02-21T10:35:55","slug":"znacka-mg-prodala-v-evrope-1-milion-vozu","status":"publish","type":"post","link":"https:\/\/www.automakers.cz\/?p=19809","title":{"rendered":"Zna\u010dka MG prodala v Evrop\u011b 1 milion voz\u016f"},"content":{"rendered":"<p><strong>MG Motor v Evrop\u011b dodala miliont\u00fd v\u016fz. Zna\u010dka, kter\u00e1 se na sv\u016fj dom\u00e1c\u00ed britsk\u00fd trh vr\u00e1tila v roce 2011 s modelem MG6 , nyn\u00ed na kontinent\u011b p\u016fsob\u00ed s v\u00edce ne\u017e 1 300 dealery a zastoupen\u00edm ve 34 zem\u00edch. <\/strong><!--more--><\/p>\n<p>Jedn\u00edm z hlavn\u00edch faktor\u016f r\u016fstu zna\u010dky MG je schopnost nab\u00edzet dostupn\u00e9, nadstandardn\u011b vybaven\u00e9 vozy ve v\u0161ech stupn\u00edch elektrifikace. V\u00fdznamn\u00fdm \u00fasp\u011bchem v elektrifikovan\u00e9m segmentu se stal p\u016fvodn\u00ed model MG4 Electric. MG od t\u00e9 doby v Evrop\u011b dodalo evropsk\u00fdm z\u00e1kazn\u00edk\u016fm 317 000 elektromobil\u016f, a postupn\u011b v tomto segmentu nab\u00eddku roz\u0161i\u0159uje o modely MGS5 EV nebo nov\u00fd elektrick\u00fd hatchback MG4 Urban, kter\u00fd na \u010desk\u00fd trh doraz\u00ed na ja\u0159e roku 2026.<\/p>\n<p>Krom\u011b dostupn\u00fdch voz\u016f ur\u010den\u00fdch pro v\u0161echny MG uvedlo na evropsk\u00fd trh tak\u00e9 sportovn\u00ed model MG Cyberster, kter\u00fd spojuje historii roadster\u016f MG a modern\u00ed technologie a v\u00fdkon. MG Cyberster navr\u017een\u00fd v lond\u00fdnsk\u00e9m designov\u00e9m studiu spole\u010dnosti sehr\u00e1l kl\u00ed\u010dovou roli p\u0159i oslav\u00e1ch 100. v\u00fdro\u010d\u00ed zna\u010dky MG na festivalu Goodwood Festival of Speed.<\/p>\n<p>MG v Evrop\u011b zaznamenalo v\u00fdrazn\u00fd n\u00e1r\u016fst objedn\u00e1vek b\u011bhem roku 2025 tak\u00e9 d\u00edky vysoce efektivn\u00edm a dostupn\u00fdm model\u016fm Hybrid+, jich\u017e se prodalo v\u00edce ne\u017e 139 000. Technologie Hybrid+ boduje nejen v r\u00e1mci Evropy, ale i v \u010cesk\u00e9 republice, kde prodeje bestselleru MG ZS tvo\u0159\u00ed z 50 % pr\u00e1v\u011b hybridy.<\/p>\n<p><strong>Prodeje MG v Evrop\u011b\u00a02025:<\/strong> 300 000 (30 % n\u00e1r\u016fst vs 2024)<\/p>\n<p><strong>Prodeje MG Hybrid+ 2025:<\/strong> 139 000<\/p>\n<p><strong>Nejprod\u00e1van\u011bj\u0161\u00ed model od 2011:<\/strong> MG ZS \u2013 424 000 voz\u016f<\/p>\n<p><strong>Prodej elektromobil\u016f od 2011:<\/strong> 317 000<\/p>\n<p><img loading=\"lazy\" decoding=\"async\" class=\"alignnone size-medium wp-image-8954\" src=\"http:\/\/www.automakers.cz\/wp-content\/uploads\/2024\/11\/MG-Kralicek-TK-Salon-small-900x600.jpg\" alt=\"\" width=\"900\" height=\"600\" \/><strong>Martin Kr\u00e1l\u00ed\u010dek, Gener\u00e1ln\u00ed \u0159editel MG Motor Czech<\/strong> k v\u00fdznamn\u00e9mu miln\u00edku dod\u00e1v\u00e1:<\/p>\n<p>\u201eMG se d\u00edky dod\u00e1n\u00ed miliont\u00e9ho vozu evropsk\u00e9mu z\u00e1kazn\u00edkovi \u00fasp\u011b\u0161n\u011b vr\u00e1tilo do hlavn\u00edho proudu evropsk\u00e9ho automobilov\u00e9ho trhu. D\u00edky bohat\u00e9 historii, efektivn\u00edm technologi\u00edm a rozvoji nyn\u00ed dok\u00e1\u017ee naplnit o\u010dek\u00e1v\u00e1n\u00ed evropsk\u00e9ho z\u00e1kazn\u00edka. Kl\u00ed\u010dovou slo\u017ekou jsou ale i poprodejn\u00ed slu\u017eby, kter\u00e9 m\u00e1 MG na skv\u011bl\u00e9 \u00farovni a aktu\u00e1ln\u011b se o \u010desk\u00e9 z\u00e1kazn\u00edky star\u00e1 29 servisn\u00edch m\u00edst po cel\u00e9 republice. Sou\u010dasn\u00e9 MG si v\u0161ak znovu vydobylo v\u00fdznamnou pozici tak\u00e9 t\u00edm, \u017ee z\u00e1kazn\u00edk\u016fm nab\u00edz\u00ed \u0161irokou \u0161k\u00e1lu model\u016f a uplat\u0148uje progresivn\u00ed p\u0159\u00edstup, zejm\u00e9na v oblasti hybridn\u00edch a elektrick\u00fdch vozidel a z\u00e1rove\u0148 investuje do relevantn\u00edch a cenov\u011b dostupn\u00fdch technologi\u00ed.\u201c<\/p>\n<p>MG Motor v prvn\u00ed polovin\u011b roku 2026 p\u0159edstav\u00ed v \u010cesk\u00e9 republice dv\u011b novinky \u2013 elektrick\u00fd hatchback MG4 Urban a velk\u00e9 7m\u00edstn\u00e9 SUV.<\/p>\n<p>&nbsp;<\/p>\n","protected":false},"excerpt":{"rendered":"<p>MG Motor v Evrop\u011b dodala miliont\u00fd v\u016fz. Zna\u010dka, kter\u00e1 se na sv\u016fj dom\u00e1c\u00ed britsk\u00fd trh&#8230;<\/p>\n","protected":false},"author":2,"featured_media":19810,"comment_status":"closed","ping_status":"closed","sticky":false,"template":"","format":"standard","meta":{"footnotes":""},"categories":[11,53],"tags":[],"class_list":["post-19809","post","type-post","status-publish","format-standard","has-post-thumbnail","hentry","category-importeri","category-vysledky"],"_links":{"self":[{"href":"https:\/\/www.automakers.cz\/index.php?rest_route=\/wp\/v2\/posts\/19809","targetHints":{"allow":["GET"]}}],"collection":[{"href":"https:\/\/www.automakers.cz\/index.php?rest_route=\/wp\/v2\/posts"}],"about":[{"href":"https:\/\/www.automakers.cz\/index.php?rest_route=\/wp\/v2\/types\/post"}],"author":[{"embeddable":true,"href":"https:\/\/www.automakers.cz\/index.php?rest_route=\/wp\/v2\/users\/2"}],"replies":[{"embeddable":true,"href":"https:\/\/www.automakers.cz\/index.php?rest_route=%2Fwp%2Fv2%2Fcomments&post=19809"}],"version-history":[{"count":6,"href":"https:\/\/www.automakers.cz\/index.php?rest_route=\/wp\/v2\/posts\/19809\/revisions"}],"predecessor-version":[{"id":19820,"href":"https:\/\/www.automakers.cz\/index.php?rest_route=\/wp\/v2\/posts\/19809\/revisions\/19820"}],"wp:featuredmedia":[{"embeddable":true,"href":"https:\/\/www.automakers.cz\/index.php?rest_route=\/wp\/v2\/media\/19810"}],"wp:attachment":[{"href":"https:\/\/www.automakers.cz\/index.php?rest_route=%2Fwp%2Fv2%2Fmedia&parent=19809"}],"wp:term":[{"taxonomy":"category","embeddable":true,"href":"https:\/\/www.automakers.cz\/index.php?rest_route=%2Fwp%2Fv2%2Fcategories&post=19809"},{"taxonomy":"post_tag","embeddable":true,"href":"https:\/\/www.automakers.cz\/index.php?rest_route=%2Fwp%2Fv2%2Ftags&post=19809"}],"curies":[{"name":"wp","href":"https:\/\/api.w.org\/{rel}","templated":true}]}}