{"id":19864,"date":"2026-02-24T09:47:24","date_gmt":"2026-02-24T09:47:24","guid":{"rendered":"https:\/\/www.automakers.cz\/?p=19864"},"modified":"2026-02-24T09:47:24","modified_gmt":"2026-02-24T09:47:24","slug":"podil-elektromobilu-na-novych-registracich-v-eu-dosahl-193","status":"publish","type":"post","link":"https:\/\/www.automakers.cz\/?p=19864","title":{"rendered":"Pod\u00edl elektromobil\u016f na nov\u00fdch registrac\u00edch v EU dos\u00e1hl 19,3 %"},"content":{"rendered":"<p><strong>Registrace osobn\u00edch bateriov\u00fdch elektromobil\u016f v Evropsk\u00e9 unii se v lednu meziro\u010dn\u011b zv\u00fd\u0161ily o 24,2 % na t\u00e9m\u011b\u0159 155 tis\u00edc nov\u011b registrovan\u00fdch vozidel. \u010cesk\u00e1 republika naopak zaznamenala pokles o 4,2 % a pod\u00edl elektromobil\u016f na nov\u00fdch registrac\u00edch z\u016fst\u00e1v\u00e1 v\u00fdrazn\u011b pod evropsk\u00fdm pr\u016fm\u011brem.<\/strong><!--more--><\/p>\n<p>Zat\u00edmco v EU dos\u00e1hl tr\u017en\u00ed pod\u00edl bateriov\u00fdch elektromobil\u016f 19,3 % (14,9 % v lednu 2025), v \u010cesk\u00e9 republice \u010dinil 5,2 % (5,1 % v lednu 2025).<\/p>\n<p>\u00dadaje vych\u00e1zej\u00ed z aktualizovan\u00fdch dat webu\u00a0<a title=\"\u010cist\u00e1 doprava\" href=\"https:\/\/go.sparkpostmail.com\/f\/a\/s0WnuN05PoMqYGOIjfP7gw~~\/AAA-fBA~\/wsUPMtTepYWXtlx2U0NuWsQEq2TqS7RcF2SadufeEZQVcbEZnyZZUpEam0TrngcT0-69ZKWZ0vHyHlj458N3paiBKmyx5vxnDHaDGf2iDOzRcJPZ9K33zxWR3O_hl7v1\" target=\"_blank\" rel=\"noopener noreferrer\">cistadoprava.cz<\/a>, kter\u00e1 vych\u00e1zej\u00ed ze<a title=\"Registrace nov\u00fdch osobn\u00edch vozidel v EU\" href=\"https:\/\/go.sparkpostmail.com\/f\/a\/VWyJGMsuNve_5Gypz8ky9A~~\/AAA-fBA~\/xFdlxBx0iYPW0ZysBAmszTWYZUz9mvPyovm3lGbV16g-eG8THOtAKAJJJeTaG0p2TQMKm4Ykx2u_g_FqTu1_AuNHv_HJgxTOz9LULEOfSsPHlQO4wbHhFVfJG2UaT8_zANGO0-KMTUm1qGHarFUVfnUfoj-NiqvcAn9eifUPNjo~\" target=\"_blank\" rel=\"noopener noreferrer\"> statistik Evropsk\u00e9ho sdru\u017een\u00ed v\u00fdrobc\u016f automobil\u016f<\/a> a dal\u0161\u00edch relevantn\u00edch zdroj\u016f.<\/p>\n<p>V lednu 2026 bylo v Evropsk\u00e9 unii registrov\u00e1no 799\u00a0625 nov\u00fdch osobn\u00edch automobil\u016f, co\u017e p\u0159edstavuje meziro\u010dn\u00ed pokles o 3,9\u00a0%. V\u00fdvoj na hlavn\u00edch trz\u00edch nebyl jednotn\u00fd. Zat\u00edmco It\u00e1lie zaznamenala r\u016fst o 6,2\u00a0% a \u0160pan\u011blsko o 1,1\u00a0%, nejv\u011bt\u0161\u00ed trhy \u2013 N\u011bmecko a Francie \u2013 vyk\u00e1zaly shodn\u00fd pokles o 6,6\u00a0%. Pokles registrac\u00ed byl patrn\u00fd tak\u00e9 v \u010cesk\u00e9 republice, kde se trh meziro\u010dn\u011b sn\u00ed\u017eil o 6,7\u00a0%.<\/p>\n<p><strong>Zdroj a graf: CDV<\/strong><\/p>\n<p><img loading=\"lazy\" decoding=\"async\" class=\"alignnone size-medium wp-image-19866\" src=\"http:\/\/www.automakers.cz\/wp-content\/uploads\/2026\/02\/Graf-CDV-Nove-osobni-bateriove-elektromobily-v-EU-leden-2026-675x900.png\" alt=\"\" width=\"675\" height=\"900\" srcset=\"https:\/\/www.automakers.cz\/wp-content\/uploads\/2026\/02\/Graf-CDV-Nove-osobni-bateriove-elektromobily-v-EU-leden-2026-675x900.png 675w, https:\/\/www.automakers.cz\/wp-content\/uploads\/2026\/02\/Graf-CDV-Nove-osobni-bateriove-elektromobily-v-EU-leden-2026.png 720w\" sizes=\"auto, (max-width: 675px) 100vw, 675px\" \/><\/p>\n<p>&nbsp;<\/p>\n","protected":false},"excerpt":{"rendered":"<p>Registrace osobn\u00edch bateriov\u00fdch elektromobil\u016f v Evropsk\u00e9 unii se v lednu meziro\u010dn\u011b zv\u00fd\u0161ily o 24,2 %&#8230;<\/p>\n","protected":false},"author":1,"featured_media":17353,"comment_status":"closed","ping_status":"closed","sticky":false,"template":"","format":"standard","meta":{"footnotes":""},"categories":[9,48,10],"tags":[],"class_list":["post-19864","post","type-post","status-publish","format-standard","has-post-thumbnail","hentry","category-elektromobily","category-registrace","category-statistika"],"_links":{"self":[{"href":"https:\/\/www.automakers.cz\/index.php?rest_route=\/wp\/v2\/posts\/19864","targetHints":{"allow":["GET"]}}],"collection":[{"href":"https:\/\/www.automakers.cz\/index.php?rest_route=\/wp\/v2\/posts"}],"about":[{"href":"https:\/\/www.automakers.cz\/index.php?rest_route=\/wp\/v2\/types\/post"}],"author":[{"embeddable":true,"href":"https:\/\/www.automakers.cz\/index.php?rest_route=\/wp\/v2\/users\/1"}],"replies":[{"embeddable":true,"href":"https:\/\/www.automakers.cz\/index.php?rest_route=%2Fwp%2Fv2%2Fcomments&post=19864"}],"version-history":[{"count":3,"href":"https:\/\/www.automakers.cz\/index.php?rest_route=\/wp\/v2\/posts\/19864\/revisions"}],"predecessor-version":[{"id":19868,"href":"https:\/\/www.automakers.cz\/index.php?rest_route=\/wp\/v2\/posts\/19864\/revisions\/19868"}],"wp:featuredmedia":[{"embeddable":true,"href":"https:\/\/www.automakers.cz\/index.php?rest_route=\/wp\/v2\/media\/17353"}],"wp:attachment":[{"href":"https:\/\/www.automakers.cz\/index.php?rest_route=%2Fwp%2Fv2%2Fmedia&parent=19864"}],"wp:term":[{"taxonomy":"category","embeddable":true,"href":"https:\/\/www.automakers.cz\/index.php?rest_route=%2Fwp%2Fv2%2Fcategories&post=19864"},{"taxonomy":"post_tag","embeddable":true,"href":"https:\/\/www.automakers.cz\/index.php?rest_route=%2Fwp%2Fv2%2Ftags&post=19864"}],"curies":[{"name":"wp","href":"https:\/\/api.w.org\/{rel}","templated":true}]}}