{"id":1988,"date":"2024-02-07T09:49:41","date_gmt":"2024-02-07T09:49:41","guid":{"rendered":"https:\/\/www.automakers.cz\/?p=1988"},"modified":"2024-02-07T09:51:07","modified_gmt":"2024-02-07T09:51:07","slug":"nastava-zlom-v-propadu-ceskeho-prumyslu","status":"publish","type":"post","link":"https:\/\/www.automakers.cz\/?p=1988","title":{"rendered":"Nast\u00e1v\u00e1 zlom v propadu \u010desk\u00e9ho pr\u016fmyslu?"},"content":{"rendered":"<p><strong>V\u00fdvoj pr\u016fmyslov\u00e9 produkce v prosinci potvrdil, \u017ee lo\u0148sk\u00fd rok byl pro \u010desk\u00fd pr\u016fmysl v\u00edce ne\u017e \u0161patn\u00fd. Pr\u016fmyslov\u00e1 v\u00fdroba v posledn\u00edm m\u011bs\u00edci roku 2023 meziro\u010dn\u011b klesla o 0,7 %. Ze \u0161patn\u00fdch v\u00fdsledk\u016f velk\u00e9 \u010d\u00e1sti pr\u016fmyslov\u00fdch odv\u011btv\u00ed se vymyk\u00e1 v\u00fdroba automobil\u016f s r\u016fstem o 11,8 %, co\u017e ostatn\u011b platilo pro v\u011bt\u0161\u00ed \u010d\u00e1st druh\u00e9ho pololet\u00ed.<\/strong><!--more--><\/p>\n<p>S dlouhodob\u00fdmi probl\u00e9my se naopak pot\u00fdk\u00e1 p\u0159edev\u0161\u00edm \u010desk\u00e9 stroj\u00edrenstv\u00ed. Z d\u0159\u00edv\u011bj\u0161\u00edho premianta pr\u016fmyslov\u00e9 v\u00fdroby se stalo odv\u011btv\u00edm, kter\u00e9 ji sp\u00ed\u0161e t\u00e1hne dol\u016f. I vinou probl\u00e9m\u016f stroj\u00edrenstv\u00ed skon\u010dil cel\u00fd lo\u0148sk\u00fd rok pro \u010desk\u00fd pr\u016fmysl nelichotiv\u011b; pr\u016fmyslov\u00e1 produkce byla v roce 2023 meziro\u010dn\u011b ni\u017e\u0161\u00ed o 0,4 %,\u201cuv\u00e1d\u00ed Petr Kymli\u010dka, partner poradensk\u00e9 skupiny Moore Czech Republic.<\/p>\n<p>\u201eHlavn\u00edm d\u016fvodem lo\u0148sk\u00e9ho negativn\u00edho v\u00fdvoje \u010desk\u00e9ho pr\u016fmyslu byl pokles popt\u00e1vky. Hodnota nov\u00fdch zak\u00e1zek v roce 2023 meziro\u010dn\u011b klesla o 1,7 %. Nicm\u00e9n\u011b z\u00e1v\u011br roku nazna\u010doval mo\u017en\u00fd zlom, kter\u00fd by mohl p\u0159in\u00e9st o\u017eiven\u00ed v leto\u0161n\u00edm roce. Hodnota nov\u00fdch zak\u00e1zek v prosinci 2023 meziro\u010dn\u011b vzrostla o 0,9 %. Ji\u017e v listopadu 2023 nov\u00e9 zak\u00e1zky meziro\u010dn\u011b vzrostly o 0,2 % a p\u0159eru\u0161ily tak propad, kter\u00fd trval p\u016fl roku v \u0159ad\u011b,\u201c upozor\u0148uje Petr Kymli\u010dka.<\/p>\n<p>\u201eMo\u017enou zm\u011bnu trendu nazna\u010duje i Index n\u00e1kupn\u00edch mana\u017eer\u016f (PMI). Ten se sice po prosincov\u00e9m poklesu sn\u00ed\u017eil i v lednu na 43 body, nicm\u00e9n\u011b jde o druh\u00fd nejpomalej\u0161\u00ed pokles od lo\u0148sk\u00e9ho b\u0159ezna. Hranice 50 bod\u016f PMI indikuje recesi sektoru. V tomto p\u00e1smu se nach\u00e1z\u00ed \u010desk\u00fd pr\u016fmysl ji\u017e od \u010dervna 2022. Jako hlavn\u00ed d\u016fvod stagnace vid\u00ed firmy pokles nov\u00fdch zak\u00e1zek, na druhou stranu ve v\u00fdhledu na leto\u0161n\u00ed rok za\u010d\u00ednaj\u00ed b\u00fdt mana\u017ee\u0159i pr\u016fmyslov\u00fdch firem ji\u017e optimisti\u010dt\u011bj\u0161\u00ed a v\u011b\u0159\u00ed, \u017ee letos dojde k o\u017eiven\u00ed dom\u00e1c\u00ed i zahrani\u010dn\u00ed popt\u00e1vky. Vzhledem k probl\u00e9m\u016fm n\u011bmeck\u00e9 ekonomiky, jej\u00ed\u017e r\u016fst v minul\u00fdch letech t\u00e1hl r\u016fst na\u0161eho hospod\u00e1\u0159stv\u00ed, mus\u00edme spol\u00e9hat zejm\u00e9na na dom\u00e1c\u00ed popt\u00e1vku. Po poklesu \u010desk\u00e9ho HDP v roce 2023, kdy se \u010cesk\u00e1 republika jako jedin\u00e1 zem\u011b EU nevr\u00e1tila na \u00farove\u0148 z doby p\u0159ed pandemi\u00ed covid, je r\u016fst dom\u00e1c\u00ed popt\u00e1vky pro ekonomiku z\u00e1sadn\u00ed,\u201c komentuje Petr Kymli\u010dka.<\/p>\n<figure id=\"attachment_781\" aria-describedby=\"caption-attachment-781\" style=\"width: 900px\" class=\"wp-caption alignnone\"><img loading=\"lazy\" decoding=\"async\" class=\"size-medium wp-image-781\" src=\"http:\/\/www.automakers.cz\/wp-content\/uploads\/2023\/12\/Foto_Petr-Kymlicka_3-900x838.jpg\" alt=\"\" width=\"900\" height=\"838\" \/><figcaption id=\"caption-attachment-781\" class=\"wp-caption-text\">Petr Kymli\u010dka, partner analytick\u00e9 Moore Czewch Republic<\/figcaption><\/figure>\n<p><strong>\u00a0<\/strong><\/p>\n<p>&nbsp;<\/p>\n","protected":false},"excerpt":{"rendered":"<p>V\u00fdvoj pr\u016fmyslov\u00e9 produkce v prosinci potvrdil, \u017ee lo\u0148sk\u00fd rok byl pro \u010desk\u00fd pr\u016fmysl v\u00edce ne\u017e&#8230;<\/p>\n","protected":false},"author":1,"featured_media":303,"comment_status":"open","ping_status":"open","sticky":false,"template":"","format":"standard","meta":{"footnotes":""},"categories":[42,10],"tags":[],"class_list":["post-1988","post","type-post","status-publish","format-standard","has-post-thumbnail","hentry","category-analyza","category-statistika"],"_links":{"self":[{"href":"https:\/\/www.automakers.cz\/index.php?rest_route=\/wp\/v2\/posts\/1988","targetHints":{"allow":["GET"]}}],"collection":[{"href":"https:\/\/www.automakers.cz\/index.php?rest_route=\/wp\/v2\/posts"}],"about":[{"href":"https:\/\/www.automakers.cz\/index.php?rest_route=\/wp\/v2\/types\/post"}],"author":[{"embeddable":true,"href":"https:\/\/www.automakers.cz\/index.php?rest_route=\/wp\/v2\/users\/1"}],"replies":[{"embeddable":true,"href":"https:\/\/www.automakers.cz\/index.php?rest_route=%2Fwp%2Fv2%2Fcomments&post=1988"}],"version-history":[{"count":3,"href":"https:\/\/www.automakers.cz\/index.php?rest_route=\/wp\/v2\/posts\/1988\/revisions"}],"predecessor-version":[{"id":1991,"href":"https:\/\/www.automakers.cz\/index.php?rest_route=\/wp\/v2\/posts\/1988\/revisions\/1991"}],"wp:featuredmedia":[{"embeddable":true,"href":"https:\/\/www.automakers.cz\/index.php?rest_route=\/wp\/v2\/media\/303"}],"wp:attachment":[{"href":"https:\/\/www.automakers.cz\/index.php?rest_route=%2Fwp%2Fv2%2Fmedia&parent=1988"}],"wp:term":[{"taxonomy":"category","embeddable":true,"href":"https:\/\/www.automakers.cz\/index.php?rest_route=%2Fwp%2Fv2%2Fcategories&post=1988"},{"taxonomy":"post_tag","embeddable":true,"href":"https:\/\/www.automakers.cz\/index.php?rest_route=%2Fwp%2Fv2%2Ftags&post=1988"}],"curies":[{"name":"wp","href":"https:\/\/api.w.org\/{rel}","templated":true}]}}