{"id":19907,"date":"2026-02-25T12:18:49","date_gmt":"2026-02-25T12:18:49","guid":{"rendered":"https:\/\/www.automakers.cz\/?p=19907"},"modified":"2026-02-25T12:40:38","modified_gmt":"2026-02-25T12:40:38","slug":"mitsubishi-grandis-s-novou-ambasadorkou","status":"publish","type":"post","link":"https:\/\/www.automakers.cz\/?p=19907","title":{"rendered":"Mitsubishi Grandis s novou ambasadorkou"},"content":{"rendered":"<p><strong>\u010cesk\u00e9 Mitsubishi Motors m\u00e1 novou ambasadorku pro Grandis, Mark\u00e9tu Konvi\u010dkovou. Podle automobilky je zp\u011bva\u010dka stejn\u011b jako uveden\u00fd model symbolem energie, autenticity a rodinn\u00fdch hodnot. Import si od spolupr\u00e1ce slibuje podporu um\u011blkyn\u011b na soci\u00e1ln\u00edch s\u00edt\u00edch!<\/strong><!--more--><\/p>\n<p>\u201eMark\u00e9ta Konvi\u010dkov\u00e1 je pro n\u00e1s p\u0159irozenou volbou. Jej\u00ed energie, otev\u0159enost a d\u016fraz na rodinu p\u0159esn\u011b odpov\u00eddaj\u00ed hodnot\u00e1m, kter\u00e9 s modelem Grandis komunikujeme. V\u011b\u0159\u00edme, \u017ee tato spolupr\u00e1ce oslov\u00ed \u0161irokou skupinu z\u00e1kazn\u00edk\u016f, kte\u0159\u00ed hledaj\u00ed\u00a0<strong>v\u016fz pro skute\u010dn\u00fd \u017eivot<\/strong>,\u201c \u0159\u00edk\u00e1 Adam Pr\u016f\u0161a, Marketing &amp; PR Director Mitsubishi Motors \u010cesk\u00e1 republika.<\/p>\n<p>Sama Mark\u00e9ta Konvi\u010dkov\u00e1 ke spolupr\u00e1ci dod\u00e1v\u00e1: \u201eAuto je pro m\u011b ka\u017edodenn\u00ed sou\u010d\u00e1st\u00ed \u017eivota. Pot\u0159ebuji prostor, pohodl\u00ed a jistotu.\u00a0<strong>Grandis mi d\u00e1v\u00e1 p\u0159esn\u011b to, co jako m\u00e1ma i aktivn\u00ed \u017eena pot\u0159ebuji.<\/strong>\u201c<\/p>\n<p><img loading=\"lazy\" decoding=\"async\" class=\"alignnone size-medium wp-image-19910\" src=\"http:\/\/www.automakers.cz\/wp-content\/uploads\/2026\/02\/Mitsubishi-Grandis-Konvickova-900x600.jpg\" alt=\"\" width=\"900\" height=\"600\" \/>C\u00edlem akce je autenticky p\u0159edstavit model Grandis v re\u00e1ln\u00fdch situac\u00edch ka\u017edodenn\u00edho \u017eivota a zd\u016fraznit jeho hlavn\u00ed benefity: prostor, bezpe\u010dnost a spolehlivost <strong>podpo\u0159enou a\u017e 8letou z\u00e1rukou<\/strong>.<\/p>\n<p>&#8222;Spolupr\u00e1ce bude st\u00e1t p\u0159edev\u0161\u00edm na intenzivn\u00ed komunikaci na soci\u00e1ln\u00edch s\u00edt\u00edch, kde Mark\u00e9ta p\u0159irozen\u011b sd\u00edl\u00ed sv\u016fj ka\u017edodenn\u00ed \u017eivot. Pr\u00e1v\u011b zde bude model Grandis p\u0159edstavov\u00e1n autenticky \u2013 v b\u011b\u017en\u00fdch situac\u00edch spojen\u00fdch s rodinou, cestov\u00e1n\u00edm i pracovn\u00edmi povinnostmi. D\u016fraz bude kladen na <strong>re\u00e1ln\u00e9 zku\u0161enosti<\/strong>,\u00a0<strong>praktick\u00e9 vyu\u017eit\u00ed prostoru<\/strong>,\u00a0<strong>komfort<\/strong>\u00a0p\u0159i del\u0161\u00edch p\u0159esunech i\u00a0<strong>pocit bezpe\u010d\u00ed<\/strong>, kter\u00fd v\u016fz poskytuje,&#8220; uvedla zna\u010dka.<\/p>\n<p><strong>Zdroj: M Motors<\/strong><\/p>\n<p><img loading=\"lazy\" decoding=\"async\" class=\"alignnone size-medium wp-image-19911\" src=\"http:\/\/www.automakers.cz\/wp-content\/uploads\/2026\/02\/Mitsubishi-Konvickova-podpis-900x600.jpg\" alt=\"\" width=\"900\" height=\"600\" \/><\/p>\n","protected":false},"excerpt":{"rendered":"<p>\u010cesk\u00e9 Mitsubishi Motors m\u00e1 novou ambasadorku pro Grandis, Mark\u00e9tu Konvi\u010dkovou. Podle automobilky je zp\u011bva\u010dka stejn\u011b&#8230;<\/p>\n","protected":false},"author":1,"featured_media":19909,"comment_status":"closed","ping_status":"closed","sticky":false,"template":"","format":"standard","meta":{"footnotes":""},"categories":[11,36,29],"tags":[],"class_list":["post-19907","post","type-post","status-publish","format-standard","has-post-thumbnail","hentry","category-importeri","category-marketing","category-sponzoring"],"_links":{"self":[{"href":"https:\/\/www.automakers.cz\/index.php?rest_route=\/wp\/v2\/posts\/19907","targetHints":{"allow":["GET"]}}],"collection":[{"href":"https:\/\/www.automakers.cz\/index.php?rest_route=\/wp\/v2\/posts"}],"about":[{"href":"https:\/\/www.automakers.cz\/index.php?rest_route=\/wp\/v2\/types\/post"}],"author":[{"embeddable":true,"href":"https:\/\/www.automakers.cz\/index.php?rest_route=\/wp\/v2\/users\/1"}],"replies":[{"embeddable":true,"href":"https:\/\/www.automakers.cz\/index.php?rest_route=%2Fwp%2Fv2%2Fcomments&post=19907"}],"version-history":[{"count":4,"href":"https:\/\/www.automakers.cz\/index.php?rest_route=\/wp\/v2\/posts\/19907\/revisions"}],"predecessor-version":[{"id":19915,"href":"https:\/\/www.automakers.cz\/index.php?rest_route=\/wp\/v2\/posts\/19907\/revisions\/19915"}],"wp:featuredmedia":[{"embeddable":true,"href":"https:\/\/www.automakers.cz\/index.php?rest_route=\/wp\/v2\/media\/19909"}],"wp:attachment":[{"href":"https:\/\/www.automakers.cz\/index.php?rest_route=%2Fwp%2Fv2%2Fmedia&parent=19907"}],"wp:term":[{"taxonomy":"category","embeddable":true,"href":"https:\/\/www.automakers.cz\/index.php?rest_route=%2Fwp%2Fv2%2Fcategories&post=19907"},{"taxonomy":"post_tag","embeddable":true,"href":"https:\/\/www.automakers.cz\/index.php?rest_route=%2Fwp%2Fv2%2Ftags&post=19907"}],"curies":[{"name":"wp","href":"https:\/\/api.w.org\/{rel}","templated":true}]}}