{"id":20075,"date":"2026-03-04T10:48:59","date_gmt":"2026-03-04T10:48:59","guid":{"rendered":"https:\/\/www.automakers.cz\/?p=20075"},"modified":"2026-03-04T14:21:50","modified_gmt":"2026-03-04T14:21:50","slug":"brno-startuje-vystavu-motosalon-2026","status":"publish","type":"post","link":"https:\/\/www.automakers.cz\/?p=20075","title":{"rendered":"Brno startuje v\u00fdstavu MOTOSALON 2026"},"content":{"rendered":"<div><strong>Brn\u011bnsk\u00e9 v\u00fdstavi\u0161t\u011b host\u00ed od p\u00e1t\u00e9ho b\u0159ezna tradi\u010dn\u00ed jarn\u00ed v\u00fdstavu motocyklov\u00fdch novinek Motosalon, kterou BVV po\u0159\u00e1d\u00e1 ve spolupr\u00e1ci se Svazem dovozc\u016f automobil\u016f.<\/strong><\/div>\n<p><!--more--><\/p>\n<div>Veletrh tradi\u010dn\u011b st\u0159\u00edd\u00e1 Prahu s Brnem, letos p\u0159ipadl term\u00edn na moravskou metropoli. <strong>Slavnostn\u00ed start Motosalonu<\/strong> bude pat\u0159it tradi\u010dn\u00ed spanil\u00e9 j\u00edzd\u011b.<\/div>\n<div><\/div>\n<div>&#8222;Bur\u00e1cen\u00ed motor\u016f, energie jezdc\u016f i prvn\u00ed setk\u00e1n\u00ed s leto\u0161n\u00edmi hv\u011bzdami veletrhu \u2013 to je okam\u017eik, kter\u00fd si nenech uj\u00edt. Vyr\u00e1\u017e\u00ed se z pavilonu P, c\u00edlov\u00e9 m\u00edsto je p\u00f3dium v pavilonu F, kde prob\u011bhne ve 13.30 slavnostn\u00ed zah\u00e1jen\u00ed,&#8220; l\u00e1kaj\u00ed z\u00e1jemce o prvn\u00ed den veletrhu organiz\u00e1to\u0159i.<\/div>\n<div><\/div>\n<div><b>Motosalon 2026 prob\u011bhne od 5. do 8. b\u0159ezna <\/b>a nab\u00eddne podle po\u0159adatel\u016f v\u0161e, co fanou\u0161ci jedn\u00e9 stopy miluj\u00ed \u2013 od exkluzivn\u00edch premi\u00e9r a\u017e po bur\u00e1cej\u00edc\u00ed show.<\/div>\n<div><\/div>\n<div><strong>Zdroj: BVV<\/strong><\/div>\n<div>\n<figure id=\"attachment_2575\" aria-describedby=\"caption-attachment-2575\" style=\"width: 777px\" class=\"wp-caption alignnone\"><img loading=\"lazy\" decoding=\"async\" class=\"size-medium wp-image-2575\" src=\"http:\/\/www.automakers.cz\/wp-content\/uploads\/2024\/03\/Motosalon-Jawa-777x900.jpg\" alt=\"\" width=\"777\" height=\"900\" \/><figcaption id=\"caption-attachment-2575\" class=\"wp-caption-text\">20240229_130401<\/figcaption><\/figure>\n<\/div>\n","protected":false},"excerpt":{"rendered":"<p>Brn\u011bnsk\u00e9 v\u00fdstavi\u0161t\u011b host\u00ed od p\u00e1t\u00e9ho b\u0159ezna tradi\u010dn\u00ed jarn\u00ed v\u00fdstavu motocyklov\u00fdch novinek Motosalon, kterou BVV po\u0159\u00e1d\u00e1&#8230;<\/p>\n","protected":false},"author":1,"featured_media":2573,"comment_status":"closed","ping_status":"closed","sticky":false,"template":"","format":"standard","meta":{"footnotes":""},"categories":[54,31,8],"tags":[],"class_list":["post-20075","post","type-post","status-publish","format-standard","has-post-thumbnail","hentry","category-motocykly","category-news","category-vystavy"],"_links":{"self":[{"href":"https:\/\/www.automakers.cz\/index.php?rest_route=\/wp\/v2\/posts\/20075","targetHints":{"allow":["GET"]}}],"collection":[{"href":"https:\/\/www.automakers.cz\/index.php?rest_route=\/wp\/v2\/posts"}],"about":[{"href":"https:\/\/www.automakers.cz\/index.php?rest_route=\/wp\/v2\/types\/post"}],"author":[{"embeddable":true,"href":"https:\/\/www.automakers.cz\/index.php?rest_route=\/wp\/v2\/users\/1"}],"replies":[{"embeddable":true,"href":"https:\/\/www.automakers.cz\/index.php?rest_route=%2Fwp%2Fv2%2Fcomments&post=20075"}],"version-history":[{"count":3,"href":"https:\/\/www.automakers.cz\/index.php?rest_route=\/wp\/v2\/posts\/20075\/revisions"}],"predecessor-version":[{"id":20080,"href":"https:\/\/www.automakers.cz\/index.php?rest_route=\/wp\/v2\/posts\/20075\/revisions\/20080"}],"wp:featuredmedia":[{"embeddable":true,"href":"https:\/\/www.automakers.cz\/index.php?rest_route=\/wp\/v2\/media\/2573"}],"wp:attachment":[{"href":"https:\/\/www.automakers.cz\/index.php?rest_route=%2Fwp%2Fv2%2Fmedia&parent=20075"}],"wp:term":[{"taxonomy":"category","embeddable":true,"href":"https:\/\/www.automakers.cz\/index.php?rest_route=%2Fwp%2Fv2%2Fcategories&post=20075"},{"taxonomy":"post_tag","embeddable":true,"href":"https:\/\/www.automakers.cz\/index.php?rest_route=%2Fwp%2Fv2%2Ftags&post=20075"}],"curies":[{"name":"wp","href":"https:\/\/api.w.org\/{rel}","templated":true}]}}