{"id":20094,"date":"2026-03-12T08:06:14","date_gmt":"2026-03-12T08:06:14","guid":{"rendered":"https:\/\/www.automakers.cz\/?p=20094"},"modified":"2026-03-12T09:20:22","modified_gmt":"2026-03-12T09:20:22","slug":"daimler-truck-cr-bilancoval-v-kralovicich","status":"publish","type":"post","link":"https:\/\/www.automakers.cz\/?p=20094","title":{"rendered":"Daimler Truck bilancoval v Kr\u00e1lovic\u00edch"},"content":{"rendered":"\r\n<p><strong>Restaurace Mark\u00e9ta v Kr\u00e1lovic\u00edch u Prahy hostila 11. b\u0159ezna 2026 v\u00fdro\u010dn\u00ed tiskovou konference Daimler Truck \u010cR. Jje\u00ed CEO Josef Ma\u0159\u00edk zhodnotil obchodn\u00ed v\u00fdsledky lo\u0148sk\u00e9ho roku a p\u0159edstavil p\u0159\u00edtomn\u00fdm pl\u00e1ny na leto\u0161ek.<\/strong><!--more--><\/p>\r\n<p>Dal\u0161\u00ed informace poskytli tak\u00e9 Magdalena Konarska, CEO nov\u011b vznikl\u00e9 spole\u010dnosti Daimler Trucks Financial Services CEE, Ivo Nov\u00e1k, vedouc\u00ed divize z\u00e1kaznick\u00e9ho servisu a oblasti n\u00e1hradn\u00edch d\u00edl\u016f, a celou konferenci uv\u00e1d\u011bl \u0161\u00e9f marketingu a produktov\u00e9ho managementu David Chleboun.<\/p>\r\n<p><strong>Rok 2026 je pro Mercedes-Benz pln\u00fd v\u00fdro\u010d\u00ed<\/strong><br \/>Management Daimler Trucks \u010cR hned v \u00favodu p\u0159ipomenul, \u017ee pr\u00e1v\u011b letos uplyne u\u017e 140 let od j\u00edzdy prvn\u00edho automobilu, kter\u00fdm byl Benz Patent-Motorwagen v roce 1886, o deset let pozd\u011bji vyjel v roce 1896 prvn\u00ed n\u00e1kladn\u00ed v\u016fz na sv\u011bt\u011b \u2013 Daimler Lastwagen, a v t\u00e9m\u017ee roce tak\u00e9 prvn\u00ed dod\u00e1vka na sv\u011bt\u011b \u2013 Benz Lieferungswagen.<\/p>\r\n<p>A p\u0159ed rovn\u00fdmi 100 lety do\u0161lo k f\u00fazi spole\u010dnost\u00ed Daimler a Benz, na jej\u00edm\u017e z\u00e1klad\u011b vznikla zna\u010dka Mercedes-Benz. Cel\u00fdch osmdes\u00e1t let u\u017e jezd\u00ed zn\u00e1m\u00fd Unimog, kter\u00fd vyjel v roce 1946 a kulat\u00e1 v\u00fdro\u010d\u00ed uzav\u00edr\u00e1 30 let od p\u0159edstaven\u00ed prvn\u00ed generace legend\u00e1rn\u00edho Actrosu.<\/p>\r\n<p><strong>Management Daimler Trucks \u010cR odpov\u00eddal na ot\u00e1zky novin\u00e1\u0159\u016f, zprava, CEO spole\u010dnosti Josef Ma\u0159\u00edk, \u0161\u00e9f marketingu a produktov\u00e9ho managementu David Chleboun, vedouc\u00ed divize z\u00e1kaznick\u00e9ho servisu a oblasti n\u00e1hradn\u00edch d\u00edl\u016f Ivo Nov\u00e1k a Magdalena Konarska, CEO nov\u011b vznikl\u00e9 spole\u010dnosti Daimler Trucks Financial Services CEE<\/strong><\/p>\r\n<p><img loading=\"lazy\" decoding=\"async\" class=\"alignnone size-medium wp-image-20245\" src=\"http:\/\/www.automakers.cz\/wp-content\/uploads\/2026\/03\/2603_TK_MB-Trucks_1-900x530.jpg\" alt=\"\" width=\"900\" height=\"530\" \/><br \/><strong>24 let \u010deskou jedni\u010dkou ve sv\u00e9 kategorii<\/strong><br \/>Rok 2025 byl pro Daimler Trucks \u010cR byl op\u011bt \u00fasp\u011b\u0161n\u00fd a zavr\u0161il 24 po sob\u011b jdouc\u00edch rok\u016f, po kter\u00e9 st\u00e1la zna\u010dka Mercedes-Benz na \u010desk\u00e9m trhu v \u010dele prodej\u016f n\u00e1kladn\u00edch vozidel o hmotnosti nad 6,5 tuny. Lo\u0148sk\u00fdch 1932 registrovan\u00fdch vozidel p\u0159edstavovalo druh\u00fd nejlep\u0161\u00ed v\u00fdsledek za posledn\u00edch \u0161est let (\u00fadaje ze statistik SDA ukazuj\u00ed dokonce je\u0161t\u011b v\u00edc \u2013 2052 vozidel) a prvn\u00ed \u00fadaje leto\u0161n\u00edho roku jsou op\u011bt nad\u011bjn\u00e9.<\/p>\r\n<p>Mercedes-Benz Trucks je u n\u00e1s tak\u00e9 ne\u00fasp\u011b\u0161n\u011bj\u0161\u00edm dodavatelem \u010dist\u011b elektrick\u00fdch n\u00e1kladn\u00edch vozidel, kdy\u017e na\u0161e silnice loni obohatilo 69 kus\u016f, co\u017e p\u0159edstavuje pod\u00edl 3,36 %. Leto\u0161n\u00ed registrace jsou zat\u00edm slab\u0161\u00ed, ale jen proto, \u017ee z\u00e1kazn\u00edci \u010dekaj\u00ed na loni odsouhlasen\u00e9 dotace, tak\u017ee se v nejbli\u017e\u0161\u00ed dob\u011b d\u00e1 o\u010dek\u00e1vat znateln\u00e9 zlep\u0161en\u00ed.<\/p>\r\n<p><strong>Josef Ma\u0159\u00edk a David Chleboun prezentovali \u00fasp\u011bchy a pl\u00e1ny do budoucna<\/strong><\/p>\r\n<p><img loading=\"lazy\" decoding=\"async\" class=\"alignnone size-medium wp-image-20246\" src=\"http:\/\/www.automakers.cz\/wp-content\/uploads\/2026\/03\/2603_TK_MB-Trucks_2-900x678.jpg\" alt=\"\" width=\"900\" height=\"678\" \/><strong>Rovn\u011b\u017e zna\u010dka FUSO posiluje<\/strong><br \/>Sou\u010d\u00e1st spole\u010dnosti Mercedes-Benz Trucks je tak\u00e9 dodavatel men\u0161\u00edch n\u00e1kladn\u00edch a u\u017eitkov\u00fdch vozidel FUSO, kter\u00fd je u\u017e 10 let jedni\u010dkou na \u010desk\u00e9m trhu v segmentu voz\u016f od 3,49 t do 8,55 t. Pro zna\u010dku FUSO se letos r\u00fdsuj\u00ed dv\u011b v\u00fdznamn\u00e9 novinky, a to \u017ee od 1.10.2026 bude nov\u00fdm import\u00e9rem pro \u010cR spole\u010dnost Emil Frey.<\/p>\r\n<p><img loading=\"lazy\" decoding=\"async\" class=\"alignnone size-medium wp-image-19015\" src=\"http:\/\/www.automakers.cz\/wp-content\/uploads\/2026\/01\/2601_FUSO-Frey_2-900x675.jpg\" alt=\"\" width=\"900\" height=\"675\" \/>Druhou z\u00e1sadn\u00ed novinkou je zalo\u017een\u00ed spole\u010dn\u00e9ho podniku Daimler Truck AG a Toyota, s n\u00e1zvem Archion. Nov\u011b zalo\u017een\u00e1 spole\u010dnost Archion zast\u0159e\u0161\u00ed zna\u010dky FUSO a HINO. Ob\u011b zna\u010dky z\u016fstanou, ale budou spolupracovat na technick\u00e9m v\u00fdvoji. DTAG a Toyota v n\u00ed maj\u00ed ka\u017ed\u00e1 25% pod\u00edl. Nov\u00fd podnik za\u010dne ofici\u00e1ln\u011b fungovat od 4\/2026.<\/p>\r\n<p><strong>Novinky v prodejn\u00ed a servisn\u00ed s\u00edti <\/strong><br \/>Pro Mercedes-Benz Trucks \u010cR pat\u0159\u00ed zaji\u0161t\u011bn\u00ed servisu k d\u016fle\u017eit\u00fdm investi\u010dn\u00edm \u00fakol\u016fm. V sou\u010dasn\u00e9 dob\u011b maj\u00ed u\u017eivatel\u00e9 n\u00e1kladn\u00edch vozidel Mercedes-Benz k dispozici 18 prodejn\u00edch a servisn\u00edch m\u00edst nap\u0159\u00ed\u010d \u010ceskou republikou. Jen pro ilustraci, za rok 2025 p\u0159ipadalo na obrat n\u00e1hradn\u00edch d\u00edl\u016f 920 milion\u016f K\u010d, co\u017e p\u0159edstavovalo meziro\u010dn\u00ed n\u00e1r\u016fst +11 %. <br \/>V\u00fdznamn\u00fd pod\u00edl na zlep\u0161en\u00ed v oblasti n\u00e1hradn\u00edch d\u00edl\u016f m\u00e1 loni otev\u0159en\u00fd centr\u00e1ln\u00ed sklad v Halberstadtu, nedaleko Magdeburgu, vzd\u00e1len\u00e9m cca 375 km od Prahy. Jeho are\u00e1l se rozprost\u00edr\u00e1 na plo\u0161e 1 milionu m2, k dispozici je zde na 110 000 rozli\u010dn\u00fdch d\u00edl\u016f. Samotn\u00e9 skladovac\u00ed prostory maj\u00ed plochu 265 000 m2 a denn\u011b tudy projede sem a tam 200 n\u00e1kladn\u00edch vozidel.<\/p>\r\n<p><strong>V\u00fdhody servisn\u00edch smluv <\/strong>vyu\u017e\u00edv\u00e1 zhruba 60 % z\u00e1kazn\u00edk\u016f, kter\u00fdm pokr\u00fdvaj\u00ed kompletn\u00ed servis, pravidelnou \u00fadr\u017ebu, v\u00fdm\u011bnu opot\u0159ebiteln\u00fdch d\u00edl\u016f a opravy z\u00e1vad za pevnou m\u011bs\u00ed\u010dn\u00ed spl\u00e1tku \u2013 v z\u00e1vislosti na po\u010dtu skute\u010dn\u011b ujet\u00fdch kilometr\u016f za m\u011bs\u00edc. Tyti smlouvy jsou nab\u00edzeny na dobu a\u017e 8 let od prvn\u00ed registrace a prob\u011bh a\u017e 1 000 000 km.<br \/>Dal\u0161\u00edm z\u00e1kaznick\u00fdm benefitem jsou aktivn\u00ed smlouvy FleetBoard, u kter\u00e9 vyu\u017e\u00edv\u00e1 na 3000 vozidel a dosahuje tak penetrace 52 %. Fleetboard nab\u00edz\u00ed \u0161irok\u00fd v\u00fdb\u011br integrovan\u00fdch slu\u017eeb telematiky, se kter\u00fdmi z\u00e1kazn\u00edk m\u016f\u017ee zv\u00fd\u0161it efektivitu sv\u00e9ho vozov\u00e9ho parku. Mezi n\u011b pat\u0159\u00ed nap\u0159. sledov\u00e1n\u00ed spot\u0159eby vozidla, sledov\u00e1n\u00ed j\u00edzdy \u0159idi\u010de, \u00fadaje o poloze v re\u00e1ln\u00e9m \u010dase, digit\u00e1ln\u00ed kniha j\u00edzd, anal\u00fdza pou\u017eit\u00ed vozidel apod.<\/p>\r\n<p>Provozovatel\u00e9 n\u00e1kladn\u00edch vozidel Mercedes-Benz mohou vyu\u017e\u00edvat tak\u00e9 slu\u017eeb MB Uptime a MyTruckPoint, kter\u00e9 p\u0159isp\u00edvaj\u00ed k racionalizaci provozu a co nejvy\u0161\u0161\u00ed produktivit\u011b provozu.<\/p>\r\n<p><strong>V b\u0159eznu odstartovala \u010dinnost Daimler Truck Financial Services <\/strong><br \/>C\u00edlem slu\u017eeb Daimler Truck Financial Services CEE je poskytov\u00e1n\u00ed specializovan\u00fdch finan\u010dn\u00edch slu\u017eeb pro prodejce a z\u00e1kazn\u00edky spole\u010dnosti Daimler Truck&amp;Bus v regionech Polska, \u010ceska a Slovenska. Spole\u010dnost DTFS CEE byla zalo\u017eena v prosinci 2024, jako dce\u0159in\u00e1 spole\u010dnost DTFS GmbH.<\/p>\r\n<p>V \u010cesk\u00e9 republice zah\u00e1jila \u010dinnost v b\u0159eznu 2026 a jej\u00ed t\u00fdm je specificky zam\u011b\u0159en\u00fd na \u010desk\u00e9 z\u00e1kazn\u00edky. Od zah\u00e1jen\u00ed \u010dinnosti poskytuje integrovan\u00e9 nab\u00eddky spole\u010dnosti Daimler Truck, jako je operativn\u00ed leasing a \u00fav\u011bry, v podob\u011b standardizovan\u00e9ho a digit\u00e1ln\u011b podporovan\u00e9ho procesu.<\/p>\r\n<p><strong>Produktov\u00e9 novinky Mercedes-Benz<\/strong><br \/>Jsou to p\u0159edev\u0161\u00edm modely eActros 600 pro silni\u010dn\u00ed kamionovou dopravu s motory 400 kW\/max &gt;600 kW, dojezdem cca 500 km na jedno nabit\u00ed v souprav\u011b 40 t s akumul\u00e1tory LFP (lithium-\u017eelezo fosf\u00e1t) o kapacit\u011b p\u0159es 600 kWh, mo\u017enost\u00ed nab\u00edjen\u00ed 400 kW a\u017e 1 MW z 20 na 80 % za m\u00e9n\u011b, ne\u017e 30 minut.<\/p>\r\n<p>Dal\u0161\u00ed novinky jsou rovn\u011b\u017e elektrick\u00e9 modely eActros 600 a eActros 300 a eActros 400 (druh\u00e9 generace) pro t\u011b\u017ekou rozv\u00e1\u017ekovou dopravu i dal\u0161\u00ed vyu\u017eit\u00ed. Pro m\u011bstskou stavebn\u00ed dopravu je p\u0159ipraven tak\u00e9 elektrick\u00fd eArocs 400 s dojezdem podle druhu provozu a\u017e cca 240 km.<\/p>\r\n<p>V nab\u00eddce se tak\u00e9 objev\u00ed n\u00e1kladn\u00ed vozidla NextGenH2 Truck s vod\u00edkov\u00fdmi palivov\u00fdm \u010dl\u00e1nky, kter\u00e9 se do\u010dkaj\u00ed v\u00fdroby mal\u00e9 s\u00e9rie 100 ks v r\u00e1mci programu podpo\u0159en\u00e9ho n\u011bmeckou vl\u00e1dou a Evropskou komis\u00ed.<\/p>\r\n<p><strong>Karel Ber\u00e1nek, Kr\u00e1lovice, Foto autor<\/strong><\/p>\r\n<p><strong>Nov\u00fd eActros 600, jako taha\u010d n\u00e1v\u011bs\u016f<\/strong><\/p>\r\n<p><img loading=\"lazy\" decoding=\"async\" class=\"alignnone size-medium wp-image-20247\" src=\"http:\/\/www.automakers.cz\/wp-content\/uploads\/2026\/03\/2603_TK_MB-Trucks_3-900x672.jpg\" alt=\"\" width=\"900\" height=\"672\" \/><br \/><strong>Prezentace leto\u0161n\u00edch v\u00fdro\u010d\u00ed zna\u010dky Mercedes-Benz v Kralovic\u00edch<\/strong><\/p>\r\n<p><img loading=\"lazy\" decoding=\"async\" class=\"alignnone size-medium wp-image-20248\" src=\"http:\/\/www.automakers.cz\/wp-content\/uploads\/2026\/03\/2603_TK_MB-Trucks_4-900x596.jpg\" alt=\"\" width=\"900\" height=\"596\" \/><br \/><br \/><\/p>\r\n","protected":false},"excerpt":{"rendered":"<p>Restaurace Mark\u00e9ta v Kr\u00e1lovic\u00edch u Prahy hostila 11. b\u0159ezna 2026 v\u00fdro\u010dn\u00ed tiskovou konference Daimler Truck&#8230;<\/p>\n","protected":false},"author":6,"featured_media":20249,"comment_status":"closed","ping_status":"closed","sticky":false,"template":"","format":"standard","meta":{"footnotes":""},"categories":[96,11,31,20],"tags":[],"class_list":["post-20094","post","type-post","status-publish","format-standard","has-post-thumbnail","hentry","category-bilance","category-importeri","category-news","category-tiskovky"],"_links":{"self":[{"href":"https:\/\/www.automakers.cz\/index.php?rest_route=\/wp\/v2\/posts\/20094","targetHints":{"allow":["GET"]}}],"collection":[{"href":"https:\/\/www.automakers.cz\/index.php?rest_route=\/wp\/v2\/posts"}],"about":[{"href":"https:\/\/www.automakers.cz\/index.php?rest_route=\/wp\/v2\/types\/post"}],"author":[{"embeddable":true,"href":"https:\/\/www.automakers.cz\/index.php?rest_route=\/wp\/v2\/users\/6"}],"replies":[{"embeddable":true,"href":"https:\/\/www.automakers.cz\/index.php?rest_route=%2Fwp%2Fv2%2Fcomments&post=20094"}],"version-history":[{"count":6,"href":"https:\/\/www.automakers.cz\/index.php?rest_route=\/wp\/v2\/posts\/20094\/revisions"}],"predecessor-version":[{"id":20260,"href":"https:\/\/www.automakers.cz\/index.php?rest_route=\/wp\/v2\/posts\/20094\/revisions\/20260"}],"wp:featuredmedia":[{"embeddable":true,"href":"https:\/\/www.automakers.cz\/index.php?rest_route=\/wp\/v2\/media\/20249"}],"wp:attachment":[{"href":"https:\/\/www.automakers.cz\/index.php?rest_route=%2Fwp%2Fv2%2Fmedia&parent=20094"}],"wp:term":[{"taxonomy":"category","embeddable":true,"href":"https:\/\/www.automakers.cz\/index.php?rest_route=%2Fwp%2Fv2%2Fcategories&post=20094"},{"taxonomy":"post_tag","embeddable":true,"href":"https:\/\/www.automakers.cz\/index.php?rest_route=%2Fwp%2Fv2%2Ftags&post=20094"}],"curies":[{"name":"wp","href":"https:\/\/api.w.org\/{rel}","templated":true}]}}