{"id":20097,"date":"2026-03-05T08:10:16","date_gmt":"2026-03-05T08:10:16","guid":{"rendered":"https:\/\/www.automakers.cz\/?p=20097"},"modified":"2026-03-05T08:11:29","modified_gmt":"2026-03-05T08:11:29","slug":"sda-hlasi-unorovy-rust-registraci-vozidel","status":"publish","type":"post","link":"https:\/\/www.automakers.cz\/?p=20097","title":{"rendered":"SDA hl\u00e1s\u00ed \u00fanorov\u00fd r\u016fst registrac\u00ed vozidel"},"content":{"rendered":"<p><strong><br \/>\nTajemn\u00edk Svazu dovozc\u016f automobil\u016f Josef Pokorn\u00fd se\u010detl \u00fanorov\u00e9 registrace vozidel. Celkem bylo registrov\u00e1no 18 591 nov\u00fdch osobn\u00edch aut, co\u017e je o 4,6 % v\u00edce ne\u017e p\u0159ed rokem. Da\u0159ilo se i dal\u0161\u00edm kategori\u00edm vozidel s v\u00fdjimkou autobus\u016f. Celkov\u011b za prvn\u00ed dva m\u011bs\u00edce v\u00fdrazn\u011b vzrostly registrace lehk\u00fdch u\u017eitkov\u00fdch a n\u00e1kladn\u00edch voz\u016f i motocykl\u016f, osobn\u00ed automobily a autobusy zaznamenaly meziro\u010dn\u00ed pokles.<\/strong><!--more--><\/p>\n<p>Pod\u00edl nov\u00fdch osobn\u00edch voz\u016f s alternativn\u00edm pohonem \u010din\u00ed v leto\u0161n\u00edm roce 35 %, \u010dist\u011b elektrick\u00e9 jsou na 5,18 %. V leto\u0161n\u00edm roce bylo registrov\u00e1no celkem 3 335 osobn\u00edch elektromobil\u016f, z toho pod\u00edl nov\u00fdch je 57 % a ojet\u00fdch 43 %.<\/p>\n<p>V obdob\u00ed 1\u20132\/2026 bylo v \u010cR registrov\u00e1no celkem 36 634 nov\u00fdch osobn\u00edch automobil\u016f, 3 064 lehk\u00fdch u\u017eitkov\u00fdch automobil\u016f, 131 autobus\u016f, 1 483 n\u00e1kladn\u00edch vozidel, 2 095 motocykl\u016f. Za stejn\u00e9 obdob\u00ed minul\u00e9ho roku to bylo 37 120 osobn\u00edch automobil\u016f, 2 733 lehk\u00fdch u\u017eitkov\u00fdch automobil\u016f, 174 autobus\u016f, 1 218 n\u00e1kladn\u00edch vozidel a 1 817 motocykl\u016f.<\/p>\n<p>Registrace nov\u00fdch osobn\u00edch automobil\u016f v \u00fanoru meziro\u010dn\u011b stouply o 4,6 % (z 17 773 na 18 591, tj. o 818 ks). Celkov\u011b za prvn\u00ed dva m\u011bs\u00edce 2026 ve srovn\u00e1n\u00ed s 1\u20132\/2025 klesly o 1,31 % (z 37 120 ks na 36 634 ks, tj. o 486 ks).<\/p>\n<p><strong>Volkswagen letos dvojkou<\/strong><\/p>\n<p>Prvn\u00ed je letos zna\u010dka \u0160koda s 14 393 registrovan\u00fdmi osobn\u00edmi automobily (39,29 %), n\u00e1sleduj\u00ed Volkswagen \u2013 2 919 ks (7,97 %), Toyota \u2013 2 185 ks (5,96 %), Hyundai \u2013 1 844 ks (5,03 %), Kia \u2013 1 344 ks (3,67 %), Dacia \u2013 1 329 ks (3,63 %), Ford \u2013 1 267 ks (3,46 %), Mercedes-Benz \u2013 1 116 ks (3,05 %), Cupra \u2013 960 ks (2,62 %), BMW \u2013 864 ks (2,36 %), atd. V \u00fanoru bylo po\u0159ad\u00ed na prvn\u00edch t\u0159ech m\u00edstech \u0160koda, Volkswagen, Hyundai.<\/p>\n<p><strong>Nejprod\u00e1van\u011bj\u0161\u00edmi osobn\u00edmi vozy<\/strong> jsou \u0160koda OCTAVIA s 3 190 ks (8,71 %), d\u00e1le \u0160koda KODIAQ \u2013 2 425 ks (6,62 %), \u0160koda SCALA \u2013 2 011 ks (5,49 %), \u0160koda KAMIQ \u2013 1 704 ks (4,65 %), \u0160koda KAROQ \u2013 1 680 ks (4,59 %), \u0160koda FABIA \u2013 1 603 ks (4,38 %), \u0160koda SUPERB \u2013 1 016 ks (2,77 %), Toyota COROLLA \u2013 921 ks (2,51 %), Hyundai TUCSON \u2013 660 ks (1,80 %), Hyundai i30 \u2013 526 ks (1,44 %), atd.<\/p>\n<p><strong>Z pohledu obchodn\u00edch t\u0159\u00edd<\/strong> jsou mezi OA na prvn\u00edm m\u00edst\u011b SUV s 19 634 registracemi (53,6 %), na druh\u00e9m m\u00edst\u011b pak vozy ni\u017e\u0161\u00ed st\u0159edn\u00ed t\u0159\u00eddy s 4 930 ks (13,46 %).<\/p>\n<p><strong>Mezi palivy vede benzin<\/strong><\/p>\n<p>Z hlediska paliva vede benz\u00edn s 65,48 % (23 987 ks), na druh\u00e9m m\u00edst\u011b je nafta s 22,81 % (8 358 ks), n\u00e1sleduje elektro \u2013 5,18 % (1 898 ks), benz\u00edn + elektro \u2013 4,71 % (1 726 ks), benz\u00edn + LPG \u2013 598 ks, nafta + elektro \u2013 61 ks.<\/p>\n<figure id=\"attachment_17826\" aria-describedby=\"caption-attachment-17826\" style=\"width: 900px\" class=\"wp-caption alignnone\"><img loading=\"lazy\" decoding=\"async\" class=\"size-medium wp-image-17826\" src=\"http:\/\/www.automakers.cz\/wp-content\/uploads\/2025\/11\/Omkoda-Tomisek-tankovani-900x599.jpg\" alt=\"\" width=\"900\" height=\"599\" \/><figcaption id=\"caption-attachment-17826\" class=\"wp-caption-text\">Ilustra\u010dn\u00ed foto: Marek Tom\u00ed\u0161ek<\/figcaption><\/figure>\n<p><strong>Registrace hybridn\u00edch voz\u016f<\/strong> meziro\u010dn\u011b vzrostly o 14,87 % (z 9 058 na 10 405 ks), z toho plug-in hybridy o 49,17 % (z 1 198 na 1 787 ks).<\/p>\n<p>Registrace voz\u016f s alternativn\u00edm pohonem meziro\u010dn\u011b stouply o 11,00 % (z 11 623 na 12 901 voz\u016f). Jejich pod\u00edl na celkov\u00fdch registrac\u00edch \u010din\u00ed 35,2 %.<\/p>\n<p>Po\u010det registrovan\u00fdch elektromobil\u016f narostl o 10,48 % (z 1 718 na 1 898). Pod\u00edl hybridn\u00edch voz\u016f meziro\u010dn\u011b vzrostl o 14,87 % (z 9 058 na 10 405 ks), z toho plug-in hybridn\u00edch o 49,17 % (z 1 198 na 1 787 ks).<\/p>\n<p><strong>Pod\u00edl firemn\u00edch automobil\u016f<\/strong> na leto\u0161n\u00edch registrac\u00edch \u010din\u00ed 78,5 %, priv\u00e1tn\u00edch 21,5 %. Po\u010det dovezen\u00fdch ojet\u00fdch OA meziro\u010dn\u011b vzrostl o 3,3 % na 22 647 ks. Jejich pr\u016fm\u011brn\u00e9 st\u00e1\u0159\u00ed je 10,5 roku, p\u0159i\u010dem\u017e pod\u00edl vozidel star\u0161\u00edch 10 let \u010din\u00ed 49,84 %, star\u0161\u00edch 15 let je 23,91 %. Pod\u00edl \u010dist\u011b elektrick\u00fdch je 6,35 %.<\/p>\n<p><strong>Lehk\u00e9 u\u017eitkov\u00e9 vozy<\/strong><\/p>\n<p>Celkov\u011b registrace lehk\u00fdch u\u017eitkov\u00fdch automobil\u016f proti 1\u20132\/2025 vzrostly o 12,11 % (z 2 733 ks na 3 064 ks, tj. o 331 ks). V \u00fanoru vzrostly meziro\u010dn\u011b o 13,91 %.<\/p>\n<p>Prvn\u00ed je zna\u010dka Ford s 562 registrovan\u00fdmi lehk\u00fdmi u\u017eitkov\u00fdmi vozy (18,34 %), n\u00e1sleduj\u00ed Toyota \u2013 524 ks (17,10 %), Volkswagen \u2013 423 ks (13,81 %), Renault \u2013 263 ks (8,58 %), Peugeot \u2013 262 ks (8,55 %), Fiat \u2013 229 ks (7,47 %), Mercedes-Benz \u2013 174 ks (5,68 %), Iveco \u2013 146 ks (4,77 %), Opel \u2013 138 ks (4,50 %), Citro\u00ebn \u2013 110 ks (3,59 %), atd.<\/p>\n<p>Z hlediska paliva vede nafta s 87,24 % (2 673 ks), na druh\u00e9m m\u00edst\u011b je elektro s 6,59 % (202 ks), n\u00e1sleduje benz\u00edn \u2013 4,18 % (128 ks), benz\u00edn + elektro \u2013 48 ks, benz\u00edn + LPG \u2013 12 ks, neza\u0159azeno \u2013 1 ks. Po\u010det elektromobil\u016f narostl v t\u00e9to kategorii o 26,25 % (ze 160 na 202).<\/p>\n<p><strong>Celkov\u011b registrace n\u00e1kladn\u00edch vozidel<\/strong> proti 1\u20132\/2025 vzrostly o 21,76 % (z 1 218 ks na 1 483 ks, tj. o 265 ks). V \u00fanoru vzrostly meziro\u010dn\u011b o 24,03 %. Prvn\u00ed je zna\u010dka MAN s 330 registrovan\u00fdmi n\u00e1kladn\u00edch automobil\u016f (22,25 %), n\u00e1sleduj\u00ed Mercedes<br \/>\nBenz \u2013 290 ks (19,55 %), Scania \u2013 246 ks (16,59 %), Volvo \u2013 224 ks (15,10 %), DAF \u2013 170 ks (11,46 %), Iveco \u2013 73 ks (4,92 %), Renault Trucks \u2013 58 ks (3,91 %), Tatra \u2013 37 ks (2,49 %), Ford \u2013 24 ks (1,62 %), Toyota \u2013 16 ks (1,08 %), atd.<\/p>\n<p>Celkov\u011b letos registrace autobus\u016f poklesly o 24,71 % (ze 174 ks na 131 ks, tj. o 43 ks). V \u00fanoru meziro\u010dn\u011b klesly o 11,67 %.<br \/>\nPrvn\u00ed je zna\u010dka Iveco Bus s 65 registrovan\u00fdmi autobusy (49,62 %), n\u00e1sleduj\u00ed MAN \u2013 14 ks (10,69 %), SOR \u2013 14 ks (10,69 %), Setra \u2013 13 ks (9,92 %), Mercedes-Benz \u2013 13 ks (9,92 %), Temsa \u2013 3 ks (2,29 %), Ford \u2013 2 ks (1,53 %), Isuzu \u2013 2 ks (1,53 %), Solaris \u2013 2 ks (1,53 %), Gaz \u2013 1 ks (0,76 %), Higer \u2013 1 ks (0,76 %), Irizar \u2013 1 ks (0,76 %).<\/p>\n<p><strong>Motocykly letos rostou<\/strong><\/p>\n<p>Kategorie motocykl\u016f zaznamenala meziro\u010dn\u00ed n\u00e1r\u016fst registrac\u00ed o 15,30 % (z 1 817 ks na 2 095 ks, tj. o 278 ks). V \u00fanoru meziro\u010dn\u011b vzrostly o 19,51 %.<\/p>\n<p>Prvn\u00ed je zna\u010dka Honda s 375 registrovan\u00fdmi motocykly (17,90 %), n\u00e1sleduj\u00ed CF Moto \u2013 329 ks (15,70 %), Yamaha \u2013 131 ks (6,25 %), BMW \u2013 117 ks (5,58 %), KTM \u2013 97 ks (4,63 %), Jawa \u2013 57 ks (2,72 %), Kawasaki \u2013 55 ks (2,63 %), Segway \u2013 53 ks (2,53 %), Piaggio \u2013 50 ks (2,39 %), Aprilia \u2013 48 ks (2,29 %), atd.<\/p>\n<p><strong>Podrobn\u00e9 tabulky jsou uvedeny v sekci Statistika na http:\/\/portal.sda-cia.cz\/.<\/strong><\/p>\n","protected":false},"excerpt":{"rendered":"<p>Tajemn\u00edk Svazu dovozc\u016f automobil\u016f Josef Pokorn\u00fd se\u010detl \u00fanorov\u00e9 registrace vozidel. Celkem bylo registrov\u00e1no 18 591&#8230;<\/p>\n","protected":false},"author":1,"featured_media":18810,"comment_status":"closed","ping_status":"closed","sticky":false,"template":"","format":"standard","meta":{"footnotes":""},"categories":[11,48,10],"tags":[],"class_list":["post-20097","post","type-post","status-publish","format-standard","has-post-thumbnail","hentry","category-importeri","category-registrace","category-statistika"],"_links":{"self":[{"href":"https:\/\/www.automakers.cz\/index.php?rest_route=\/wp\/v2\/posts\/20097","targetHints":{"allow":["GET"]}}],"collection":[{"href":"https:\/\/www.automakers.cz\/index.php?rest_route=\/wp\/v2\/posts"}],"about":[{"href":"https:\/\/www.automakers.cz\/index.php?rest_route=\/wp\/v2\/types\/post"}],"author":[{"embeddable":true,"href":"https:\/\/www.automakers.cz\/index.php?rest_route=\/wp\/v2\/users\/1"}],"replies":[{"embeddable":true,"href":"https:\/\/www.automakers.cz\/index.php?rest_route=%2Fwp%2Fv2%2Fcomments&post=20097"}],"version-history":[{"count":3,"href":"https:\/\/www.automakers.cz\/index.php?rest_route=\/wp\/v2\/posts\/20097\/revisions"}],"predecessor-version":[{"id":20099,"href":"https:\/\/www.automakers.cz\/index.php?rest_route=\/wp\/v2\/posts\/20097\/revisions\/20099"}],"wp:featuredmedia":[{"embeddable":true,"href":"https:\/\/www.automakers.cz\/index.php?rest_route=\/wp\/v2\/media\/18810"}],"wp:attachment":[{"href":"https:\/\/www.automakers.cz\/index.php?rest_route=%2Fwp%2Fv2%2Fmedia&parent=20097"}],"wp:term":[{"taxonomy":"category","embeddable":true,"href":"https:\/\/www.automakers.cz\/index.php?rest_route=%2Fwp%2Fv2%2Fcategories&post=20097"},{"taxonomy":"post_tag","embeddable":true,"href":"https:\/\/www.automakers.cz\/index.php?rest_route=%2Fwp%2Fv2%2Ftags&post=20097"}],"curies":[{"name":"wp","href":"https:\/\/api.w.org\/{rel}","templated":true}]}}