{"id":20117,"date":"2026-03-06T09:24:03","date_gmt":"2026-03-06T09:24:03","guid":{"rendered":"https:\/\/www.automakers.cz\/?p=20117"},"modified":"2026-03-06T09:29:17","modified_gmt":"2026-03-06T09:29:17","slug":"cesko-letos-registrovalo-1898-novych-bateriovych-elektromobilu","status":"publish","type":"post","link":"https:\/\/www.automakers.cz\/?p=20117","title":{"rendered":"\u010cesko letos registrovalo 1898 nov\u00fdch bateriov\u00fdch elektromobil\u016f"},"content":{"rendered":"<p><strong><b>Po\u010det nov\u011b registrovan\u00fdch bateriov\u00fdch elektromobil\u016f v \u010cesku na za\u010d\u00e1tku roku 2026 meziro\u010dn\u011b vzrostl o deset procent. Je\u0161t\u011b rychleji ale roste dovoz ojet\u00fdch elektromobil\u016f. Vypl\u00fdv\u00e1 to z aktu\u00e1ln\u00edch dat Centra dopravn\u00edho v\u00fdzkumu zve\u0159ejn\u011bn\u00fdch na port\u00e1lu cistadoprava.cz.<\/b><\/strong><!--more--><\/p>\n<p>Anal\u00fdza Centra dopravn\u00edho v\u00fdzkumu (CDV) vych\u00e1zej\u00edc\u00ed z dat zve\u0159ejn\u011bn\u00fdch na port\u00e1lu <a href=\"https:\/\/www.cistadoprava.cz\/registrace-novych-osobnich-vozidel-v-cr\/\"><u>cistadoprava.cz<\/u><\/a>, kter\u00e1 vyu\u017e\u00edvaj\u00ed zdrojov\u00e1 data <a href=\"https:\/\/www.cistadoprava.cz\/registrace-bateriovych-elektrickych-vozidel-v-cr\/\"><u>Ministerstva dopravy<\/u><\/a>, <a href=\"https:\/\/www.cistadoprava.cz\/registrace-novych-osobnich-vozidel-v-cr\/\"><u>Svazu dovozc\u016f automobil\u016f<\/u><\/a>\u00a0a dal\u0161\u00edch relevantn\u00edch zdroj\u016f, ukazuje pokra\u010duj\u00edc\u00ed r\u016fst elektromobility na \u010desk\u00e9m trhu. V obdob\u00ed leden\u2013\u00fanor 2026 bylo v \u010cesk\u00e9 republice zaregistrov\u00e1no 1 898 nov\u00fdch osobn\u00edch bateriov\u00fdch elektromobil\u016f, co\u017e p\u0159edstavuje meziro\u010dn\u00ed n\u00e1r\u016fst o 10 %.<\/p>\n<p>Tr\u017en\u00ed pod\u00edl elektromobil\u016f na nov\u00fdch registrac\u00edch dos\u00e1hl 5,2 %, zat\u00edmco ve stejn\u00e9m obdob\u00ed lo\u0148sk\u00e9ho roku \u010dinil 4,6 %. Celkov\u00fd po\u010det osobn\u00edch bateriov\u00fdch elektromobil\u016f provozovan\u00fdch v \u010cesk\u00e9 republice z\u00e1rove\u0148 v \u00fanoru p\u0159ekro\u010dil hranici <a href=\"https:\/\/www.cistadoprava.cz\/registrace-bateriovych-elektrickych-vozidel-v-cr\/\"><u>60 tis\u00edc vozidel<\/u><\/a>.<\/p>\n<p>Samotn\u00fd \u00fanor p\u0159inesl v\u00fdrazn\u011bj\u0161\u00ed dynamiku ne\u017e za\u010d\u00e1tek roku. V tomto m\u011bs\u00edci bylo registrov\u00e1no 958 nov\u00fdch elektromobil\u016f, co\u017e znamen\u00e1 meziro\u010dn\u00ed r\u016fst o 30 %. Slab\u0161\u00ed lednov\u00e9 v\u00fdsledky tak druh\u00fd m\u011bs\u00edc roku v\u00fdrazn\u011b vykompenzoval a potvrdil pokra\u010duj\u00edc\u00ed r\u016fstov\u00fd trend.<\/p>\n<p><img loading=\"lazy\" decoding=\"async\" class=\"alignnone size-full wp-image-20120\" src=\"http:\/\/www.automakers.cz\/wp-content\/uploads\/2026\/03\/CDV-tabulka-BEV-procenta.png\" alt=\"\" width=\"801\" height=\"101\" srcset=\"https:\/\/www.automakers.cz\/wp-content\/uploads\/2026\/03\/CDV-tabulka-BEV-procenta.png 801w, https:\/\/www.automakers.cz\/wp-content\/uploads\/2026\/03\/CDV-tabulka-BEV-procenta-768x97.png 768w\" sizes=\"auto, (max-width: 801px) 100vw, 801px\" \/><\/p>\n<p><strong>Elektromobily zat\u00edm men\u0161inov\u00e9, ale stabiln\u011b rostou<\/strong><\/p>\n<p>Celkov\u00fd trh s nov\u00fdmi osobn\u00edmi vozy v \u010cesku na za\u010d\u00e1tku roku m\u00edrn\u011b klesl. V obdob\u00ed leden\u2013\u00fanor bylo zaregistrov\u00e1no 36 634 nov\u00fdch osobn\u00edch automobil\u016f, co\u017e je meziro\u010dn\u011b o 1,3 % m\u00e9n\u011b.<\/p>\n<p>Dominantn\u00ed postaven\u00ed si nad\u00e1le dr\u017e\u00ed vozy se z\u00e1\u017eehov\u00fdmi motory (65,5 %), n\u00e1sledovan\u00e9 diesely (22,8 %). Plug-in hybridy dos\u00e1hly pod\u00edlu 4,9 %, vozidla na LPG 1,7 %. Bateriov\u00e9 elektromobily tak z\u016fst\u00e1vaj\u00ed men\u0161inovou, ale postupn\u011b rostouc\u00ed sou\u010d\u00e1st\u00ed \u010desk\u00e9ho automobilov\u00e9ho trhu.<\/p>\n<p>\u201e<em><i>Elektromobilita v \u010cesku sice st\u00e1le nep\u0159edstavuje dominantn\u00ed technologii, ale jej\u00ed pod\u00edl stabiln\u011b roste i v dob\u011b, kdy cel\u00fd automobilov\u00fd trh stagnuje. To m\u016f\u017ee nazna\u010dovat postupnou struktur\u00e1ln\u00ed zm\u011bnu v preferenc\u00edch \u010d\u00e1sti z\u00e1kazn\u00edk\u016f i firemn\u00edch flotil,<\/i><\/em>\u201c \u0159\u00edk\u00e1 Jind\u0159ich Fri\u010d, \u0159editel Centra dopravn\u00edho v\u00fdzkumu.<\/p>\n<p><strong>Ojet\u00e9 elektromobily v\u00fdrazn\u011b zrychluj\u00ed dostupnost<\/strong><\/p>\n<p>V\u00fdrazn\u00fdm trendem za\u010d\u00e1tku roku je rychl\u00fd r\u016fst dovozu ojet\u00fdch elektromobil\u016f. B\u011bhem prvn\u00edch dvou m\u011bs\u00edc\u016f roku 2026 bylo do \u010cesk\u00e9 republiky dovezeno 1 437 ojet\u00fdch bateriov\u00fdch elektromobil\u016f, co\u017e p\u0159edstavuje meziro\u010dn\u00ed n\u00e1r\u016fst o 39 %.<\/p>\n<p>Jejich pod\u00edl na v\u0161ech dovezen\u00fdch ojet\u00fdch osobn\u00edch vozech vzrostl na 6,4 %, zat\u00edmco ve stejn\u00e9m obdob\u00ed roku 2025 \u010dinil 4,7 %.<\/p>\n<p>\u201e<em><i>Sekund\u00e1rn\u00ed trh se bezesporu st\u00e1v\u00e1 jedn\u00edm z kl\u00ed\u010dov\u00fdch pil\u00ed\u0159\u016f rozvoje elektromobility. Roste nab\u00eddka ojet\u00fdch vozidel z evropsk\u00fdch trh\u016f, jejich ceny postupn\u011b klesaj\u00ed a z\u00e1rove\u0148 roste d\u016fv\u011bra \u0159idi\u010d\u016f v\u00a0postupn\u011b se roz\u0161i\u0159uj\u00edc\u00ed a zrychluj\u00edc\u00ed ve\u0159ejnou dob\u00edjec\u00ed infrastrukturu,<\/i><\/em>\u201c dopl\u0148uje Fri\u010d.<\/p>\n<p>Podle odborn\u00edk\u016f m\u016f\u017ee pr\u00e1v\u011b dostupnost levn\u011bj\u0161\u00edch ojet\u00fdch elektromobil\u016f v p\u0159\u00ed\u0161t\u00edch letech v\u00fdrazn\u011b ovlivnit tempo jejich roz\u0161\u00ed\u0159en\u00ed mezi b\u011b\u017en\u00fdmi dom\u00e1cnostmi.<\/p>\n<p><strong>\u0160koda dominuje dom\u00e1c\u00edmu trhu<\/strong><\/p>\n<p>Nejregistrovan\u011bj\u0161\u00edm elektromobilem na \u010desk\u00e9m trhu byla v obdob\u00ed leden\u2013\u00fanor \u0160koda Enyaq s 372 registracemi, n\u00e1sledovan\u00e1 modely \u0160koda Elroq (337) a Tesla Model Y (151). Tyto t\u0159i modely dohromady p\u0159edstavovaly p\u0159ibli\u017en\u011b 45 % v\u0161ech nov\u00fdch registrac\u00ed elektromobil\u016f.<\/p>\n<p>Automobilka \u0160koda si z\u00e1rove\u0148 upevnila vedouc\u00ed postaven\u00ed na dom\u00e1c\u00edm trhu s pod\u00edlem 37,4 %. Tesla z\u016fst\u00e1v\u00e1 druh\u00fdm nejv\u00fdznamn\u011bj\u0161\u00edm hr\u00e1\u010dem s pod\u00edlem 9,9 %.<\/p>\n<p>\u201e<em><i>Velmi siln\u00e1 pozice zna\u010dky \u0160koda ukazuje, jak d\u016fle\u017eit\u00e1 je lok\u00e1ln\u00ed v\u00fdroba i d\u016fv\u011bra dom\u00e1c\u00edch z\u00e1kazn\u00edk\u016f. Zaj\u00edmav\u00e9 je, \u017ee tuto pozici zat\u00edm dr\u017e\u00ed jen se dv\u011bma modely. V pr\u016fb\u011bhu roku by je m\u011bly doplnit nov\u00e9 elektromobily Peak a Epiq. Zejm\u00e9na druh\u00fd jmenovan\u00fd m\u016f\u017ee elektromobilitu p\u0159ibl\u00ed\u017eit \u0161ir\u0161\u00edmu okruhu z\u00e1kazn\u00edk\u016f,<\/i><\/em>\u201c uv\u00e1d\u00ed Fri\u010d.<\/p>\n<p><img loading=\"lazy\" decoding=\"async\" class=\"alignnone size-medium wp-image-18216\" src=\"http:\/\/www.automakers.cz\/wp-content\/uploads\/2025\/12\/Skoda-vyrobila-100-000.-elektromobil-Elroq-2-900x600.jpg\" alt=\"\" width=\"900\" height=\"600\" \/><strong>Elektromobilita se roz\u0161i\u0159uje i mimo osobn\u00ed auta<\/strong><\/p>\n<p>Elektrifikace postupn\u011b pronik\u00e1 tak\u00e9 do dal\u0161\u00edch segment\u016f silni\u010dn\u00ed dopravy. V obdob\u00ed leden\u2013\u00fanor 2026 bylo v \u010cesk\u00e9 republice zaregistrov\u00e1no 202 lehk\u00fdch u\u017eitkov\u00fdch elektromobil\u016f, kter\u00e9 dos\u00e1hly tr\u017en\u00edho pod\u00edlu 6,6 %.<\/p>\n<p>V segmentu n\u00e1kladn\u00edch vozidel bylo registrov\u00e1no 26 elektrick\u00fdch vozidel s pod\u00edlem 1,8 % a do provozu bylo uvedeno tak\u00e9 6 elektrobus\u016f, kter\u00e9 p\u0159edstavovaly 4,6 % nov\u00fdch registrac\u00ed v t\u00e9to kategorii.<\/p>\n<p>Data podle odborn\u00edk\u016f nazna\u010duj\u00ed, \u017ee elektromobilita v \u010cesku postupn\u011b p\u0159ech\u00e1z\u00ed z ran\u00e9 f\u00e1ze rozvoje do obdob\u00ed \u0161ir\u0161\u00edho tr\u017en\u00edho roz\u0161i\u0159ov\u00e1n\u00ed, kter\u00e9 bude ovliv\u0148ovat nejen rozhodov\u00e1n\u00ed \u0159idi\u010d\u016f, ale tak\u00e9 strategie firem, energetick\u00fdch spole\u010dnost\u00ed i ve\u0159ejn\u00fdch instituc\u00ed.<\/p>\n<p><strong>Projektov\u00fd port\u00e1l cistadoprava.cz<\/strong> dlouhodob\u011b p\u0159in\u00e1\u0161\u00ed analytick\u00e1 data o rozvoji n\u00edzkoemisn\u00ed mobility v \u010cesk\u00e9 republice a slou\u017e\u00ed jako informa\u010dn\u00ed platforma pro ve\u0159ejnou spr\u00e1vu, firmy i \u0161irokou ve\u0159ejnost.<\/p>\n<p><em><strong>Zdroj vstupn\u00edch dat:<\/strong> Ministerstvo dopravy, Svaz dovozc\u016f automobil\u016f<\/em><\/p>\n<p><img loading=\"lazy\" decoding=\"async\" class=\"alignnone size-medium wp-image-20122\" src=\"http:\/\/www.automakers.cz\/wp-content\/uploads\/2026\/03\/CDV-graf-Nove-osobni-bateriove-elektromobily-v-CR-1-2-2026-675x900.png\" alt=\"\" width=\"675\" height=\"900\" srcset=\"https:\/\/www.automakers.cz\/wp-content\/uploads\/2026\/03\/CDV-graf-Nove-osobni-bateriove-elektromobily-v-CR-1-2-2026-675x900.png 675w, https:\/\/www.automakers.cz\/wp-content\/uploads\/2026\/03\/CDV-graf-Nove-osobni-bateriove-elektromobily-v-CR-1-2-2026.png 720w\" sizes=\"auto, (max-width: 675px) 100vw, 675px\" \/><\/p>\n","protected":false},"excerpt":{"rendered":"<p>Po\u010det nov\u011b registrovan\u00fdch bateriov\u00fdch elektromobil\u016f v \u010cesku na za\u010d\u00e1tku roku 2026 meziro\u010dn\u011b vzrostl o deset&#8230;<\/p>\n","protected":false},"author":1,"featured_media":20123,"comment_status":"closed","ping_status":"closed","sticky":false,"template":"","format":"standard","meta":{"footnotes":""},"categories":[9,48,10],"tags":[],"class_list":["post-20117","post","type-post","status-publish","format-standard","has-post-thumbnail","hentry","category-elektromobily","category-registrace","category-statistika"],"_links":{"self":[{"href":"https:\/\/www.automakers.cz\/index.php?rest_route=\/wp\/v2\/posts\/20117","targetHints":{"allow":["GET"]}}],"collection":[{"href":"https:\/\/www.automakers.cz\/index.php?rest_route=\/wp\/v2\/posts"}],"about":[{"href":"https:\/\/www.automakers.cz\/index.php?rest_route=\/wp\/v2\/types\/post"}],"author":[{"embeddable":true,"href":"https:\/\/www.automakers.cz\/index.php?rest_route=\/wp\/v2\/users\/1"}],"replies":[{"embeddable":true,"href":"https:\/\/www.automakers.cz\/index.php?rest_route=%2Fwp%2Fv2%2Fcomments&post=20117"}],"version-history":[{"count":3,"href":"https:\/\/www.automakers.cz\/index.php?rest_route=\/wp\/v2\/posts\/20117\/revisions"}],"predecessor-version":[{"id":20119,"href":"https:\/\/www.automakers.cz\/index.php?rest_route=\/wp\/v2\/posts\/20117\/revisions\/20119"}],"wp:featuredmedia":[{"embeddable":true,"href":"https:\/\/www.automakers.cz\/index.php?rest_route=\/wp\/v2\/media\/20123"}],"wp:attachment":[{"href":"https:\/\/www.automakers.cz\/index.php?rest_route=%2Fwp%2Fv2%2Fmedia&parent=20117"}],"wp:term":[{"taxonomy":"category","embeddable":true,"href":"https:\/\/www.automakers.cz\/index.php?rest_route=%2Fwp%2Fv2%2Fcategories&post=20117"},{"taxonomy":"post_tag","embeddable":true,"href":"https:\/\/www.automakers.cz\/index.php?rest_route=%2Fwp%2Fv2%2Ftags&post=20117"}],"curies":[{"name":"wp","href":"https:\/\/api.w.org\/{rel}","templated":true}]}}