{"id":20146,"date":"2026-03-09T06:53:08","date_gmt":"2026-03-09T06:53:08","guid":{"rendered":"https:\/\/www.automakers.cz\/?p=20146"},"modified":"2026-03-09T06:53:08","modified_gmt":"2026-03-09T06:53:08","slug":"volvo-navysi-vyrobu-elektrickeho-suv-ex60","status":"publish","type":"post","link":"https:\/\/www.automakers.cz\/?p=20146","title":{"rendered":"Volvo nav\u00fd\u0161\u00ed v\u00fdrobu elektrick\u00e9ho SUV EX60"},"content":{"rendered":"<p><strong>Volvo Cars zvy\u0161uje pl\u00e1novan\u00e9 v\u00fdrobn\u00ed objemy pro rok 2026 u sv\u00e9ho pln\u011b elektrick\u00e9ho SUV EX60 v reakci na silnou popt\u00e1vku z\u00e1kazn\u00edk\u016f na dom\u00e1c\u00edm trhu ve \u0160v\u00e9dsku i na dal\u0161\u00edch kl\u00ed\u010dov\u00fdch trz\u00edch Evropy.<\/strong><!--more--><\/p>\n<p>M\u011bs\u00edc po ve\u0159ejn\u00e9m p\u0159edstaven\u00ed vozu hl\u00e1s\u00ed t\u00e9m\u011b\u0159 v\u0161echny hlavn\u00ed evropsk\u00e9 trhy v\u00fdrazn\u011b vy\u0161\u0161\u00ed po\u010det objedn\u00e1vek, ne\u017e spole\u010dnost p\u016fvodn\u011b o\u010dek\u00e1vala. V samotn\u00e9m \u0160v\u00e9dsku ji\u017e eviduje v\u00edce ne\u017e 3 000 objedn\u00e1vek. Tempo p\u0159\u00edjmu objedn\u00e1vek je z\u00e1rove\u0148 v\u00fdrazn\u011b vy\u0161\u0161\u00ed ne\u017e u modelu EX30, mal\u00e9ho SUV, kter\u00e9 bylo glob\u00e1ln\u011b p\u0159edstaveno v roce 2023 a spad\u00e1 do objemov\u00e9ho segmentu s ni\u017e\u0161\u00ed cenovou hladinou.<\/p>\n<p><img loading=\"lazy\" decoding=\"async\" class=\"alignnone wp-image-20148\" src=\"http:\/\/www.automakers.cz\/wp-content\/uploads\/2026\/03\/Volvo-SUV-EX60-5-900x506.jpg\" alt=\"\" width=\"955\" height=\"537\" \/><\/p>\n<p>Co \u010din\u00ed objem objedn\u00e1vek je\u0161t\u011b zaj\u00edmav\u011bj\u0161\u00edm, je skute\u010dnost, \u017ee jsou zat\u00edm otev\u0159eny pouze na evropsk\u00fdch trz\u00edch. Objedn\u00e1vky pro americk\u00fd trh budou zp\u0159\u00edstupn\u011bny pozd\u011bji na ja\u0159e.<\/p>\n<p>Volvo Cars bude i nad\u00e1le up\u0159ednost\u0148ovat postupn\u00e9 a odpov\u011bdn\u00e9 navy\u0161ov\u00e1n\u00ed v\u00fdroby, aby byla zaji\u0161t\u011bna vysok\u00e1 kvalita produkce. Z\u00e1rove\u0148 v\u0161ak ji\u017e pl\u00e1nuje zv\u00fd\u0161it v\u00fdrobu modelu EX60 ve sv\u00e9m z\u00e1vod\u011b v Torsland\u011b ve \u0160v\u00e9dsku.<\/p>\n<p>\u201eTo, \u017ee si tolik z\u00e1kazn\u00edk\u016f objednalo EX60 b\u011bhem prvn\u00edho m\u011bs\u00edce, p\u0159ekonalo na\u0161e o\u010dek\u00e1v\u00e1n\u00ed, je to ale probl\u00e9m, kter\u00fd \u0159e\u0161\u00edme velmi r\u00e1di \u201c \u0159\u00edk\u00e1 Erik Severinson, obchodn\u00ed \u0159editel Volvo Cars.<\/p>\n<p><img loading=\"lazy\" decoding=\"async\" class=\"alignnone wp-image-20149\" src=\"http:\/\/www.automakers.cz\/wp-content\/uploads\/2026\/03\/Volvo-SUV-EX60-1-900x506.jpg\" alt=\"\" width=\"969\" height=\"545\" \/><\/p>\n<p>\u201eVelmi n\u00e1s t\u011b\u0161\u00ed tak siln\u00e1 popt\u00e1vka po na\u0161em pr\u016flomov\u00e9m elektrick\u00e9m SUV. Nyn\u00ed proto p\u0159ehodnocujeme v\u00fdrobn\u00ed pl\u00e1ny pro rok 2026, proto\u017ee u\u017e p\u0159\u00ed\u0161t\u00ed m\u011bs\u00edc zah\u00e1j\u00edme v\u00fdrobu voz\u016f pro z\u00e1kazn\u00edky,\u201c dod\u00e1v\u00e1 Erik Severinson.<\/p>\n<p>Model EX60, kter\u00fd byl na konci ledna p\u0159edstaven s velmi pozitivn\u00ed odezvou, je navr\u017een tak, aby byl pro Volvo Cars i jeho z\u00e1kazn\u00edky skute\u010dnou zm\u011bnou pravidel hry. Nab\u00edz\u00ed nejvy\u0161\u0161\u00ed dojezd ve sv\u00e9 t\u0159\u00edd\u011b, nab\u00edj\u00ed se rychlost\u00ed srovnatelnou s b\u011b\u017enou zast\u00e1vkou na k\u00e1vu a tankov\u00e1n\u00ed a jeho cena je nastavena na \u00farove\u0148 nejprod\u00e1van\u011bj\u0161\u00edho plug-in hybridu XC60.<\/p>\n<p><img loading=\"lazy\" decoding=\"async\" class=\"alignnone wp-image-20152\" src=\"http:\/\/www.automakers.cz\/wp-content\/uploads\/2026\/03\/Volvo-SUV-EX60-4-900x506.jpg\" alt=\"\" width=\"987\" height=\"555\" \/><\/p>\n<p>Z\u00e1jem o nov\u00e9 Volvo EX60 p\u0159ekon\u00e1v\u00e1 o\u010dek\u00e1v\u00e1n\u00ed i v \u010cesk\u00e9 republice. Roadshow, b\u011bhem n\u00ed\u017e si mohou z\u00e1jemci v\u016fz poprv\u00e9 prohl\u00e9dnout na vlastn\u00ed o\u010di, startuje 18. b\u0159ezna v Praze a do 27. b\u0159ezna zav\u00edt\u00e1 tak\u00e9 k dal\u0161\u00edm autorizovan\u00fdm partner\u016fm Volvo po cel\u00e9 republice.<\/p>\n<p>Kapacita jednotliv\u00fdch prezentac\u00ed je omezen\u00e1, proto je doporu\u010deno rezervovat si konkr\u00e9tn\u00ed \u010das n\u00e1v\u0161t\u011bvy p\u0159edem prost\u0159ednictv\u00edm online formul\u00e1\u0159e.<\/p>\n<p>Na \u010desk\u00e9m trhu za\u010d\u00edn\u00e1 z\u00e1kladn\u00ed cena modelu EX60 na 1 562 000 K\u010d v\u010detn\u011b DPH. D\u00edky partnerstv\u00ed se spole\u010dnost\u00ed Arval CZ mohou letos z\u00e1jemci vyu\u017e\u00edt tak\u00e9 nab\u00eddku financov\u00e1n\u00ed s m\u011bs\u00ed\u010dn\u00ed spl\u00e1tkou od 14 990 K\u010d bez DPH.<\/p>\n<p><img loading=\"lazy\" decoding=\"async\" class=\"alignnone wp-image-20150\" src=\"http:\/\/www.automakers.cz\/wp-content\/uploads\/2026\/03\/Volvo-SUV-EX60-3-900x506.jpg\" alt=\"\" width=\"984\" height=\"553\" \/><\/p>\n","protected":false},"excerpt":{"rendered":"<p>Volvo Cars zvy\u0161uje pl\u00e1novan\u00e9 v\u00fdrobn\u00ed objemy pro rok 2026 u sv\u00e9ho pln\u011b elektrick\u00e9ho SUV EX60&#8230;<\/p>\n","protected":false},"author":2,"featured_media":20147,"comment_status":"closed","ping_status":"closed","sticky":false,"template":"","format":"standard","meta":{"footnotes":""},"categories":[37,9,69,18],"tags":[],"class_list":["post-20146","post","type-post","status-publish","format-standard","has-post-thumbnail","hentry","category-ceny-novinek","category-elektromobily","category-suv","category-vyroba"],"_links":{"self":[{"href":"https:\/\/www.automakers.cz\/index.php?rest_route=\/wp\/v2\/posts\/20146","targetHints":{"allow":["GET"]}}],"collection":[{"href":"https:\/\/www.automakers.cz\/index.php?rest_route=\/wp\/v2\/posts"}],"about":[{"href":"https:\/\/www.automakers.cz\/index.php?rest_route=\/wp\/v2\/types\/post"}],"author":[{"embeddable":true,"href":"https:\/\/www.automakers.cz\/index.php?rest_route=\/wp\/v2\/users\/2"}],"replies":[{"embeddable":true,"href":"https:\/\/www.automakers.cz\/index.php?rest_route=%2Fwp%2Fv2%2Fcomments&post=20146"}],"version-history":[{"count":3,"href":"https:\/\/www.automakers.cz\/index.php?rest_route=\/wp\/v2\/posts\/20146\/revisions"}],"predecessor-version":[{"id":20155,"href":"https:\/\/www.automakers.cz\/index.php?rest_route=\/wp\/v2\/posts\/20146\/revisions\/20155"}],"wp:featuredmedia":[{"embeddable":true,"href":"https:\/\/www.automakers.cz\/index.php?rest_route=\/wp\/v2\/media\/20147"}],"wp:attachment":[{"href":"https:\/\/www.automakers.cz\/index.php?rest_route=%2Fwp%2Fv2%2Fmedia&parent=20146"}],"wp:term":[{"taxonomy":"category","embeddable":true,"href":"https:\/\/www.automakers.cz\/index.php?rest_route=%2Fwp%2Fv2%2Fcategories&post=20146"},{"taxonomy":"post_tag","embeddable":true,"href":"https:\/\/www.automakers.cz\/index.php?rest_route=%2Fwp%2Fv2%2Ftags&post=20146"}],"curies":[{"name":"wp","href":"https:\/\/api.w.org\/{rel}","templated":true}]}}