{"id":20176,"date":"2026-03-10T09:40:15","date_gmt":"2026-03-10T09:40:15","guid":{"rendered":"https:\/\/www.automakers.cz\/?p=20176"},"modified":"2026-03-10T10:33:26","modified_gmt":"2026-03-10T10:33:26","slug":"renault-zverejnil-plan-na-12-novych-modelu","status":"publish","type":"post","link":"https:\/\/www.automakers.cz\/?p=20176","title":{"rendered":"Renault zve\u0159ejnil pl\u00e1n na v\u00fdrobu 12 nov\u00fdch model\u016f"},"content":{"rendered":"<p><strong>Francouzsk\u00fd Renault \u010del\u00ed poklesu prodeje, ceny akci\u00ed a rostouc\u00edm \u010d\u00ednsk\u00fdm konkurent\u016fm. Jeho \u0161\u00e9f Francois Provost zve\u0159ejnil pl\u00e1n futureREady, kter\u00fd m\u00e1 automobilku vr\u00e1tit do kladn\u00fdch \u010d\u00edsel. Je zalo\u017een\u00fd na sn\u00ed\u017een\u00ed mar\u017e\u00ed a n\u00e1klad\u016f a nov\u00fdch modelech. V Evrop\u011b pl\u00e1nuje Renault do roku 2030 uv\u00e9st na trh 12 nov\u00fdch aut.<\/strong><!--more--><\/p>\n<p><strong>V segmentech A a B, kde Renault historicky zauj\u00edm\u00e1 vedouc\u00ed pozici, bude zna\u010dka i nad\u00e1le posilovat svou dynamiku<\/strong>. K tomuto \u00fa\u010delu se bude op\u00edrat o siln\u00e9, komplement\u00e1rn\u00ed modely uveden\u00e9 na trh v ned\u00e1vn\u00e9 dob\u011b, v\u010detn\u011b nov\u00fdch model\u016f Clio, Renault 5 E-Tech elektrick\u00fd a Renault 4 E-Tech elektrick\u00fd, jako\u017e i Twingo E-Tech elektrick\u00fd, aby roz\u0161\u00ed\u0159ila sv\u00e9 pokryt\u00ed trhu do segmentu A.<\/p>\n<p><strong><b>V segmentech C a D<\/b><\/strong>, kter\u00e9 v sou\u010dasn\u00e9 dob\u011b p\u0159edstavuj\u00ed 30 % prodeje, <strong>p\u0159ipravuje Renault druhou vlnu vozidel <\/strong>s novou generac\u00ed elektrick\u00fdch a hybridn\u00edch model\u016f. Jeho ambic\u00ed je uv\u00e1d\u011bt na trh nep\u0159etr\u017eit\u00fd proud inovac\u00ed vytv\u00e1\u0159ej\u00edc\u00edch hodnotu a z\u00e1rove\u0148 zlep\u0161ovat cenovou dostupnost.<\/p>\n<p><strong>Zaveden\u00ed elektrifikace v cel\u00e9 v\u00fdrobn\u00ed \u0159ad\u011b <\/strong><\/p>\n<p>Hybridn\u00ed pohonn\u00e1 jednotka z\u016fstane z\u00e1kladn\u00edm kamenem evropsk\u00e9 modelov\u00e9 \u0159ady. <strong>Renault potvrdil pl\u00e1ny na zachov\u00e1n\u00ed sv\u00e9 nab\u00eddky pln\u011b hybridn\u00edch model\u016f E-Tech v Evrop\u011b i po roce 2030<\/strong>. Tato hybridn\u00ed pohonn\u00e1 jednotka je uzn\u00e1van\u00e1 pro svou \u00fa\u010dinnost z hlediska spot\u0159eby paliva a emis\u00ed CO<sub>2<\/sub>. Pro mnoho z\u00e1kazn\u00edk\u016f je prvn\u00edm krokem k p\u0159echodu na pln\u011b elektrick\u00e9 vozidlo.<\/p>\n<p>Zna\u010dka tak\u00e9 zintenzivn\u00ed sv\u00e9 \u00fasil\u00ed mimo Evropu, aby vyvinula alternativu k dieselov\u00fdm motor\u016fm v \u0159ad\u011b region\u016f po cel\u00e9m sv\u011bt\u011b. N\u011bkter\u00e9 modely budou nab\u00edzet elektrick\u00fd pohonn\u00fd syst\u00e9m vedle hybridn\u00edch a spalovac\u00edch motor\u016f.<\/p>\n<p>Pln\u011b elektrick\u00e1 vozidla tak\u00e9 z\u016fst\u00e1vaj\u00ed j\u00e1drem strategie Renaultu. P\u0159\u00ed\u0161t\u00ed generace vozidel segment\u016f C a D \u00a0\u00a0u bude postavena na <strong><b>nov\u00e9 elektrick\u00e9 platform\u011b RGEV medium 2.0<\/b><\/strong>. Tato platforma, navr\u017een\u00e1 pro evropsk\u00e9 trhy, nab\u00edz\u00ed v\u011bt\u0161\u00ed dojezd, 800V architekturu pro ultrarychl\u00e9 nab\u00edjen\u00ed, \u0161pi\u010dkov\u00e9 technologie a optimalizovanou \u00fa\u010dinnost. Tato modul\u00e1rn\u00ed a univerz\u00e1ln\u00ed architektura, navr\u017een\u00e1 pro segmenty B+ a\u017e D, je schopna pojmout v\u0161echny typy karoseri\u00ed. Bude implementov\u00e1na ve t\u0159ech konfigurac\u00edch: 100% elektrick\u00e1 s dojezdem a\u017e 750 km WLTP, elektrick\u00e1 4&#215;4 s ta\u017enou kapacitou a\u017e 2 tuny nebo elektrick\u00e1 s prodlu\u017eova\u010dem dojezdu, kter\u00fd zvy\u0161uje celkov\u00fd dojezd na 1 400 km. Renault tak nab\u00edz\u00ed inovativn\u00ed, spolehliv\u00e9 a jednoduch\u00e9 \u0159e\u0161en\u00ed, kter\u00e9 kombinuje v\u00fdhody pln\u011b elektrick\u00e9 mobility, kter\u00e1 si porad\u00ed i s n\u00e1ro\u010dn\u00fdmi podm\u00ednkami, s volnost\u00ed j\u00edzdy na dlouh\u00e9 vzd\u00e1lenosti, kter\u00e1 neomezuje elektrick\u00fd z\u00e1\u017eitek.<\/p>\n<p><strong><b>Pokud jde o u\u017eitkov\u00e1 vozidla, Renault urychluje proces elektrifikace <\/b><\/strong>s dod\u00e1vkou Trafic van E-Tech electric. Prvn\u00ed softwarov\u011b definovan\u00e9 vozidlo (SDV) t\u00e9to zna\u010dky bude tak\u00e9 prvn\u00edm, kter\u00e9 bude vybaveno technologi\u00ed 800 umo\u017e\u0148uj\u00edc\u00ed rychl\u00e9 nab\u00edjen\u00ed s dojezdem a\u017e 450 km.<\/p>\n<p><strong>Cena akci\u00ed Renaultu klesla za posledn\u00ed rok na Pa\u0159\u00ed\u017esk\u00e9 burze o v\u00edce ne\u017e 39 procent! Akcion\u00e1\u0159i po\u017eaduj\u00ed po managementu lep\u0161\u00ed \u010d\u00edsla.\u00a0<\/strong><\/p>\n<p><img loading=\"lazy\" decoding=\"async\" class=\"alignnone size-medium wp-image-20180\" src=\"http:\/\/www.automakers.cz\/wp-content\/uploads\/2026\/03\/Renault-akcie-pokles-2026-612x900.jpg\" alt=\"\" width=\"612\" height=\"900\" srcset=\"https:\/\/www.automakers.cz\/wp-content\/uploads\/2026\/03\/Renault-akcie-pokles-2026-612x900.jpg 612w, https:\/\/www.automakers.cz\/wp-content\/uploads\/2026\/03\/Renault-akcie-pokles-2026-697x1024.jpg 697w, https:\/\/www.automakers.cz\/wp-content\/uploads\/2026\/03\/Renault-akcie-pokles-2026-768x1129.jpg 768w, https:\/\/www.automakers.cz\/wp-content\/uploads\/2026\/03\/Renault-akcie-pokles-2026.jpg 918w\" sizes=\"auto, (max-width: 612px) 100vw, 612px\" \/><\/p>\n<p><strong>Zdroj: Automotive News, Renault \u010cR, \u010cS Broker<\/strong><\/p>\n<p>&nbsp;<\/p>\n<p>&nbsp;<\/p>\n<p>&nbsp;<\/p>\n","protected":false},"excerpt":{"rendered":"<p>Francouzsk\u00fd Renault \u010del\u00ed poklesu prodeje, ceny akci\u00ed a rostouc\u00edm \u010d\u00ednsk\u00fdm konkurent\u016fm. Jeho \u0161\u00e9f Francois Provost&#8230;<\/p>\n","protected":false},"author":1,"featured_media":20178,"comment_status":"closed","ping_status":"closed","sticky":false,"template":"","format":"standard","meta":{"footnotes":""},"categories":[108,31,18],"tags":[],"class_list":["post-20176","post","type-post","status-publish","format-standard","has-post-thumbnail","hentry","category-akcie","category-news","category-vyroba"],"_links":{"self":[{"href":"https:\/\/www.automakers.cz\/index.php?rest_route=\/wp\/v2\/posts\/20176","targetHints":{"allow":["GET"]}}],"collection":[{"href":"https:\/\/www.automakers.cz\/index.php?rest_route=\/wp\/v2\/posts"}],"about":[{"href":"https:\/\/www.automakers.cz\/index.php?rest_route=\/wp\/v2\/types\/post"}],"author":[{"embeddable":true,"href":"https:\/\/www.automakers.cz\/index.php?rest_route=\/wp\/v2\/users\/1"}],"replies":[{"embeddable":true,"href":"https:\/\/www.automakers.cz\/index.php?rest_route=%2Fwp%2Fv2%2Fcomments&post=20176"}],"version-history":[{"count":5,"href":"https:\/\/www.automakers.cz\/index.php?rest_route=\/wp\/v2\/posts\/20176\/revisions"}],"predecessor-version":[{"id":20190,"href":"https:\/\/www.automakers.cz\/index.php?rest_route=\/wp\/v2\/posts\/20176\/revisions\/20190"}],"wp:featuredmedia":[{"embeddable":true,"href":"https:\/\/www.automakers.cz\/index.php?rest_route=\/wp\/v2\/media\/20178"}],"wp:attachment":[{"href":"https:\/\/www.automakers.cz\/index.php?rest_route=%2Fwp%2Fv2%2Fmedia&parent=20176"}],"wp:term":[{"taxonomy":"category","embeddable":true,"href":"https:\/\/www.automakers.cz\/index.php?rest_route=%2Fwp%2Fv2%2Fcategories&post=20176"},{"taxonomy":"post_tag","embeddable":true,"href":"https:\/\/www.automakers.cz\/index.php?rest_route=%2Fwp%2Fv2%2Ftags&post=20176"}],"curies":[{"name":"wp","href":"https:\/\/api.w.org\/{rel}","templated":true}]}}