{"id":20191,"date":"2026-03-11T07:46:52","date_gmt":"2026-03-11T07:46:52","guid":{"rendered":"https:\/\/www.automakers.cz\/?p=20191"},"modified":"2026-03-11T07:46:52","modified_gmt":"2026-03-11T07:46:52","slug":"carvago-analyzovalo-najezdy-ojetin-v-evropskych-zemich","status":"publish","type":"post","link":"https:\/\/www.automakers.cz\/?p=20191","title":{"rendered":"Carvago analyzovalo n\u00e1jezdy ojetin v evropsk\u00fdch zem\u00edch"},"content":{"rendered":"<p><strong>Kilometrov\u00fd n\u00e1jezd je vedle specifikace a ceny nejost\u0159eji sledovan\u00fdm parametrem p\u0159i v\u00fdb\u011bru auta z druh\u00e9 ruky. Identick\u00e9 vozy stejn\u00e9ho st\u00e1\u0159\u00ed p\u0159itom nap\u0159\u00ed\u010d evropsk\u00fdmi trhy vykazuj\u00ed propastn\u00e9 rozd\u00edly v najet\u00fdch kilometrech, odhalila aktu\u00e1ln\u00ed anal\u00fdza spole\u010dnosti Carvago.<\/strong><!--more--><\/p>\n<p>\u201eN\u00e1kup online otev\u00edr\u00e1 z\u00e1kazn\u00edk\u016fm dve\u0159e k milion\u016fm voz\u016f po cel\u00e9 Evrop\u011b. Jedna v\u011bc je, \u017ee v zahrani\u010d\u00ed lze konkr\u00e9tn\u00ed modely \u010dasto po\u0159\u00eddit v\u00fdhodn\u011bji ne\u017e v zem\u00edch, kde je po nich nejv\u011bt\u0161\u00ed popt\u00e1vka. To z\u00e1kazn\u00edci Carvago u\u017e dob\u0159e v\u011bd\u00ed. Dramaticky se ov\u0161em li\u0161\u00ed i pr\u016fm\u011brn\u00e9 n\u00e1jezdy,\u201c \u0159\u00edk\u00e1 zakladatel a CEO Carvago Jakub \u0160ulta.<\/p>\n<p>\u201eZat\u00edmco p\u011btilet\u00fd Golf m\u00e1 v N\u011bmecku m\u00e9n\u011b ne\u017e polovi\u010dn\u00ed pr\u016fm\u011brn\u00fd n\u00e1jezd oproti Polsku, Italov\u00e9 najdou svoji ikonu Fiat 500 s polovi\u010dn\u00edm n\u00e1jezdem v Rumunsku nebo \u010cesk\u00e9 republice. To jsou jen dva konkr\u00e9tn\u00ed p\u0159\u00edklady, kter\u00e9 n\u00e1zorn\u011b ilustruj\u00ed, pro\u010d je chybou omezovat se p\u0159i hled\u00e1n\u00ed vozu jen na lok\u00e1ln\u00ed trh,\u201c dod\u00e1v\u00e1 Jakub \u0160ulta.<\/p>\n<p>Typick\u00fdm p\u0159\u00edkladem je Volkswagen Golf 1.5 TSI DSG poprv\u00e9 zaregistrovan\u00fd v roce 2021. V N\u011bmecku m\u00e1 pr\u016fm\u011brn\u011b najeto jen 61 tis\u00edc km. Ve srovn\u00e1n\u00ed s t\u00edm vykazuj\u00ed vozy z \u010desk\u00e9ho, slovensk\u00e9ho a polsk\u00e9ho trhu n\u00e1jezdy v rozmez\u00ed 112 a\u017e 134 tis\u00edc km \u2013 rozd\u00edl je v\u00edce ne\u017e dvojn\u00e1sobn\u00fd. Podobn\u00fd vzorec plat\u00ed i pro mana\u017eersk\u00e9 BMW 320d Touring. V It\u00e1lii maj\u00ed tyto vozy dr\u017e\u00ed pr\u016fm\u011brn\u00fd n\u00e1jezd 103 tis\u00edc km, zat\u00edmco na Slovensku nebo v Rumunsku atakuj\u00ed hranici 160 tis\u00edc km (rozd\u00edl 55 %).*<\/p>\n<p><strong>Pr\u016fm\u011brn\u00fd n\u00e1jezd p\u011btilet\u00fdch voz\u016f\u00a0<\/strong><\/p>\n<p>Vysok\u00fd rozd\u00edl v pr\u016fm\u011brn\u00fdch n\u00e1jezdech je z velk\u00e9 \u010d\u00e1sti zp\u016fsoben t\u00edm, \u017ee slu\u017eebn\u00ed vozy opou\u0161t\u011bj\u00ed po ukon\u010den\u00ed t\u0159\u00ed- nebo \u010dty\u0159let\u00fdch leasing\u016f z\u00e1padn\u00ed zem\u011b a m\u00ed\u0159\u00ed do bazar\u016f ve st\u0159edn\u00ed a v\u00fdchodn\u00ed Evrop\u011b, zat\u00edmco \u201edoma\u201c z\u016fst\u00e1vaj\u00ed zachoval\u00e9, m\u00e9n\u011b vyt\u011b\u017eovan\u00e9 vozy soukrom\u00fdch vlastn\u00edk\u016f. Nen\u00ed to v\u0161ak obecn\u011b platn\u00fd princip, z\u00e1le\u017e\u00ed v\u017edy na konkr\u00e9tn\u00ed zemi a konkr\u00e9tn\u00edm modelu.<\/p>\n<p>Ikonick\u00fd m\u011bstsk\u00fd model Fiat 500 na dom\u00e1c\u00edm italsk\u00e9m trhu re\u00e1ln\u011b slou\u017e\u00ed k intenzivn\u00edmu denn\u00edmu pou\u017e\u00edv\u00e1n\u00ed a po p\u011bti letech vykazuje nejvy\u0161\u0161\u00ed pr\u016fm\u011brn\u00fd n\u00e1jezd (54 tis\u00edc km). V zem\u00edch jako \u010cesko, N\u011bmecko nebo \u0160v\u00e9dsko naopak pln\u00ed roli sp\u00ed\u0161e stylov\u00e9ho druh\u00e9ho nebo t\u0159et\u00edho vozu v dom\u00e1cnosti. Italsk\u00e9mu z\u00e1kazn\u00edkovi tou\u017e\u00edc\u00edmu po zachoval\u00e9 \u201enuova cinquecento\u201c se tak p\u0159ekvapiv\u011b vyplat\u00ed hledat Fiat 500 za hranicemi sv\u00e9 zem\u011b.<\/p>\n<p>\u201eNejv\u011bt\u0161\u00ed s\u00edla Carvago je v tom, \u017ee n\u00e1ro\u010dn\u011bj\u0161\u00ed z\u00e1kazn\u00edk nen\u00ed omezen nab\u00eddkou m\u00edstn\u00edch bazar\u016f. Doslova z pohodl\u00ed sv\u00e9ho gau\u010de si vybere a nech\u00e1 p\u0159istavit a\u017e p\u0159ed d\u016fm v\u016fz p\u0159esn\u011b podle sv\u00fdch p\u0159edstav \u2013 a\u0165 u\u017e se jedn\u00e1 o barvu, v\u00fdbavu, motor nebo pr\u00e1v\u011b n\u00e1jezd,\u201c dopl\u0148uje Jakub \u0160ulta.<\/p>\n<p>Jak ale na d\u00e1lku ov\u011b\u0159it, \u017ee v\u016fz s l\u00e1kav\u011b n\u00edzk\u00fdm n\u00e1jezdem skute\u010dn\u011b odpov\u00edd\u00e1 tomu, co slibuje inzer\u00e1t? Aby byl p\u0159eshrani\u010dn\u00ed n\u00e1kup zcela bezpe\u010dn\u00fd a transparentn\u00ed, ka\u017ed\u00e9 vozidlo zakoupen\u00e9 p\u0159es Carvago proch\u00e1z\u00ed kontrolou historie v\u010detn\u011b prov\u011b\u0159en\u00ed spole\u010dnost\u00ed Cebia a certifikovanou technickou prohl\u00eddkou CarAudit. Nez\u00e1visl\u00fd mechanik prov\u011b\u0159\u00ed v\u016fz v a\u017e 270 kontroln\u00edch bodech a z\u00e1kazn\u00edk n\u00e1sledn\u011b obdr\u017e\u00ed detailn\u00ed zpr\u00e1vu o jeho skute\u010dn\u00e9m technick\u00e9m stavu v\u010detn\u011b fotodokumentace. Pokud v\u016fz nespln\u00ed p\u0159\u00edsn\u00e1 kvalitativn\u00ed krit\u00e9ria, Carvago n\u00e1kup nedoporu\u010d\u00ed a z\u00e1kazn\u00edkovi zdarma prov\u011b\u0159\u00ed jinou vybranou alternativu.<\/p>\n<p>*Pozn\u00e1mka k metodice: Nejprod\u00e1van\u011bj\u0161\u00ed specifikace t\u0159\u00ed celoevropsky obl\u00edben\u00fdch model\u016f, BMW \u0159ady 3, Fiat 500 a Volkswagenu Golf, v\u017edy s rokem 1. registrace 2021. Data vych\u00e1zej\u00ed z inzer\u00e1t\u016f aktivn\u00edch v \u00fanoru 2026 na 14 sledovan\u00fdch evropsk\u00fdch trz\u00edch.<\/p>\n<p><strong>Zdroj:<\/strong><\/p>\n<p><img loading=\"lazy\" decoding=\"async\" class=\"alignnone size-medium wp-image-20194\" src=\"http:\/\/www.automakers.cz\/wp-content\/uploads\/2026\/03\/Snimek-obrazovky_10-3-2026_121830_www.bing_.com_-900x401.jpeg\" alt=\"\" width=\"900\" height=\"401\" \/><\/p>\n<p>&nbsp;<\/p>\n","protected":false},"excerpt":{"rendered":"<p>Kilometrov\u00fd n\u00e1jezd je vedle specifikace a ceny nejost\u0159eji sledovan\u00fdm parametrem p\u0159i v\u00fdb\u011bru auta z druh\u00e9&#8230;<\/p>\n","protected":false},"author":2,"featured_media":20195,"comment_status":"closed","ping_status":"closed","sticky":false,"template":"","format":"standard","meta":{"footnotes":""},"categories":[42,55],"tags":[],"class_list":["post-20191","post","type-post","status-publish","format-standard","has-post-thumbnail","hentry","category-analyza","category-bazary"],"_links":{"self":[{"href":"https:\/\/www.automakers.cz\/index.php?rest_route=\/wp\/v2\/posts\/20191","targetHints":{"allow":["GET"]}}],"collection":[{"href":"https:\/\/www.automakers.cz\/index.php?rest_route=\/wp\/v2\/posts"}],"about":[{"href":"https:\/\/www.automakers.cz\/index.php?rest_route=\/wp\/v2\/types\/post"}],"author":[{"embeddable":true,"href":"https:\/\/www.automakers.cz\/index.php?rest_route=\/wp\/v2\/users\/2"}],"replies":[{"embeddable":true,"href":"https:\/\/www.automakers.cz\/index.php?rest_route=%2Fwp%2Fv2%2Fcomments&post=20191"}],"version-history":[{"count":6,"href":"https:\/\/www.automakers.cz\/index.php?rest_route=\/wp\/v2\/posts\/20191\/revisions"}],"predecessor-version":[{"id":20211,"href":"https:\/\/www.automakers.cz\/index.php?rest_route=\/wp\/v2\/posts\/20191\/revisions\/20211"}],"wp:featuredmedia":[{"embeddable":true,"href":"https:\/\/www.automakers.cz\/index.php?rest_route=\/wp\/v2\/media\/20195"}],"wp:attachment":[{"href":"https:\/\/www.automakers.cz\/index.php?rest_route=%2Fwp%2Fv2%2Fmedia&parent=20191"}],"wp:term":[{"taxonomy":"category","embeddable":true,"href":"https:\/\/www.automakers.cz\/index.php?rest_route=%2Fwp%2Fv2%2Fcategories&post=20191"},{"taxonomy":"post_tag","embeddable":true,"href":"https:\/\/www.automakers.cz\/index.php?rest_route=%2Fwp%2Fv2%2Ftags&post=20191"}],"curies":[{"name":"wp","href":"https:\/\/api.w.org\/{rel}","templated":true}]}}