{"id":20213,"date":"2026-03-11T08:55:16","date_gmt":"2026-03-11T08:55:16","guid":{"rendered":"https:\/\/www.automakers.cz\/?p=20213"},"modified":"2026-03-23T14:51:12","modified_gmt":"2026-03-23T14:51:12","slug":"novinari-testovali-bmw-ix3-v-rokycanech","status":"publish","type":"post","link":"https:\/\/www.automakers.cz\/?p=20213","title":{"rendered":"Novin\u00e1\u0159i testovali BMW iX3 v Rokycanech"},"content":{"rendered":"<h4 class=\"teaser clear\">Elektrick\u00e9 BMW iX3 z generace Neue Klasse m\u011blo loni na podzim \u010deskou premi\u00e9ru v Uheln\u00e9m ml\u00fdn\u011b v Lib\u010dic\u00edch nad Vltavou, mluv\u010d\u00ed zna\u010dky David Haidinger uspo\u0159\u00e1dal 9. b\u0159ezna prvn\u00ed novin\u00e1\u0159sk\u00e9 testovac\u00ed j\u00edzdy. Jelo se z Prahy do rokycansk\u00e9 vily Fitz.<\/h4>\n<p><!--more--><\/p>\n<p>Novinka z d\u00edlny BMW se vyr\u00e1b\u00ed v ma\u010farsk\u00e9m Debrec\u00ednu, pro \u010desko byla pro leto\u0161ek ur\u010dena prodejn\u00ed kv\u00f3ta 200 kus\u016f.<\/p>\n<p><strong>Vyprodan\u00e1 kv\u00f3ta 260 kus\u016f<\/strong><\/p>\n<p>&#8222;Evidujeme ale v\u00edce objedn\u00e1vek, proto jsme tov\u00e1rnu po\u017e\u00e1dali o dal\u0161\u00edch \u0161edes\u00e1t kus\u016f,&#8220; p\u0159ibl\u00ed\u017eil novin\u00e1\u0159\u016fm v r\u00e1mci technick\u00e9 prezentace leto\u0161n\u00ed prodejn\u00ed situaci<strong> David Haidinger<\/strong> s t\u00edm, \u017ee on\u011bch 60 aut u\u017e je tak\u00e9 prodan\u00fdch.<\/p>\n<p><iframe loading=\"lazy\"  id=\"_ytid_15420\"  width=\"640\" height=\"360\"  data-origwidth=\"640\" data-origheight=\"360\" src=\"https:\/\/www.youtube.com\/embed\/ORHA7fUyvyc?enablejsapi=1&#038;autoplay=0&#038;cc_load_policy=0&#038;cc_lang_pref=&#038;iv_load_policy=1&#038;loop=0&#038;modestbranding=0&#038;rel=1&#038;fs=1&#038;playsinline=0&#038;autohide=2&#038;theme=dark&#038;color=red&#038;controls=1&#038;\" class=\"__youtube_prefs__  epyt-is-override  no-lazyload\" title=\"YouTube player\"  allow=\"accelerometer; autoplay; clipboard-write; encrypted-media; gyroscope; picture-in-picture\" allowfullscreen data-no-lazy=\"1\" data-skipgform_ajax_framebjll=\"\"><\/iframe><\/p>\n<p>BMW iX3 je prvn\u00ed model z nov\u00e9 generace pln\u011b elektrick\u00fdch voz\u016f Neue Klasse. Je prvn\u00edm s\u00e9riov\u00fdm modelem, ve kter\u00e9m nalezneme koncept <strong><em>BMW<\/em> Panoramic iDrive.<\/strong> Zna\u010dka p\u0159idala tak\u00e9 regula\u010dn\u00ed syst\u00e9m pohonu a j\u00edzdn\u00ed dynamiky <strong><em>BMW<\/em>\u00a0Heart of Joy<\/strong>.<\/p>\n<p>Kooperuj\u00edc\u00ed interakce zalo\u017een\u00e1 na um\u011bl\u00e9 inteligenci d\u00e1le vylep\u0161uje j\u00edzdu: krom\u011b adaptivn\u00edho \u0159\u00edzen\u00ed zav\u00e1d\u00ed model iX3 tak\u00e9 symbiotick\u00e9 brzdy \u2013 p\u0159i lehk\u00e9m brzd\u011bn\u00ed nedoch\u00e1z\u00ed k vypnut\u00ed tempomatu. Zavazadlov\u00fd prostor\u00a0<em>BMW<\/em> iX3 nab\u00edz\u00ed objem a\u017e 1 750 litr\u016f po sklopen\u00ed zadn\u00edch sedadel a sou\u010dasn\u011b je obohacen\u00fd o dal\u0161\u00edch 58 litr\u016f prostoru pod p\u0159edn\u00ed kapotou.<\/p>\n<p><strong><em>BMW<\/em> iX3 m\u00e1 celkov\u00fd v\u00fdkon 345 kW<\/strong> (469 k) a z 0 na 100 km\/h zrychl\u00ed za 4,9 s. D\u00edky vyu\u017eiteln\u00e9 kapacit\u011b baterie 108,7 kWh je dojezd na elekt\u0159inu 805-720 km a p\u0159i maxim\u00e1ln\u00edm nab\u00edjen\u00ed stejnosm\u011brn\u00fdm proudem v\u00fdkonem 400 kW je baterie znovu pln\u011b nabit\u00e1 (z 10 na 80 %) za pouh\u00fdch 21 minut.<\/p>\n<p><img loading=\"lazy\" decoding=\"async\" class=\"alignnone size-medium wp-image-20221\" src=\"http:\/\/www.automakers.cz\/wp-content\/uploads\/2026\/03\/BMW-Haidinger-TK-Fritz-orez-900x491.jpg\" alt=\"\" width=\"900\" height=\"491\" srcset=\"https:\/\/www.automakers.cz\/wp-content\/uploads\/2026\/03\/BMW-Haidinger-TK-Fritz-orez-900x491.jpg 900w, https:\/\/www.automakers.cz\/wp-content\/uploads\/2026\/03\/BMW-Haidinger-TK-Fritz-orez-1024x558.jpg 1024w, https:\/\/www.automakers.cz\/wp-content\/uploads\/2026\/03\/BMW-Haidinger-TK-Fritz-orez-768x419.jpg 768w, https:\/\/www.automakers.cz\/wp-content\/uploads\/2026\/03\/BMW-Haidinger-TK-Fritz-orez-1536x837.jpg 1536w, https:\/\/www.automakers.cz\/wp-content\/uploads\/2026\/03\/BMW-Haidinger-TK-Fritz-orez.jpg 1827w\" sizes=\"auto, (max-width: 900px) 100vw, 900px\" \/><strong>Prezentace v rokycansk\u00e9 Ville Fritz nab\u00eddla vedle informace o cen\u011b novinky tak\u00e9 zaj\u00edmav\u00e9 srovn\u00e1n\u00ed ceny se \u0160kodou Elroq p\u0159epo\u010d\u00edtanou na 1 kWh.\u00a0<\/strong><\/p>\n<p><img loading=\"lazy\" decoding=\"async\" class=\"alignnone size-medium wp-image-20220\" src=\"http:\/\/www.automakers.cz\/wp-content\/uploads\/2026\/03\/BMW-cena-iX3-orez-900x641.jpg\" alt=\"\" width=\"900\" height=\"641\" srcset=\"https:\/\/www.automakers.cz\/wp-content\/uploads\/2026\/03\/BMW-cena-iX3-orez-900x641.jpg 900w, https:\/\/www.automakers.cz\/wp-content\/uploads\/2026\/03\/BMW-cena-iX3-orez-1024x729.jpg 1024w, https:\/\/www.automakers.cz\/wp-content\/uploads\/2026\/03\/BMW-cena-iX3-orez-768x547.jpg 768w, https:\/\/www.automakers.cz\/wp-content\/uploads\/2026\/03\/BMW-cena-iX3-orez.jpg 1432w\" sizes=\"auto, (max-width: 900px) 100vw, 900px\" \/><\/p>\n<table border=\"0\" width=\"100%\" cellspacing=\"0\" cellpadding=\"0\">\n<tbody>\n<tr>\n<td><strong>Erich Handl, Rokycany, Video: Lud\u011bk Kortus<\/strong><\/td>\n<\/tr>\n<\/tbody>\n<\/table>\n<p><strong>Loni v Lib\u010dic\u00edch byla k vid\u011bn\u00ed\u00a0 verze iX3 50 xDrive, tedy \u00favodn\u00ed proveden\u00ed, kter\u00e9 zahajuje nab\u00eddku nov\u00e9 modelov\u00e9 \u0159ady.<\/strong><\/p>\n<p><img loading=\"lazy\" decoding=\"async\" class=\"alignnone size-medium wp-image-17305\" src=\"http:\/\/www.automakers.cz\/wp-content\/uploads\/2025\/10\/BMW-iX3-Libcice-novinari-orez-900x542.jpg\" alt=\"\" width=\"900\" height=\"542\" \/><\/p>\n","protected":false},"excerpt":{"rendered":"<p>Elektrick\u00e9 BMW iX3 z generace Neue Klasse m\u011blo loni na podzim \u010deskou premi\u00e9ru v Uheln\u00e9m&#8230;<\/p>\n","protected":false},"author":1,"featured_media":20160,"comment_status":"closed","ping_status":"closed","sticky":false,"template":"","format":"standard","meta":{"footnotes":""},"categories":[59,37,9,28,20,66],"tags":[],"class_list":["post-20213","post","type-post","status-publish","format-standard","has-post-thumbnail","hentry","category-automakers-tv","category-ceny-novinek","category-elektromobily","category-testy","category-tiskovky","category-video"],"_links":{"self":[{"href":"https:\/\/www.automakers.cz\/index.php?rest_route=\/wp\/v2\/posts\/20213","targetHints":{"allow":["GET"]}}],"collection":[{"href":"https:\/\/www.automakers.cz\/index.php?rest_route=\/wp\/v2\/posts"}],"about":[{"href":"https:\/\/www.automakers.cz\/index.php?rest_route=\/wp\/v2\/types\/post"}],"author":[{"embeddable":true,"href":"https:\/\/www.automakers.cz\/index.php?rest_route=\/wp\/v2\/users\/1"}],"replies":[{"embeddable":true,"href":"https:\/\/www.automakers.cz\/index.php?rest_route=%2Fwp%2Fv2%2Fcomments&post=20213"}],"version-history":[{"count":8,"href":"https:\/\/www.automakers.cz\/index.php?rest_route=\/wp\/v2\/posts\/20213\/revisions"}],"predecessor-version":[{"id":20513,"href":"https:\/\/www.automakers.cz\/index.php?rest_route=\/wp\/v2\/posts\/20213\/revisions\/20513"}],"wp:featuredmedia":[{"embeddable":true,"href":"https:\/\/www.automakers.cz\/index.php?rest_route=\/wp\/v2\/media\/20160"}],"wp:attachment":[{"href":"https:\/\/www.automakers.cz\/index.php?rest_route=%2Fwp%2Fv2%2Fmedia&parent=20213"}],"wp:term":[{"taxonomy":"category","embeddable":true,"href":"https:\/\/www.automakers.cz\/index.php?rest_route=%2Fwp%2Fv2%2Fcategories&post=20213"},{"taxonomy":"post_tag","embeddable":true,"href":"https:\/\/www.automakers.cz\/index.php?rest_route=%2Fwp%2Fv2%2Ftags&post=20213"}],"curies":[{"name":"wp","href":"https:\/\/api.w.org\/{rel}","templated":true}]}}