{"id":20268,"date":"2026-03-12T14:29:34","date_gmt":"2026-03-12T14:29:34","guid":{"rendered":"https:\/\/www.automakers.cz\/?p=20268"},"modified":"2026-03-12T14:29:34","modified_gmt":"2026-03-12T14:29:34","slug":"ceny-wernera-siemense-2025-rozdany","status":"publish","type":"post","link":"https:\/\/www.automakers.cz\/?p=20268","title":{"rendered":"Ceny Wernera Siemense 2025 rozd\u00e1ny"},"content":{"rendered":"<p><strong>\u010cesk\u00fd Siemens ud\u011blil Ceny Wernera von Siemense za rok 2025 nejlep\u0161\u00edm student\u016fm, mlad\u00fdm v\u011bdc\u016fm a\u202fpedagog\u016fm. V\u00edt\u011bzn\u00e9 pr\u00e1ce z\u202foblast\u00ed technick\u00fdch a p\u0159\u00edrodov\u011bdn\u00fdch obor\u016f vybraly odborn\u00e9 poroty v\u202fkategori\u00edch: Nejlep\u0161\u00ed v\u00fdsledek z\u00e1kladn\u00edho v\u00fdzkumu, Nejlep\u0161\u00ed diplomov\u00e1 pr\u00e1ce, Nejlep\u0161\u00ed diserta\u010dn\u00ed pr\u00e1ce a Nejlep\u0161\u00ed pedagogick\u00fd pracovn\u00edk.\u00a0<\/strong><!--more--><\/p>\n<p>Spolu se studenty a studentkami z\u00edsk\u00e1vaj\u00ed odm\u011bnu i\u202fvedouc\u00ed a\u202f\u0161kolitel\u00e9 jejich prac\u00ed. Ocen\u011bn\u00ed byla ud\u011blena za vynikaj\u00edc\u00ed kvalitu \u017eensk\u00e9 v\u011bdeck\u00e9 pr\u00e1ce a za absolventsk\u00e9 pr\u00e1ce zab\u00fdvaj\u00edc\u00ed se t\u00e9maty konceptu Pr\u016fmysl 4.0 a chytrou infrastrukturou a energetikou.<\/p>\n<p>Odborn\u00e9 poroty hodnotily\u202f662 p\u0159ihl\u00e1\u0161ek a 22 ocen\u011bn\u00fdch si rozd\u011blilo jeden milion korun. Z\u202fcelkov\u00e9ho po\u010dtu p\u0159ihl\u00e1\u0161en\u00fdch tvo\u0159ily 39 % \u017eeny, kter\u00e9 mezi ocen\u011bn\u00fdmi p\u0159edstavuj\u00ed 36 %. Nejv\u00edc ocen\u011bn\u00ed z\u00edskala Univerzita Karlova (8 ocen\u011bn\u00ed), pot\u00e9 Akademie v\u011bd \u010cR (4 ocen\u011bn\u00ed), \u010cesk\u00e9 vysok\u00e9 u\u010den\u00ed technick\u00e9 v\u202fPraze a Vysok\u00e1 \u0161kola b\u00e1\u0148sk\u00e1 \u2013 Technick\u00e1 univerzita Ostrava (shodn\u011b po 3 ocen\u011bn\u00edch), Masarykova univerzita (2 ocen\u011bn\u00ed) a Vysok\u00e9 u\u010den\u00ed technick\u00e9 v Brn\u011b a Univerzita Pardubice (po 1 ocen\u011bn\u00ed). Od po\u010d\u00e1tku po\u0159\u00e1d\u00e1n\u00ed sout\u011b\u017ee bylo mezi ocen\u011bn\u00e9 rozd\u011bleno 18,5 milionu K\u010d.<\/p>\n<p>\u201eOcen\u011bn\u00e9 pr\u00e1ce a osobnosti osmadvac\u00e1t\u00e9ho ro\u010dn\u00edku Ceny Wernera von Siemense jsou dokladem \u0161pi\u010dkov\u00e9 kvality na\u0161ich technick\u00fdch a p\u0159\u00edrodov\u011bdn\u00fdch univerzit. \u017dijeme v dob\u011b, kdy doch\u00e1z\u00ed k nastavov\u00e1n\u00ed a vyty\u010dov\u00e1n\u00ed hranic: geografick\u00fdch, hodnotov\u00fdch i mor\u00e1ln\u00edch. V tomto kontextu roste d\u016fle\u017eitost v\u011bdy, kter\u00e1 hranice nezn\u00e1. V\u011bda a v\u00fdzkum naopak spojuj\u00ed \u2013 jejich jednozna\u010dnost, fakty podlo\u017een\u00e9 v\u00fdsledky a univerz\u00e1lnost v\u0161echny hranice p\u0159esahuj\u00ed. Leto\u0161n\u00ed pr\u00e1ce jsou toho skv\u011bl\u00fdm d\u016fkazem: od pr\u016flomov\u00fdch materi\u00e1l\u016f pro jadernou f\u00fazi a\u017e po inteligentn\u00ed spolupr\u00e1ci mezi roboty a lidmi nebo nov\u00e9 metody boje s rakovinou. To jsou t\u00e9mata, kter\u00e1 formuj\u00ed na\u0161i budoucnost. Jejich v\u00fdzkum nen\u00ed jen v\u011bdeck\u00fdm p\u0159\u00ednosem, ale i d\u016fkazem, \u017ee spole\u010dn\u00e1 pr\u00e1ce na hled\u00e1n\u00ed jejich \u0159e\u0161en\u00ed dok\u00e1\u017ee v\u0161echny hranice p\u0159ekonat,\u201c uvedl Eduard Pal\u00ed\u0161ek, gener\u00e1ln\u00ed \u0159editel Siemens \u010cesk\u00e1 republika.<\/p>\n<p><img loading=\"lazy\" decoding=\"async\" class=\"alignnone wp-image-20270\" src=\"http:\/\/www.automakers.cz\/wp-content\/uploads\/2026\/03\/Ceny-Wernera-von-Siemense-2025-rozdany-2-900x675.jpg\" alt=\"\" width=\"959\" height=\"719\" \/><\/p>\n<p>Cenu Wernera von Siemense za nejv\u00fdznamn\u011bj\u0161\u00ed v\u00fdsledek z\u00e1kladn\u00edho v\u00fdzkumu z\u00edskal t\u00fdm pod veden\u00edm doc. RNDr. Martina Koz\u00e1ka, Ph.D. z Univerzity Karlovy za pr\u00e1ci s n\u00e1zvem Korekce sf\u00e9rick\u00e9 vady elektronov\u00fdch \u010do\u010dek pomoc\u00ed tvarovan\u00fdch sv\u011bteln\u00fdch vln. T\u00e9matem ocen\u011bn\u00e9 pr\u00e1ce je v\u00fdvoj metod dovoluj\u00edc\u00edch pokro\u010dil\u00e9 a p\u0159esn\u00e9 ovl\u00e1d\u00e1n\u00ed elektron\u016f pomoc\u00ed tvarovan\u00fdch sv\u011bteln\u00fdch vln. \u0158\u00edzen\u00e9 urychlov\u00e1n\u00ed anebo zpomalov\u00e1n\u00ed elektron\u016f pak lze vyu\u017e\u00edt ke korekci sf\u00e9rick\u00e9 vady zobrazen\u00ed elektronov\u00e9ho mikroskopu.<\/p>\n<p>V \u202fkategorii nejlep\u0161\u00ed diserta\u010dn\u00ed pr\u00e1ce a z\u00e1rove\u0148 ocen\u011bn\u00ed za vynikaj\u00edc\u00ed kvalitu \u017eensk\u00e9 v\u011bdeck\u00e9 pr\u00e1ce z\u00edskala cenu Mgr. Ad\u00e9la \u0160imkov\u00e1, Ph.D. z P\u0159\u00edrodov\u011bdeck\u00e9 fakulty Univerzity Karlovy za pr\u00e1ci z oblasti chemie s\u202fn\u00e1zvem N\u00e1vrh, synt\u00e9za a charakterizace nov\u00fdch inhibitor\u016f fibroblastov\u00e9ho aktiva\u010dn\u00edho proteinu pro c\u00edlen\u00ed n\u00e1dorov\u00e9 tk\u00e1n\u011b. Klasick\u00e1 l\u00e9\u010dba n\u00e1dor\u016f, kter\u00e9 jsou v\u00fdsledkem rakovinn\u00e9ho bujen\u00ed, a\u0165 ji\u017e ve form\u011b chemoterapie, anebo radioterapie, bohu\u017eel v\u017edy zasahuje nejen n\u00e1dorov\u00e9, ale i zdrav\u00e9 bu\u0148ky. Naj\u00edt rozd\u00edly mezi rakovinn\u00fdmi a zdrav\u00fdmi bu\u0148kami a tyto rozd\u00edly pak vyu\u017e\u00edt k p\u0159esn\u00e9mu zac\u00edlen\u00ed l\u00e9\u010dby proto pat\u0159\u00ed k nejd\u016fle\u017eit\u011bj\u0161\u00edm v\u011bdeck\u00fdm \u00fakol\u016fm, na kter\u00fdch se intenzivn\u011b pracuje po cel\u00e9m sv\u011bt\u011b.<\/p>\n<p>Ad\u00e9la \u0160imkov\u00e1 b\u011bhem doktorsk\u00e9ho studia vyvinula novou l\u00e1tku, kter\u00e1 umo\u017e\u0148uje p\u0159esnou lokalizaci n\u00e1doru pro budouc\u00ed adresn\u00e9 doru\u010den\u00ed l\u00e9\u010diva. Ad\u00e9la \u0160imkov\u00e1 je p\u0159esv\u011bd\u010den\u00e1, \u017ee bychom se m\u011bli zam\u011b\u0159ovat na pozitivn\u00ed p\u0159\u00edklady a d\u00e1t pozor na nekonstruktivn\u00ed lamentov\u00e1n\u00ed, kter\u00e9 m\u016f\u017ee b\u00fdt pro ostatn\u00ed \u017eeny sp\u00ed\u0161 odrazuj\u00edc\u00ed. Data v\u0161ak mluv\u00ed jasn\u011b \u2013 s p\u0159ib\u00fdvaj\u00edc\u00edmi \u201eakademick\u00fdmi hodnostmi\u201c \u017eeny z v\u011bdy miz\u00ed, a t\u00edm je pot\u0159eba se syst\u00e9mov\u011b zab\u00fdvat.<\/p>\n<p>Cenu Wernera von Siemense za nejlep\u0161\u00ed diplomovou pr\u00e1ci z\u00edskala Mgr. Dominika Bezdekov\u00e1 z P\u0159\u00edrodov\u011bdeck\u00e9 fakulty Masarykovy univerzity za pr\u00e1ci z oboru chemie s\u202fn\u00e1zvem MALDI(-2) MS zobrazov\u00e1n\u00ed isomer\u016f lipid\u016f li\u0161\u00edc\u00edch se polohou dvojn\u00e9 vazby v biologick\u00fdch vzorc\u00edch tk\u00e1n\u00ed. Dominice Bezdekov\u00e9 se poda\u0159ilo zdokonalit metodu ozonizace \u2013 ur\u010dov\u00e1n\u00ed polohy dvojn\u00fdch vazeb lipid\u016f pomoc\u00ed reakce s oz\u00f3nem v kombinaci s hmotnostn\u00ed spektrometri\u00ed. V\u00fdsledky pr\u00e1ce mohou p\u0159isp\u011bt k lep\u0161\u00edmu pochopen\u00ed biologick\u00fdch funkc\u00ed lipid\u016f v organismu a p\u0159i vzniku nemoc\u00ed.<\/p>\n<p><img loading=\"lazy\" decoding=\"async\" class=\"alignnone wp-image-20271\" src=\"http:\/\/www.automakers.cz\/wp-content\/uploads\/2026\/03\/Ceny-Wernera-von-Siemense-2025-rozdany-3-900x506.png\" alt=\"\" width=\"991\" height=\"557\" \/><\/p>\n<p>V kategorii nejlep\u0161\u00ed pedagogick\u00fd pracovn\u00edk obdr\u017eela Cenu Wernera von Siemense za rok 2025 \u00fapln\u011b poprv\u00e9 v historii pedago\u017eka Fakulty restaurov\u00e1n\u00ed Univerzity Pardubice MgA. Zuzana Wichterlov\u00e1. Cenu z\u00edskala za vysokou profesionalitu pedagogick\u00e9 pr\u00e1ce a za mimo\u0159\u00e1dn\u00e9 \u00fasil\u00ed propojovat v\u00fduku s prax\u00ed. Aktivity Zuzany Wichterlov\u00e9 p\u0159esahuj\u00ed do r\u016fzn\u00fdch discipl\u00edn \u2013 od techniky a technologie p\u0159es \u0159emeslo a\u017e po um\u011bn\u00ed. Pro studenty je p\u0159\u00edkladem modern\u00edho interdisciplin\u00e1rn\u00edho p\u0159\u00edstupu, uplat\u0148ovan\u00e9ho v praktick\u00e9 p\u00e9\u010di o hmotn\u00e9 kulturn\u00ed d\u011bdictv\u00ed, a inspirac\u00ed v propojov\u00e1n\u00ed v\u00fdtvarn\u00fdch a um\u011bleck\u00fdch discipl\u00edn s humanitn\u00edmi a materi\u00e1lov\u00fdmi v\u011bdami.<\/p>\n<p>Za nejlep\u0161\u00ed diplomovou pr\u00e1ci zab\u00fdvaj\u00edc\u00ed se t\u00e9maty konceptu Pr\u016fmysl\u202f4.0 byla ocen\u011bna Ing. Elizaveta Isianova z Fakulty elektrotechnick\u00e9 \u010cesk\u00e9ho vysok\u00e9ho u\u010den\u00ed technick\u00e9ho v Praze za pr\u00e1ci s n\u00e1zvem Odhad pozice \u00fachopu objekt\u016f pomoc\u00ed multimod\u00e1ln\u00edch model\u016f. Ocen\u011bn\u00ed za nejlep\u0161\u00ed diserta\u010dn\u00ed pr\u00e1ci zab\u00fdvaj\u00edc\u00ed se t\u00e9maty konceptu Pr\u016fmysl 4.0 z\u00edskal Ing. Jakub Rozlivek, Ph.D. z Fakulty elektrotechnick\u00e9 \u010cesk\u00e9ho vysok\u00e9ho u\u010den\u00ed technick\u00e9ho v Praze za pr\u00e1ci Vn\u00edm\u00e1n\u00ed a bezpe\u010dnost p\u0159i interakci \u010dlov\u011bka s robotem v t\u011bsn\u00e9 bl\u00edzkosti.<\/p>\n<p>Ocen\u011bn\u00ed za nejlep\u0161\u00ed diplomovou pr\u00e1ci zab\u00fdvaj\u00edc\u00ed se chytrou infrastrukturou a energetikou z\u00edskal Ing. Tom\u00e1\u0161 Fry\u0161t\u00e1k z Fakulty elektrotechniky a komunika\u010dn\u00edch technologi\u00ed Vysok\u00e9ho u\u010den\u00ed technick\u00e9ho v Brn\u011b s prac\u00ed na t\u00e9ma Anal\u00fdza provozu m\u011bni\u010dov\u00fdch nap\u00e1je\u010d\u016f trak\u010dn\u00ed soustavy 25 kV \/ 50 Hz v re\u017eimu podp\u016frn\u00fdch slu\u017eeb. Nejlep\u0161\u00ed diserta\u010dn\u00ed prac\u00ed zab\u00fdvaj\u00edc\u00ed se chytrou infrastrukturou a energetikou se stalo t\u00e9ma Optimalizace ve SMART GRID od Ing. Vojt\u011bcha Bla\u017eka, Ph.D. z Fakulty elektrotechniky a informatiky Vysok\u00e9 \u0161koly b\u00e1\u0148sk\u00e9 \u2013 Technick\u00e9 univerzity Ostrava.<\/p>\n<p><img loading=\"lazy\" decoding=\"async\" class=\"alignnone wp-image-20272\" src=\"http:\/\/www.automakers.cz\/wp-content\/uploads\/2026\/03\/Ceny-Wernera-von-Siemense-2025-rozdany-4-900x675.jpg\" alt=\"\" width=\"992\" height=\"744\" \/><\/p>\n","protected":false},"excerpt":{"rendered":"<p>\u010cesk\u00fd Siemens ud\u011blil Ceny Wernera von Siemense za rok 2025 nejlep\u0161\u00edm student\u016fm, mlad\u00fdm v\u011bdc\u016fm a\u202fpedagog\u016fm&#8230;.<\/p>\n","protected":false},"author":2,"featured_media":20269,"comment_status":"closed","ping_status":"closed","sticky":false,"template":"","format":"standard","meta":{"footnotes":""},"categories":[26,53,95,46],"tags":[],"class_list":["post-20268","post","type-post","status-publish","format-standard","has-post-thumbnail","hentry","category-eventy","category-vysledky","category-vyzkum","category-vzdelani"],"_links":{"self":[{"href":"https:\/\/www.automakers.cz\/index.php?rest_route=\/wp\/v2\/posts\/20268","targetHints":{"allow":["GET"]}}],"collection":[{"href":"https:\/\/www.automakers.cz\/index.php?rest_route=\/wp\/v2\/posts"}],"about":[{"href":"https:\/\/www.automakers.cz\/index.php?rest_route=\/wp\/v2\/types\/post"}],"author":[{"embeddable":true,"href":"https:\/\/www.automakers.cz\/index.php?rest_route=\/wp\/v2\/users\/2"}],"replies":[{"embeddable":true,"href":"https:\/\/www.automakers.cz\/index.php?rest_route=%2Fwp%2Fv2%2Fcomments&post=20268"}],"version-history":[{"count":4,"href":"https:\/\/www.automakers.cz\/index.php?rest_route=\/wp\/v2\/posts\/20268\/revisions"}],"predecessor-version":[{"id":20278,"href":"https:\/\/www.automakers.cz\/index.php?rest_route=\/wp\/v2\/posts\/20268\/revisions\/20278"}],"wp:featuredmedia":[{"embeddable":true,"href":"https:\/\/www.automakers.cz\/index.php?rest_route=\/wp\/v2\/media\/20269"}],"wp:attachment":[{"href":"https:\/\/www.automakers.cz\/index.php?rest_route=%2Fwp%2Fv2%2Fmedia&parent=20268"}],"wp:term":[{"taxonomy":"category","embeddable":true,"href":"https:\/\/www.automakers.cz\/index.php?rest_route=%2Fwp%2Fv2%2Fcategories&post=20268"},{"taxonomy":"post_tag","embeddable":true,"href":"https:\/\/www.automakers.cz\/index.php?rest_route=%2Fwp%2Fv2%2Ftags&post=20268"}],"curies":[{"name":"wp","href":"https:\/\/api.w.org\/{rel}","templated":true}]}}