{"id":20279,"date":"2026-03-12T14:42:16","date_gmt":"2026-03-12T14:42:16","guid":{"rendered":"https:\/\/www.automakers.cz\/?p=20279"},"modified":"2026-03-12T14:48:23","modified_gmt":"2026-03-12T14:48:23","slug":"snemovna-projednala-silnicni-novelu","status":"publish","type":"post","link":"https:\/\/www.automakers.cz\/?p=20279","title":{"rendered":"Sn\u011bmovna projednala silni\u010dn\u00ed novelu"},"content":{"rendered":"<p class=\"xmprfx_MsoNormal\"><b>Poslaneck\u00e1 sn\u011bmovna v prvn\u00edm \u010dten\u00ed projednala novelu z\u00e1kona o silni\u010dn\u00edm provozu, kter\u00e1 m\u00e1 do \u010desk\u00e9ho pr\u00e1vn\u00edho \u0159\u00e1du zav\u00e9st aktualizovan\u00e1 evropsk\u00e1 pravidla pro inteligentn\u00ed dopravn\u00ed syst\u00e9my. Tato legislativa zajist\u00ed zp\u0159\u00edstupn\u011bn\u00ed kl\u00ed\u010dov\u00fdch dopravn\u00edch dat ve\u0159ejnosti v digit\u00e1ln\u00ed, strojov\u011b \u010diteln\u00e9, podob\u011b. P\u0159edlohou se nyn\u00ed bude zab\u00fdvat Hospod\u00e1\u0159sk\u00fd v\u00fdbor.<\/b><!--more--><\/p>\n<p class=\"xmprfx_MsoNormal\"><i>\u201eD\u00edky t\u00e9to novele postupn\u011b zp\u0159\u00edstupn\u00edme d\u016fle\u017eit\u00e1 dopravn\u00ed data v\u0161em \u2013 ob\u010dan\u016fm, firm\u00e1m i v\u00fdvoj\u00e1\u0159\u016fm. Otev\u0159en\u00e1 data lidem usnadn\u00ed cestov\u00e1n\u00ed a z\u00e1rove\u0148 podpo\u0159\u00ed vznik modern\u00edch digit\u00e1ln\u00edch slu\u017eeb, nap\u0159\u00edklad vyhled\u00e1va\u010d\u016f spojen\u00ed nebo pokro\u010dilej\u0161\u00edch aplikac\u00ed pro pl\u00e1nov\u00e1n\u00ed cest. T\u00edmto krokem rozv\u00edj\u00edme chytrou mobilitu, kter\u00e1 p\u0159isp\u00edv\u00e1 k bezpe\u010dn\u011bj\u0161\u00ed a efektivn\u011bj\u0161\u00ed doprav\u011b,\u201c<\/i><b>\u00a0<\/b>\u0159\u00edk\u00e1 ministr dopravy<b>\u00a0Ivan Bedn\u00e1rik.<\/b><\/p>\n<p class=\"xmprfx_MsoNormal\">Prost\u0159ednictv\u00edm Celost\u00e1tn\u00edho dopravn\u00edho informa\u010dn\u00edho syst\u00e9mu, jeho\u017e spr\u00e1vcem je \u0158editelstv\u00ed silnic a d\u00e1lnic, budou ve\u0159ejn\u011b dostupn\u00e9 nejen informace o aktu\u00e1ln\u00ed dopravn\u00ed situaci, ale nov\u011b tak\u00e9 nap\u0159\u00edklad data o do\u010dasn\u00e9m dopravn\u00edm zna\u010den\u00ed, omezen\u00edch provozu nebo vybran\u00fdch parkovi\u0161t\u00edch a jejich dostupnosti. Roz\u0161i\u0159uje se tak okruh informac\u00ed z\u00a0r\u016fzn\u00fdch zdroj\u016f, kter\u00e1 bude mo\u017en\u00e9 vyu\u017e\u00edt. Aktu\u00e1ln\u011b je u\u017e \u0159ada dat ka\u017ed\u00e9mu dostupn\u00e1, t\u0159eba na webu\u00a0<a href=\"https:\/\/dopravniinfo.gov.cz\/\" target=\"_blank\" rel=\"noopener noreferrer\">dopravniinfo.cz<\/a>.<\/p>\n<p><img loading=\"lazy\" decoding=\"async\" class=\"alignnone size-medium wp-image-8283\" src=\"http:\/\/www.automakers.cz\/wp-content\/uploads\/2024\/10\/Parlament-interpelace-900x506.jpg\" alt=\"\" width=\"900\" height=\"506\" srcset=\"https:\/\/www.automakers.cz\/wp-content\/uploads\/2024\/10\/Parlament-interpelace-900x506.jpg 900w, https:\/\/www.automakers.cz\/wp-content\/uploads\/2024\/10\/Parlament-interpelace-1024x576.jpg 1024w, https:\/\/www.automakers.cz\/wp-content\/uploads\/2024\/10\/Parlament-interpelace-768x432.jpg 768w, https:\/\/www.automakers.cz\/wp-content\/uploads\/2024\/10\/Parlament-interpelace-1536x864.jpg 1536w, https:\/\/www.automakers.cz\/wp-content\/uploads\/2024\/10\/Parlament-interpelace-1280x720.jpg 1280w, https:\/\/www.automakers.cz\/wp-content\/uploads\/2024\/10\/Parlament-interpelace.jpg 2040w\" sizes=\"auto, (max-width: 900px) 100vw, 900px\" \/><strong>Mimo webu \u0158SD budou moci informace vyu\u017e\u00edvat i tv\u016frci r\u016fzn\u00fdch priv\u00e1tn\u00edch digit\u00e1ln\u00edch n\u00e1stroj\u016f, jako jsou nap\u0159\u00edklad mobiln\u00ed navigace. Data budou k dispozici v jednotn\u00e9m celoevropsk\u00e9m form\u00e1tu.<\/strong><\/p>\n<p>Zdroj: MD<\/p>\n","protected":false},"excerpt":{"rendered":"<p>Poslaneck\u00e1 sn\u011bmovna v prvn\u00edm \u010dten\u00ed projednala novelu z\u00e1kona o silni\u010dn\u00edm provozu, kter\u00e1 m\u00e1 do \u010desk\u00e9ho&#8230;<\/p>\n","protected":false},"author":1,"featured_media":20280,"comment_status":"closed","ping_status":"closed","sticky":false,"template":"","format":"standard","meta":{"footnotes":""},"categories":[47,25],"tags":[],"class_list":["post-20279","post","type-post","status-publish","format-standard","has-post-thumbnail","hentry","category-doprava","category-legislativa"],"_links":{"self":[{"href":"https:\/\/www.automakers.cz\/index.php?rest_route=\/wp\/v2\/posts\/20279","targetHints":{"allow":["GET"]}}],"collection":[{"href":"https:\/\/www.automakers.cz\/index.php?rest_route=\/wp\/v2\/posts"}],"about":[{"href":"https:\/\/www.automakers.cz\/index.php?rest_route=\/wp\/v2\/types\/post"}],"author":[{"embeddable":true,"href":"https:\/\/www.automakers.cz\/index.php?rest_route=\/wp\/v2\/users\/1"}],"replies":[{"embeddable":true,"href":"https:\/\/www.automakers.cz\/index.php?rest_route=%2Fwp%2Fv2%2Fcomments&post=20279"}],"version-history":[{"count":2,"href":"https:\/\/www.automakers.cz\/index.php?rest_route=\/wp\/v2\/posts\/20279\/revisions"}],"predecessor-version":[{"id":20282,"href":"https:\/\/www.automakers.cz\/index.php?rest_route=\/wp\/v2\/posts\/20279\/revisions\/20282"}],"wp:featuredmedia":[{"embeddable":true,"href":"https:\/\/www.automakers.cz\/index.php?rest_route=\/wp\/v2\/media\/20280"}],"wp:attachment":[{"href":"https:\/\/www.automakers.cz\/index.php?rest_route=%2Fwp%2Fv2%2Fmedia&parent=20279"}],"wp:term":[{"taxonomy":"category","embeddable":true,"href":"https:\/\/www.automakers.cz\/index.php?rest_route=%2Fwp%2Fv2%2Fcategories&post=20279"},{"taxonomy":"post_tag","embeddable":true,"href":"https:\/\/www.automakers.cz\/index.php?rest_route=%2Fwp%2Fv2%2Ftags&post=20279"}],"curies":[{"name":"wp","href":"https:\/\/api.w.org\/{rel}","templated":true}]}}