{"id":20298,"date":"2026-03-15T09:05:08","date_gmt":"2026-03-15T09:05:08","guid":{"rendered":"https:\/\/www.automakers.cz\/?p=20298"},"modified":"2026-03-15T09:05:08","modified_gmt":"2026-03-15T09:05:08","slug":"citroen-hleda-nejstarsi-berlingo-v-cesku","status":"publish","type":"post","link":"https:\/\/www.automakers.cz\/?p=20298","title":{"rendered":"Citro\u00ebn hled\u00e1 nejstar\u0161\u00ed Berlingo v \u010cesku"},"content":{"rendered":"<p><strong>Citro\u00ebn vyhl\u00e1sil v \u010cesk\u00e9 republice p\u00e1tr\u00e1n\u00ed po nejstar\u0161\u00edm voze Citro\u00ebn Berlingo, kter\u00fd je st\u00e1le v provozu. Majitele, kte\u0159\u00ed maj\u00ed doma Berlingo prvn\u00ed generace v osobn\u00ed \u010di u\u017eitkov\u00e9 verzi, vyb\u00edz\u00ed, aby se zapojili a sv\u016fj v\u016fz p\u0159ihl\u00e1sili.<\/strong><!--more--><\/p>\n<p>Model Citro\u00ebn Berlingo, kter\u00fd byl na evropsk\u00fd trh uveden v roce 1996, letos v \u010dervenci oslav\u00ed 30 let sv\u00e9 existence. U\u017e p\u0159i sv\u00e9m uveden\u00ed vzbudil pozornost. Jako prvn\u00ed dod\u00e1vka s integrovan\u00fdm n\u00e1kladov\u00fdm prostorem z\u00e1rove\u0148 vytvo\u0159il nov\u00fd segment voz\u016f zn\u00e1m\u00fd jako \u201eludospace\u201c, a to d\u00edky osobn\u00ed verzi Berlingo Multispace.<\/p>\n<p>Berlingo byl p\u016fvodn\u011b navr\u017een jako u\u017eitkov\u00fd v\u016fz. Jeho odvozen\u00e1 osobn\u00ed verze v\u0161ak dok\u00e1zala ide\u00e1ln\u011b spojit prakti\u010dnost a v\u0161estrannost s komfortem osobn\u00edho automobilu. D\u00edky tomu si z\u00edskal p\u0159\u00edze\u0148 soukrom\u00fdch z\u00e1kazn\u00edk\u016f, zejm\u00e9na rodin, ale tak\u00e9 \u017eivnostn\u00edk\u016f, pro kter\u00e9 Berlingo plnilo roli jak pracovn\u00edho n\u00e1stroje, tak i pohodln\u00e9ho a variabiln\u00edho vozu pro voln\u00fd \u010das.<\/p>\n<p><img loading=\"lazy\" decoding=\"async\" class=\"alignnone wp-image-20301\" src=\"http:\/\/www.automakers.cz\/wp-content\/uploads\/2026\/03\/det_berlingo_multispace_06-900x600.jpg\" alt=\"\" width=\"980\" height=\"653\" \/><\/p>\n<p>Citro\u00ebn Berlingo byl popul\u00e1rn\u00ed po cel\u00e9m sv\u011bt\u011b a obzvl\u00e1\u0161\u0165 v \u010cesk\u00e9 republice, jak potvrzuje marketingov\u00e1 \u0159editelka zna\u010dky Citro\u00ebn v \u010cR, Lenka Martinov\u00e1: \u201eBerlingo je ikonou, kter\u00e1 spoluvytv\u00e1\u0159ela image Citro\u00ebnu v \u010cesku. Pro mnoh\u00e9 se dokonce stal samotn\u00fdm symbolem zna\u010dky. I proto jsme se u p\u0159\u00edle\u017eitosti jeho 30. narozenin rozhodli p\u0159ipomenout jeho slavn\u00e9 za\u010d\u00e1tky a z\u00e1rove\u0148 zd\u016fraznit jeho spolehlivost a odolnost, tedy vlastnosti, o kter\u00fdch sv\u011bd\u010d\u00ed i velk\u00fd po\u010det voz\u016f prvn\u00ed generace, kter\u00e9 st\u00e1le jezd\u00ed a pln\u00ed svou roli \u2013 vozu pro ka\u017ed\u00fd den, r\u016fznorod\u00e9 u\u017eit\u00ed i n\u00e1ro\u010dn\u00e9 pot\u0159eby klient\u016f. Zveme hrd\u00e9 majitele vozu Citro\u00ebn Berlingo, aby p\u0159ijali v\u00fdzvu a pomohli n\u00e1m naj\u00edt nejstar\u0161\u00ed Berlingo v \u010cesku.\u201c<\/p>\n<p>Z\u00e1kazn\u00edci, kte\u0159\u00ed vlastn\u00ed Citro\u00ebn Berlingo prvn\u00ed generace, se mohou do v\u00fdzvy \u201eHled\u00e1me nejstar\u0161\u00ed Berlingo\u201c zapojit velmi snadno. Sta\u010d\u00ed zaslat fotografii a kr\u00e1tk\u00fd p\u0159\u00edb\u011bh vozu na e-mail marketing.citroen@c-automobil-import.cz<\/p>\n<p>V\u00edt\u011bzn\u00fd model bude vyhl\u00e1\u0161en v \u010dervenci u p\u0159\u00edle\u017eitosti oslavy 30 let a jeho p\u0159\u00edb\u011bh bude zve\u0159ejn\u011bn v letn\u00edm \u010d\u00edsle Citro\u00ebn Magaz\u00ednu.<\/p>\n<p><img loading=\"lazy\" decoding=\"async\" class=\"alignnone wp-image-20302\" src=\"http:\/\/www.automakers.cz\/wp-content\/uploads\/2026\/03\/berlingo_2002_3_quarts_avant_2_0-900x600.jpg\" alt=\"\" width=\"984\" height=\"656\" \/><\/p>\n<p>Tento v\u016fz tak bude \u017eivouc\u00ed p\u0159ipom\u00ednkou historie Berlinga, modelu, kter\u00fd je uk\u00e1zkou mimo\u0159\u00e1dn\u00e9ho obchodn\u00edho \u00fasp\u011bchu: V roce 1996, kdy byl tento model uveden na trh, se v \u010cesku prodalo 42 osobn\u00edch a 104 u\u017eitkov\u00fdch verz\u00ed Berlinga. U\u017e o rok pozd\u011bji ale prodeje v\u00fdrazn\u011b vzrostly na 690 osobn\u00edch a 337 u\u017eitkov\u00fdch voz\u016f. T\u011bsn\u011b p\u0159ed genera\u010dn\u00ed obm\u011bnou, v roce 2007, Berlingo zaznamenalo prodejn\u00ed rekord: 2520 osobn\u00edch a 501 u\u017eitkov\u00fdch voz\u016f. To p\u0159edstavovalo t\u0159etinu celkov\u00fdch prodej\u016f zna\u010dky Citro\u00ebn v \u010cR. Z\u00e1rove\u0148 byl tento model suver\u00e9nn\u00edm l\u00eddrem segmentu osobn\u00edch dod\u00e1vek na \u010desk\u00e9m trhu.<\/p>\n<p>Dne\u0161n\u00ed Citro\u00ebn Berlingo je z\u00e1stupcem u\u017e t\u0159et\u00ed generace. Ta byla uvedena na trh v roce 2018, v roce 2024 pak zna\u010dka p\u0159edstavila facelift. Sou\u010dasn\u00e9 Berlingo stejn\u011b jako i p\u0159edchoz\u00ed dv\u011b generace z\u016fst\u00e1v\u00e1 pil\u00ed\u0159em produktov\u00e9 nab\u00eddky zna\u010dky Citro\u00ebn.<\/p>\n<p><img loading=\"lazy\" decoding=\"async\" class=\"alignnone wp-image-20303\" src=\"http:\/\/www.automakers.cz\/wp-content\/uploads\/2026\/03\/berlingo_2002_interieur_2_0-900x600.jpg\" alt=\"\" width=\"975\" height=\"650\" \/><\/p>\n","protected":false},"excerpt":{"rendered":"<p>Citro\u00ebn vyhl\u00e1sil v \u010cesk\u00e9 republice p\u00e1tr\u00e1n\u00ed po nejstar\u0161\u00edm voze Citro\u00ebn Berlingo, kter\u00fd je st\u00e1le v&#8230;<\/p>\n","protected":false},"author":2,"featured_media":20299,"comment_status":"closed","ping_status":"closed","sticky":false,"template":"","format":"standard","meta":{"footnotes":""},"categories":[24,34,4],"tags":[],"class_list":["post-20298","post","type-post","status-publish","format-standard","has-post-thumbnail","hentry","category-akce","category-veterani","category-vyroci"],"_links":{"self":[{"href":"https:\/\/www.automakers.cz\/index.php?rest_route=\/wp\/v2\/posts\/20298","targetHints":{"allow":["GET"]}}],"collection":[{"href":"https:\/\/www.automakers.cz\/index.php?rest_route=\/wp\/v2\/posts"}],"about":[{"href":"https:\/\/www.automakers.cz\/index.php?rest_route=\/wp\/v2\/types\/post"}],"author":[{"embeddable":true,"href":"https:\/\/www.automakers.cz\/index.php?rest_route=\/wp\/v2\/users\/2"}],"replies":[{"embeddable":true,"href":"https:\/\/www.automakers.cz\/index.php?rest_route=%2Fwp%2Fv2%2Fcomments&post=20298"}],"version-history":[{"count":3,"href":"https:\/\/www.automakers.cz\/index.php?rest_route=\/wp\/v2\/posts\/20298\/revisions"}],"predecessor-version":[{"id":20305,"href":"https:\/\/www.automakers.cz\/index.php?rest_route=\/wp\/v2\/posts\/20298\/revisions\/20305"}],"wp:featuredmedia":[{"embeddable":true,"href":"https:\/\/www.automakers.cz\/index.php?rest_route=\/wp\/v2\/media\/20299"}],"wp:attachment":[{"href":"https:\/\/www.automakers.cz\/index.php?rest_route=%2Fwp%2Fv2%2Fmedia&parent=20298"}],"wp:term":[{"taxonomy":"category","embeddable":true,"href":"https:\/\/www.automakers.cz\/index.php?rest_route=%2Fwp%2Fv2%2Fcategories&post=20298"},{"taxonomy":"post_tag","embeddable":true,"href":"https:\/\/www.automakers.cz\/index.php?rest_route=%2Fwp%2Fv2%2Ftags&post=20298"}],"curies":[{"name":"wp","href":"https:\/\/api.w.org\/{rel}","templated":true}]}}