{"id":2032,"date":"2024-02-08T12:44:36","date_gmt":"2024-02-08T12:44:36","guid":{"rendered":"https:\/\/www.automakers.cz\/?p=2032"},"modified":"2024-02-08T13:07:25","modified_gmt":"2024-02-08T13:07:25","slug":"auto-roku-2024-hostilo-manazerskou-elitu-video","status":"publish","type":"post","link":"https:\/\/www.automakers.cz\/?p=2032","title":{"rendered":"Auto roku 2024 hostilo mana\u017eerskou elitu (Video)"},"content":{"rendered":"<p><strong>Vyhl\u00e1\u0161en\u00ed v\u00fdsledk\u016f ankety Auto roku 2024 v \u010cR v Kongresov\u00e9m centru Praha se stalo tradi\u010dn\u00edm m\u00edstem pro setk\u00e1n\u00ed mana\u017eersk\u00e9 elity automotive oboru. Automakers p\u0159in\u00e1\u0161ej\u00ed sest\u0159ih highlight\u016f.<\/strong><!--more--><\/p>\n<p>Event zah\u00e1jil ministr dopravy Martin Kupka p\u0159ed\u00e1n\u00edm cen pro v\u00edt\u011bze jubilejn\u00edho 30. ro\u010dn\u00edku ankety.<\/p>\n<figure class=\"wp-block-embed wp-block-embed-youtube is-type-video is-provider-youtube epyt-figure\"><div class=\"wp-block-embed__wrapper\"><iframe loading=\"lazy\"  id=\"_ytid_30507\"  width=\"640\" height=\"360\"  data-origwidth=\"640\" data-origheight=\"360\" src=\"https:\/\/www.youtube.com\/embed\/2-A7wCzTX-8?enablejsapi=1&autoplay=0&cc_load_policy=0&cc_lang_pref=&iv_load_policy=1&loop=0&modestbranding=0&rel=1&fs=1&playsinline=0&autohide=2&theme=dark&color=red&controls=1&\" class=\"__youtube_prefs__  no-lazyload\" title=\"YouTube player\"  allow=\"accelerometer; autoplay; clipboard-write; encrypted-media; gyroscope; picture-in-picture\" allowfullscreen data-no-lazy=\"1\" data-skipgform_ajax_framebjll=\"\"><\/iframe><\/div><\/figure>\n<p>Autem roku se podruh\u00e9 v historii stal v\u016fz zna\u010dky Mercedes-Benz, nov\u00e1 T\u0159\u00edda E nav\u00e1zala na \u00fasp\u011bch modelu SLS AMG z roku 2011.<\/p>\n<p><img loading=\"lazy\" decoding=\"async\" class=\"alignnone size-medium wp-image-2040\" src=\"http:\/\/www.automakers.cz\/wp-content\/uploads\/2024\/02\/Auto-roku-2024-celek-sal-900x506.jpeg\" alt=\"\" width=\"900\" height=\"506\" srcset=\"https:\/\/www.automakers.cz\/wp-content\/uploads\/2024\/02\/Auto-roku-2024-celek-sal-900x506.jpeg 900w, https:\/\/www.automakers.cz\/wp-content\/uploads\/2024\/02\/Auto-roku-2024-celek-sal-1024x576.jpeg 1024w, https:\/\/www.automakers.cz\/wp-content\/uploads\/2024\/02\/Auto-roku-2024-celek-sal-768x432.jpeg 768w, https:\/\/www.automakers.cz\/wp-content\/uploads\/2024\/02\/Auto-roku-2024-celek-sal-1536x864.jpeg 1536w, https:\/\/www.automakers.cz\/wp-content\/uploads\/2024\/02\/Auto-roku-2024-celek-sal-2048x1152.jpeg 2048w, https:\/\/www.automakers.cz\/wp-content\/uploads\/2024\/02\/Auto-roku-2024-celek-sal-1280x720.jpeg 1280w\" sizes=\"auto, (max-width: 900px) 100vw, 900px\" \/><\/p>\n<p>N\u00e1sledovalo vyhl\u00e1\u0161en\u00ed vedlej\u0161\u00edch kategori\u00ed sout\u011b\u017ee v\u010detn\u011b ankety o nejlep\u0161\u00ed medi\u00e1ln\u00ed servis v r\u00e1mci SDA v roce 2023.<\/p>\n<p><img loading=\"lazy\" decoding=\"async\" class=\"alignnone size-medium wp-image-2004\" src=\"http:\/\/www.automakers.cz\/wp-content\/uploads\/2024\/02\/PR-roku-Hejral-Busta-Pisarik-900x506.jpg\" alt=\"\" width=\"900\" height=\"506\" srcset=\"https:\/\/www.automakers.cz\/wp-content\/uploads\/2024\/02\/PR-roku-Hejral-Busta-Pisarik-900x506.jpg 900w, https:\/\/www.automakers.cz\/wp-content\/uploads\/2024\/02\/PR-roku-Hejral-Busta-Pisarik-1024x576.jpg 1024w, https:\/\/www.automakers.cz\/wp-content\/uploads\/2024\/02\/PR-roku-Hejral-Busta-Pisarik-768x432.jpg 768w, https:\/\/www.automakers.cz\/wp-content\/uploads\/2024\/02\/PR-roku-Hejral-Busta-Pisarik-1536x864.jpg 1536w, https:\/\/www.automakers.cz\/wp-content\/uploads\/2024\/02\/PR-roku-Hejral-Busta-Pisarik-1280x720.jpg 1280w, https:\/\/www.automakers.cz\/wp-content\/uploads\/2024\/02\/PR-roku-Hejral-Busta-Pisarik.jpg 2048w\" sizes=\"auto, (max-width: 900px) 100vw, 900px\" \/>Sou\u010dasn\u00ed i b\u00fdval\u00ed \u010dlenov\u00e9 svazu si p\u0159ipomn\u011bli leto\u0161n\u00ed 30let\u00e9 v\u00fdro\u010d\u00ed existence tohoto oborov\u00e9ho sdru\u017een\u00ed.<strong><br \/>\n<\/strong><\/p>\n<p><img loading=\"lazy\" decoding=\"async\" class=\"alignnone size-medium wp-image-2037\" src=\"http:\/\/www.automakers.cz\/wp-content\/uploads\/2024\/02\/Auto-roku-2024-Kongresove-cedule-900x506.jpeg\" alt=\"\" width=\"900\" height=\"506\" srcset=\"https:\/\/www.automakers.cz\/wp-content\/uploads\/2024\/02\/Auto-roku-2024-Kongresove-cedule-900x506.jpeg 900w, https:\/\/www.automakers.cz\/wp-content\/uploads\/2024\/02\/Auto-roku-2024-Kongresove-cedule-1024x576.jpeg 1024w, https:\/\/www.automakers.cz\/wp-content\/uploads\/2024\/02\/Auto-roku-2024-Kongresove-cedule-768x432.jpeg 768w, https:\/\/www.automakers.cz\/wp-content\/uploads\/2024\/02\/Auto-roku-2024-Kongresove-cedule-1536x864.jpeg 1536w, https:\/\/www.automakers.cz\/wp-content\/uploads\/2024\/02\/Auto-roku-2024-Kongresove-cedule-2048x1152.jpeg 2048w, https:\/\/www.automakers.cz\/wp-content\/uploads\/2024\/02\/Auto-roku-2024-Kongresove-cedule-1280x720.jpeg 1280w\" sizes=\"auto, (max-width: 900px) 100vw, 900px\" \/><\/p>\n<p><img loading=\"lazy\" decoding=\"async\" class=\"alignnone size-medium wp-image-2035\" src=\"http:\/\/www.automakers.cz\/wp-content\/uploads\/2024\/02\/AR-Autosap-Petzl-Kupka-dodavatele-900x506.jpeg\" alt=\"\" width=\"900\" height=\"506\" srcset=\"https:\/\/www.automakers.cz\/wp-content\/uploads\/2024\/02\/AR-Autosap-Petzl-Kupka-dodavatele-900x506.jpeg 900w, https:\/\/www.automakers.cz\/wp-content\/uploads\/2024\/02\/AR-Autosap-Petzl-Kupka-dodavatele-1024x576.jpeg 1024w, https:\/\/www.automakers.cz\/wp-content\/uploads\/2024\/02\/AR-Autosap-Petzl-Kupka-dodavatele-768x432.jpeg 768w, https:\/\/www.automakers.cz\/wp-content\/uploads\/2024\/02\/AR-Autosap-Petzl-Kupka-dodavatele-1536x864.jpeg 1536w, https:\/\/www.automakers.cz\/wp-content\/uploads\/2024\/02\/AR-Autosap-Petzl-Kupka-dodavatele-2048x1152.jpeg 2048w, https:\/\/www.automakers.cz\/wp-content\/uploads\/2024\/02\/AR-Autosap-Petzl-Kupka-dodavatele-1280x720.jpeg 1280w\" sizes=\"auto, (max-width: 900px) 100vw, 900px\" \/><\/p>\n<p>V\u00fdkonn\u00fd \u0161\u00e9f AutoSAP Zden\u011bk Petzl vyhl\u00e1sil tak\u00e9 firmy, kter\u00e9 se letos py\u0161n\u00ed titulem Dodavatel pro auto roku v \u010cE 2024.<\/p>\n<p><strong>Foto a video z akce: Lud\u011bk Kortus, Automakers.cz<\/strong><\/p>\n<p><img loading=\"lazy\" decoding=\"async\" class=\"alignnone size-medium wp-image-1996\" src=\"http:\/\/www.automakers.cz\/wp-content\/uploads\/2024\/02\/Dodavatel-roku-Petzl-Kupka-900x506.jpg\" alt=\"\" width=\"900\" height=\"506\" srcset=\"https:\/\/www.automakers.cz\/wp-content\/uploads\/2024\/02\/Dodavatel-roku-Petzl-Kupka-900x506.jpg 900w, https:\/\/www.automakers.cz\/wp-content\/uploads\/2024\/02\/Dodavatel-roku-Petzl-Kupka-1024x576.jpg 1024w, https:\/\/www.automakers.cz\/wp-content\/uploads\/2024\/02\/Dodavatel-roku-Petzl-Kupka-768x432.jpg 768w, https:\/\/www.automakers.cz\/wp-content\/uploads\/2024\/02\/Dodavatel-roku-Petzl-Kupka-1536x864.jpg 1536w, https:\/\/www.automakers.cz\/wp-content\/uploads\/2024\/02\/Dodavatel-roku-Petzl-Kupka-1280x720.jpg 1280w, https:\/\/www.automakers.cz\/wp-content\/uploads\/2024\/02\/Dodavatel-roku-Petzl-Kupka.jpg 2048w\" sizes=\"auto, (max-width: 900px) 100vw, 900px\" \/><\/p>\n","protected":false},"excerpt":{"rendered":"<p>Vyhl\u00e1\u0161en\u00ed v\u00fdsledk\u016f ankety Auto roku 2024 v \u010cR v Kongresov\u00e9m centru Praha se stalo tradi\u010dn\u00edm&#8230;<\/p>\n","protected":false},"author":1,"featured_media":2036,"comment_status":"open","ping_status":"open","sticky":false,"template":"","format":"standard","meta":{"footnotes":""},"categories":[32,59,56],"tags":[],"class_list":["post-2032","post","type-post","status-publish","format-standard","has-post-thumbnail","hentry","category-ankety","category-automakers-tv","category-celebrity"],"_links":{"self":[{"href":"https:\/\/www.automakers.cz\/index.php?rest_route=\/wp\/v2\/posts\/2032","targetHints":{"allow":["GET"]}}],"collection":[{"href":"https:\/\/www.automakers.cz\/index.php?rest_route=\/wp\/v2\/posts"}],"about":[{"href":"https:\/\/www.automakers.cz\/index.php?rest_route=\/wp\/v2\/types\/post"}],"author":[{"embeddable":true,"href":"https:\/\/www.automakers.cz\/index.php?rest_route=\/wp\/v2\/users\/1"}],"replies":[{"embeddable":true,"href":"https:\/\/www.automakers.cz\/index.php?rest_route=%2Fwp%2Fv2%2Fcomments&post=2032"}],"version-history":[{"count":6,"href":"https:\/\/www.automakers.cz\/index.php?rest_route=\/wp\/v2\/posts\/2032\/revisions"}],"predecessor-version":[{"id":2045,"href":"https:\/\/www.automakers.cz\/index.php?rest_route=\/wp\/v2\/posts\/2032\/revisions\/2045"}],"wp:featuredmedia":[{"embeddable":true,"href":"https:\/\/www.automakers.cz\/index.php?rest_route=\/wp\/v2\/media\/2036"}],"wp:attachment":[{"href":"https:\/\/www.automakers.cz\/index.php?rest_route=%2Fwp%2Fv2%2Fmedia&parent=2032"}],"wp:term":[{"taxonomy":"category","embeddable":true,"href":"https:\/\/www.automakers.cz\/index.php?rest_route=%2Fwp%2Fv2%2Fcategories&post=2032"},{"taxonomy":"post_tag","embeddable":true,"href":"https:\/\/www.automakers.cz\/index.php?rest_route=%2Fwp%2Fv2%2Ftags&post=2032"}],"curies":[{"name":"wp","href":"https:\/\/api.w.org\/{rel}","templated":true}]}}