{"id":2046,"date":"2024-02-09T11:20:50","date_gmt":"2024-02-09T11:20:50","guid":{"rendered":"https:\/\/www.automakers.cz\/?p=2046"},"modified":"2024-02-09T11:21:38","modified_gmt":"2024-02-09T11:21:38","slug":"v-cesku-jezdi-deset-tisic-elektromotorek","status":"publish","type":"post","link":"https:\/\/www.automakers.cz\/?p=2046","title":{"rendered":"V \u010cesku jezd\u00ed deset tis\u00edc elektromotorek"},"content":{"rendered":"<p><strong>V\u00a0\u010cesk\u00e9 republice je registrov\u00e1no v\u00edce ne\u017e 1,3 milionu motocykl\u016f, z\u00a0toho t\u00e9m\u011b\u0159 10 tis\u00edc elektrick\u00fdch, jejich pod\u00edl tak tvo\u0159\u00ed 0,75 %. <\/strong><!--more--><\/p>\n<p>Nej\u010dast\u011bji se lze s elektrick\u00fdmi motocykly setkat v Praze, St\u0159edo\u010desk\u00e9m a Jihomoravsk\u00e9m kraji, t\u00e9m\u011b\u0159 t\u0159i z deseti provozovan\u00fdch elektrick\u00fdch motocykl\u016f je zna\u010dky HECHT, vypl\u00fdv\u00e1 z aktualizovan\u00fdch informac\u00ed webu \u010dist\u00e1 doprava kter\u00e9 vych\u00e1zej\u00ed ze zdrojov\u00fdch dat MD.<\/p>\n<p>Omezen\u00fd dojezd a vy\u0161\u0161\u00ed po\u0159izovac\u00ed n\u00e1klady byly jedny z\u00a0omezuj\u00edc\u00edch faktor\u016f masov\u011bj\u0161\u00edho roz\u0161\u00ed\u0159en\u00ed elektrick\u00fdch motocykl\u016f. Pokud v\u0161ak vezmeme v\u00a0potaz pot\u0159eby pr\u016fm\u011brn\u00e9ho motocyklisty, zejm\u00e9na pro pohyb v\u00a0m\u011bstsk\u00e9m \u010di p\u0159\u00edm\u011bstsk\u00e9m provozu, faktor omezen\u00e9ho dojezdu nehraje a\u017e takovou roli.<\/p>\n<p>N\u00edzk\u00e9 provozn\u00ed n\u00e1klady, okam\u017eit\u00fd v\u00fdkon, lok\u00e1ln\u011b bezemisn\u00ed doprava, tich\u00fd provoz a relativn\u011b snadn\u00e1 \u00fadr\u017eba \u2013 to jsou n\u011bkter\u00e9 v\u00fdhody, d\u00edky n\u00edm\u017e si ka\u017edoro\u010dn\u011b tyto dopravn\u00ed prost\u0159edky vyhl\u00e9dnou i v \u010cesku vy\u0161\u0161\u00ed stovky z\u00e1kazn\u00edk\u016f.<\/p>\n<p><b>Ing. Luk\u00e1\u0161 Kadula, <\/b><strong>v\u00fdzkumn\u00fd pracovn\u00edk<\/strong><br \/>\n<b>Centrum dopravn\u00edho v\u00fdzkumu, v. v. i.<\/b><\/p>\n<p><img loading=\"lazy\" decoding=\"async\" class=\"alignnone size-medium wp-image-2047\" src=\"http:\/\/www.automakers.cz\/wp-content\/uploads\/2024\/02\/BEVs-kategorie-L-v-Cesku-2023-Graf-675x900.png\" alt=\"\" width=\"675\" height=\"900\" srcset=\"https:\/\/www.automakers.cz\/wp-content\/uploads\/2024\/02\/BEVs-kategorie-L-v-Cesku-2023-Graf-675x900.png 675w, https:\/\/www.automakers.cz\/wp-content\/uploads\/2024\/02\/BEVs-kategorie-L-v-Cesku-2023-Graf.png 720w\" sizes=\"auto, (max-width: 675px) 100vw, 675px\" \/><\/p>\n","protected":false},"excerpt":{"rendered":"<p>V\u00a0\u010cesk\u00e9 republice je registrov\u00e1no v\u00edce ne\u017e 1,3 milionu motocykl\u016f, z\u00a0toho t\u00e9m\u011b\u0159 10 tis\u00edc elektrick\u00fdch, jejich&#8230;<\/p>\n","protected":false},"author":1,"featured_media":2048,"comment_status":"open","ping_status":"open","sticky":false,"template":"","format":"standard","meta":{"footnotes":""},"categories":[9,10],"tags":[],"class_list":["post-2046","post","type-post","status-publish","format-standard","has-post-thumbnail","hentry","category-elektromobily","category-statistika"],"_links":{"self":[{"href":"https:\/\/www.automakers.cz\/index.php?rest_route=\/wp\/v2\/posts\/2046","targetHints":{"allow":["GET"]}}],"collection":[{"href":"https:\/\/www.automakers.cz\/index.php?rest_route=\/wp\/v2\/posts"}],"about":[{"href":"https:\/\/www.automakers.cz\/index.php?rest_route=\/wp\/v2\/types\/post"}],"author":[{"embeddable":true,"href":"https:\/\/www.automakers.cz\/index.php?rest_route=\/wp\/v2\/users\/1"}],"replies":[{"embeddable":true,"href":"https:\/\/www.automakers.cz\/index.php?rest_route=%2Fwp%2Fv2%2Fcomments&post=2046"}],"version-history":[{"count":2,"href":"https:\/\/www.automakers.cz\/index.php?rest_route=\/wp\/v2\/posts\/2046\/revisions"}],"predecessor-version":[{"id":2051,"href":"https:\/\/www.automakers.cz\/index.php?rest_route=\/wp\/v2\/posts\/2046\/revisions\/2051"}],"wp:featuredmedia":[{"embeddable":true,"href":"https:\/\/www.automakers.cz\/index.php?rest_route=\/wp\/v2\/media\/2048"}],"wp:attachment":[{"href":"https:\/\/www.automakers.cz\/index.php?rest_route=%2Fwp%2Fv2%2Fmedia&parent=2046"}],"wp:term":[{"taxonomy":"category","embeddable":true,"href":"https:\/\/www.automakers.cz\/index.php?rest_route=%2Fwp%2Fv2%2Fcategories&post=2046"},{"taxonomy":"post_tag","embeddable":true,"href":"https:\/\/www.automakers.cz\/index.php?rest_route=%2Fwp%2Fv2%2Ftags&post=2046"}],"curies":[{"name":"wp","href":"https:\/\/api.w.org\/{rel}","templated":true}]}}