{"id":20618,"date":"2026-03-26T08:27:55","date_gmt":"2026-03-26T08:27:55","guid":{"rendered":"https:\/\/www.automakers.cz\/?p=20618"},"modified":"2026-03-26T08:28:32","modified_gmt":"2026-03-26T08:28:32","slug":"skodovka-konci-s-prodejem-aut-v-cine","status":"publish","type":"post","link":"https:\/\/www.automakers.cz\/?p=20618","title":{"rendered":"\u0160kodovka kon\u010d\u00ed s prodejem aut v \u010c\u00edn\u011b"},"content":{"rendered":"<p class=\"c_bz i_iR speakable\" data-dot=\"ogm-article-perex\"><strong>\u0160koda Auto p\u0159estane v l\u00e9t\u011b prod\u00e1vat sv\u00e1 auta v \u010c\u00edn\u011b, p\u00ed\u0161e den\u00edk E15. D\u016fvodem je zm\u011bna tamn\u00edho trhu pro zahrani\u010dn\u00ed v\u00fdrobce. Mladoboleslavsk\u00e1 automobilka v zemi loni prodala jen 15 tis\u00edc voz\u016f, p\u0159ed deseti lety to bylo 300 tis\u00edc ro\u010dn\u011b a \u010c\u00edna byla jej\u00edm nejv\u011bt\u0161\u00edm odbyti\u0161t\u011bm.<\/strong><!--more--><\/p>\n<p class=\"c_bz i_iR speakable\" data-dot=\"ogm-article-perex\"><span class=\"c_fH\">Z\u00e1m\u011br ve st\u0159edu potvrdila mluv\u010d\u00ed \u0160kody Auto<strong> Ivana Povoln\u00e1.<\/strong> Prodeje automobilky v \u010c\u00edn\u011b loni klesly o 14,5 procenta. D\u0159\u00edve tam vozy i vyr\u00e1b\u011bla, a to ve spole\u010dn\u00e9m z\u00e1vod\u011b m\u00edstn\u00ed zna\u010dky SAIC a Volkswagenu.<\/span><\/p>\n<div class=\"_6234798badaf42f04c71b82e ogm-container\">\n<div class=\"i_iT\">\n<div class=\"ogm-main-media__container\" data-dot=\"ogm-main-media\" data-e2e=\"ogm-main-media\"><\/div>\n<\/div>\n<\/div>\n<div class=\"_67f5fff6d27cec3392ad16c3 ogm-container\">\n<article class=\"i_iS\" aria-labelledby=\"accessibility-article\" data-dot=\"ogm-content\" data-e2e=\"ogm-content\">\n<div class=\"f_fh f_bE ogm-content__richContent\">\n<div class=\"f_bz speakable\" data-dot=\"mol-paragraph\">\n<p class=\"c_bz\"><span class=\"c_fH\">\u201eAutomobilka ve spolupr\u00e1ci s\u00a0region\u00e1ln\u00edm partnerem bude pokra\u010dovat v\u00a0prodeji model\u016f zna\u010dky \u0160koda na \u010d\u00ednsk\u00e9m trhu a\u017e do poloviny roku 2026.\u00a0T\u00edmto krokem pl\u00e1nuje vyu\u017e\u00edt obchodn\u00ed infrastrukturu v\u00a0zemi. Poprodejn\u00ed slu\u017eby bude i\u00a0nad\u00e1le zaji\u0161\u0165ovat v\u00a0souladu s\u00a0platn\u00fdmi pr\u00e1vn\u00edmi po\u017eadavky tamn\u00edho trhu,\u201c uvedla Povoln\u00e1.<\/span><\/p>\n<\/div>\n<div class=\"f_bz speakable\" data-dot=\"mol-paragraph\">\n<p class=\"c_bz\"><span class=\"c_fH\">\u0160koda podle n\u00ed svou mezin\u00e1rodn\u00ed strategii, postaven\u00ed na \u010d\u00ednsk\u00e9m trhu a dal\u0161\u00ed sm\u011brov\u00e1n\u00ed v regionu analyzovala n\u011bkolik m\u011bs\u00edc\u016f. \u201eNa z\u00e1klad\u011b t\u00e9to anal\u00fdzy dosp\u011bla k rozhodnut\u00ed d\u00e1le se soust\u0159edit na posilov\u00e1n\u00ed zna\u010dky zejm\u00e9na v Indii a regionu ASEAN,\u201c dodala Povoln\u00e1.<\/span><\/p>\n<figure id=\"attachment_14986\" aria-describedby=\"caption-attachment-14986\" style=\"width: 900px\" class=\"wp-caption alignnone\"><img loading=\"lazy\" decoding=\"async\" class=\"size-medium wp-image-14986\" src=\"http:\/\/www.automakers.cz\/wp-content\/uploads\/2025\/07\/Skoda-Group-Indie-FullHD-small-1-900x600.jpg\" alt=\"\" width=\"900\" height=\"600\" srcset=\"https:\/\/www.automakers.cz\/wp-content\/uploads\/2025\/07\/Skoda-Group-Indie-FullHD-small-1-900x600.jpg 900w, https:\/\/www.automakers.cz\/wp-content\/uploads\/2025\/07\/Skoda-Group-Indie-FullHD-small-1-1024x683.jpg 1024w, https:\/\/www.automakers.cz\/wp-content\/uploads\/2025\/07\/Skoda-Group-Indie-FullHD-small-1-768x512.jpg 768w, https:\/\/www.automakers.cz\/wp-content\/uploads\/2025\/07\/Skoda-Group-Indie-FullHD-small-1-1536x1024.jpg 1536w, https:\/\/www.automakers.cz\/wp-content\/uploads\/2025\/07\/Skoda-Group-Indie-FullHD-small-1.jpg 1620w\" sizes=\"auto, (max-width: 900px) 100vw, 900px\" \/><figcaption id=\"caption-attachment-14986\" class=\"wp-caption-text\">Ilustra\u010dn\u00ed foto: \u0160koda Auto India<\/figcaption><\/figure>\n<\/div>\n<div class=\"f_bz speakable\" data-dot=\"mol-paragraph\">\n<p><strong>Zdroj: E15, novinky.cz, archiv<\/strong><\/p>\n<\/div>\n<\/div>\n<\/article>\n<\/div>\n","protected":false},"excerpt":{"rendered":"<p>\u0160koda Auto p\u0159estane v l\u00e9t\u011b prod\u00e1vat sv\u00e1 auta v \u010c\u00edn\u011b, p\u00ed\u0161e den\u00edk E15. D\u016fvodem je&#8230;<\/p>\n","protected":false},"author":1,"featured_media":17479,"comment_status":"closed","ping_status":"closed","sticky":false,"template":"","format":"standard","meta":{"footnotes":""},"categories":[49,31,18],"tags":[],"class_list":["post-20618","post","type-post","status-publish","format-standard","has-post-thumbnail","hentry","category-media","category-news","category-vyroba"],"_links":{"self":[{"href":"https:\/\/www.automakers.cz\/index.php?rest_route=\/wp\/v2\/posts\/20618","targetHints":{"allow":["GET"]}}],"collection":[{"href":"https:\/\/www.automakers.cz\/index.php?rest_route=\/wp\/v2\/posts"}],"about":[{"href":"https:\/\/www.automakers.cz\/index.php?rest_route=\/wp\/v2\/types\/post"}],"author":[{"embeddable":true,"href":"https:\/\/www.automakers.cz\/index.php?rest_route=\/wp\/v2\/users\/1"}],"replies":[{"embeddable":true,"href":"https:\/\/www.automakers.cz\/index.php?rest_route=%2Fwp%2Fv2%2Fcomments&post=20618"}],"version-history":[{"count":1,"href":"https:\/\/www.automakers.cz\/index.php?rest_route=\/wp\/v2\/posts\/20618\/revisions"}],"predecessor-version":[{"id":20619,"href":"https:\/\/www.automakers.cz\/index.php?rest_route=\/wp\/v2\/posts\/20618\/revisions\/20619"}],"wp:featuredmedia":[{"embeddable":true,"href":"https:\/\/www.automakers.cz\/index.php?rest_route=\/wp\/v2\/media\/17479"}],"wp:attachment":[{"href":"https:\/\/www.automakers.cz\/index.php?rest_route=%2Fwp%2Fv2%2Fmedia&parent=20618"}],"wp:term":[{"taxonomy":"category","embeddable":true,"href":"https:\/\/www.automakers.cz\/index.php?rest_route=%2Fwp%2Fv2%2Fcategories&post=20618"},{"taxonomy":"post_tag","embeddable":true,"href":"https:\/\/www.automakers.cz\/index.php?rest_route=%2Fwp%2Fv2%2Ftags&post=20618"}],"curies":[{"name":"wp","href":"https:\/\/api.w.org\/{rel}","templated":true}]}}