{"id":20629,"date":"2026-03-29T09:37:22","date_gmt":"2026-03-29T09:37:22","guid":{"rendered":"https:\/\/www.automakers.cz\/?p=20629"},"modified":"2026-03-29T18:38:43","modified_gmt":"2026-03-29T18:38:43","slug":"ford-pro-predstavil-novy-transit-city","status":"publish","type":"post","link":"https:\/\/www.automakers.cz\/?p=20629","title":{"rendered":"Ford Pro p\u0159edstavil nov\u00fd Transit City"},"content":{"rendered":"<p><strong>Ford Pro roz\u0161i\u0159uje rodinu Transit o model Transit City, elektrickou dod\u00e1vku navr\u017eenou pro pot\u0159eby firem a provozovatel\u016f slu\u017eeb v m\u011bstsk\u00e9m prost\u0159ed\u00ed. Novinka c\u00edl\u00ed na z\u00e1kazn\u00edky, kte\u0159\u00ed hledaj\u00ed cenov\u011b dostupn\u00e9 \u0159e\u0161en\u00ed pro ka\u017edodenn\u00ed rozvoz, servisn\u00ed \u010dinnost i komun\u00e1ln\u00ed nasazen\u00ed. <\/strong><!--more--><\/p>\n<p>Transit City vstupuje do segmentu s jasnou filozofi\u00ed: nab\u00eddnout v\u0161e podstatn\u00e9 ji\u017e v z\u00e1kladu, zjednodu\u0161it v\u00fdb\u011br a sou\u010dasn\u011b pomoci sni\u017eovat celkov\u00e9 n\u00e1klady vlastnictv\u00ed. Ford Pro bude model nab\u00edzet ve t\u0159ech karos\u00e1\u0159sk\u00fdch variant\u00e1ch:<\/p>\n<ul>\n<li><strong>L1H1 Van<\/strong> \u2013 kompaktn\u00ed proveden\u00ed pro \u00fazk\u00e9 ulice a st\u00edsn\u011bn\u00e9 nakl\u00e1dac\u00ed prostory, s kapacitou a\u017e pro t\u0159i europalety a u\u017eite\u010dn\u00fdm zat\u00ed\u017een\u00edm a\u017e 1 085 kg<\/li>\n<li><strong>L2H2 Van<\/strong>\u00a0\u2013 verze s vy\u0161\u0161\u00ed p\u0159epravn\u00ed kapacitou, nab\u00edzej\u00edc\u00ed lo\u017en\u00fd prostor 8,5 m\u00b3, u\u017eite\u010dn\u00e9 zat\u00ed\u017een\u00ed a\u017e 1 275 kg a lo\u017enou d\u00e9lku p\u0159es 3 000 mm\u00b3<\/li>\n<li><strong>Chassis Cab<\/strong>\u00a0\u2013 podvozek s kabinou ur\u010den\u00fd pro dal\u0161\u00ed p\u0159estavby, nap\u0159\u00edklad na doru\u010dovac\u00ed n\u00e1stavby, skl\u00e1p\u011b\u010de nebo komun\u00e1ln\u00ed vozidla<\/li>\n<\/ul>\n<p><img loading=\"lazy\" decoding=\"async\" class=\"alignnone wp-image-20633\" src=\"http:\/\/www.automakers.cz\/wp-content\/uploads\/2026\/03\/Ford-Pro-predstavuje-novy-Transit-City-2-900x541.jpg\" alt=\"\" width=\"973\" height=\"585\" \/><\/p>\n<p>Bez ohledu na zvolenou verzi s\u00e1z\u00ed Transit City na jednotnou a komplexn\u00ed specifikaci. Standardem jsou nap\u0159\u00edklad odoln\u00e1 ochrana n\u00e1kladov\u00e9ho prostoru, polovi\u010dn\u00ed vnit\u0159n\u00ed oblo\u017een\u00ed a kotevn\u00ed body pro zaji\u0161t\u011bn\u00ed n\u00e1kladu.<\/p>\n<p>O pohon se star\u00e1 elektromotor o v\u00fdkonu 110 kW poh\u00e1n\u011bj\u00edc\u00ed p\u0159edn\u00ed kola. V\u016fz vyu\u017e\u00edv\u00e1 akumul\u00e1tor s vyu\u017eitelnou kapacitou 56 kWh a chemi\u00ed LFP, kter\u00e1 byla zvolena s ohledem na n\u00e1kladovou efektivitu, \u017eivotnost a vhodnost pro pravideln\u00e9 rychlodob\u00edjen\u00ed. Ford Pro uv\u00e1d\u00ed c\u00edlov\u00fd dojezd a\u017e 254 km, co\u017e podle intern\u00edch dat odpov\u00edd\u00e1 v\u00edce ne\u017e dvojn\u00e1sobku denn\u00ed pot\u0159eby v\u011bt\u0161iny m\u011bstsk\u00fdch u\u017eivatel\u016f v tomto segmentu.<\/p>\n<p>Transit City m\u00e1 z\u00e1rove\u0148 nab\u00eddnout konkurenceschopn\u00e9 provozn\u00ed parametry p\u0159i nab\u00edjen\u00ed. P\u0159i 11kW AC dob\u00edjen\u00ed lze akumul\u00e1tor dob\u00edt z 10 na 100 % p\u0159ibli\u017en\u011b za 5,2 hodiny. P\u0159i vyu\u017eit\u00ed 67kW DC rychlodob\u00edjen\u00ed trv\u00e1 nabit\u00ed z 10 na 80 % zhruba 30 minut, p\u0159i\u010dem\u017e za 10 minut lze doplnit p\u0159ibli\u017en\u011b 50 km dojezdu.<\/p>\n<p>Vedle \u00faspor za energii c\u00edl\u00ed nov\u00fd model i na ni\u017e\u0161\u00ed servisn\u00ed n\u00e1klady. Ford Pro o\u010dek\u00e1v\u00e1, \u017ee n\u00e1klady na \u00fadr\u017ebu mohou b\u00fdt p\u0159ibli\u017en\u011b o 40 % ni\u017e\u0161\u00ed ne\u017e u srovnateln\u00e9 dieselov\u00e9 dod\u00e1vky. Servisn\u00ed interval je stanoven na 2 roky nebo 40 000 km. Jistotu pro z\u00e1kazn\u00edky m\u00e1 podpo\u0159it tak\u00e9 z\u00e1ruka na vysokonap\u011b\u0165ov\u00e9 komponenty v d\u00e9lce 8 let nebo 160 000 km.<\/p>\n<p><img loading=\"lazy\" decoding=\"async\" class=\"alignnone wp-image-20635\" src=\"http:\/\/www.automakers.cz\/wp-content\/uploads\/2026\/03\/Ford-Pro-predstavuje-novy-Transit-City-3-900x619.jpg\" alt=\"\" width=\"995\" height=\"684\" \/><\/p>\n<p>Novinka byla od po\u010d\u00e1tku vyv\u00edjena s d\u016frazem na ka\u017edodenn\u00ed pracovn\u00ed nasazen\u00ed ve m\u011bst\u011b. Sou\u010d\u00e1st\u00ed standardn\u00ed v\u00fdbavy je nap\u0159\u00edklad vyh\u0159\u00edvan\u00e9 sedadlo \u0159idi\u010de, bezkl\u00ed\u010dov\u00e9 startov\u00e1n\u00ed nebo 12palcov\u00fd dotykov\u00fd displej s podporou Apple CarPlay a Android Auto. Ve v\u00fdbav\u011b nechyb\u011bj\u00ed ani asisten\u010dn\u00ed syst\u00e9my pro provoz v hust\u00e9 m\u011bstsk\u00e9 doprav\u011b, v\u010detn\u011b automatick\u00e9ho nouzov\u00e9ho brzd\u011bn\u00ed, p\u0159edn\u00edch a zadn\u00edch parkovac\u00edch senzor\u016f, zadn\u00ed parkovac\u00ed kamery, adaptivn\u00edho tempomatu a upozorn\u011bn\u00ed na opu\u0161t\u011bn\u00ed j\u00edzdn\u00edho pruhu.<\/p>\n<p>Pro firemn\u00ed z\u00e1kazn\u00edky je d\u016fle\u017eit\u00e1 tak\u00e9 p\u0159ipravenost na flotilov\u00e9 nasazen\u00ed. Tam, kde je to pot\u0159eba, lze Transit City integrovat s \u0159e\u0161en\u00edmi a syst\u00e9my spr\u00e1vy vozov\u00e9ho parku, kter\u00e9 umo\u017e\u0148uj\u00ed sledovat polohu vozidla, rychlost nebo stav nabit\u00ed v re\u00e1ln\u00e9m \u010dase.<\/p>\n<p>Ford Pro zd\u016fraz\u0148uje, \u017ee Transit City absolvoval stejn\u00e9 glob\u00e1ln\u00ed z\u00e1t\u011b\u017eov\u00e9 testy jako ostatn\u00ed modely \u0159ady Transit. Testovac\u00ed program m\u011bl simulovat 10 let provozu a v\u00edce ne\u017e 240 000 km v nejn\u00e1ro\u010dn\u011bj\u0161\u00edch podm\u00ednk\u00e1ch. Zvl\u00e1\u0161tn\u00ed pozornost byla v\u011bnov\u00e1na sou\u010d\u00e1stem zat\u011b\u017eovan\u00fdm p\u0159i m\u011bstsk\u00e9m rozv\u00e1\u017ekov\u00e9m provozu, nap\u0159\u00edklad zadn\u00edm dve\u0159\u00edm, bo\u010dn\u00edm posuvn\u00fdm dve\u0159\u00edm, dve\u0159\u00edm \u0159idi\u010de, zapalov\u00e1n\u00ed a sedadlu \u0159idi\u010de.<\/p>\n<p>\u201eTransit City jsme navrhli jako jednoduch\u00fd, cenov\u011b dostupn\u00fd a \u00fa\u010deln\u00fd pracovn\u00ed n\u00e1stroj pro firmy, kter\u00e9 se mus\u00ed vyrovn\u00e1vat s rostouc\u00edmi n\u00e1klady i m\u011bn\u00edc\u00edmi se po\u017eadavky m\u011bstsk\u00e9ho provozu. Cht\u011bli jsme nab\u00eddnout elektrickou dod\u00e1vku, kter\u00e1 d\u00e1v\u00e1 smysl v re\u00e1ln\u00e9m ka\u017edodenn\u00edm nasazen\u00ed a nevy\u017eaduje slo\u017eitou konfiguraci ani zbyte\u010dn\u00e9 p\u0159\u00edplatky,\u201c \u0159\u00edk\u00e1\u00a0<strong>Simon Robinson, hlavn\u00ed konstrukt\u00e9r modelu Transit City<\/strong>.<\/p>\n<p>Ford Pro pl\u00e1nuje otev\u0159\u00edt objedn\u00e1vky ve 2. \u010dtvrtlet\u00ed a prvn\u00ed vozy by se m\u011bly v centrech Transit objevit na konci leto\u0161n\u00edho roku. V produktov\u00e9m portfoliu zna\u010dky dopln\u00ed Transit City model E-Transit Custom, a pos\u00edl\u00ed tak nab\u00eddku Ford Pro v segmentu elektrick\u00fdch u\u017eitkov\u00fdch vozidel pro m\u011bstsk\u00fd provoz.<\/p>\n<p><img loading=\"lazy\" decoding=\"async\" class=\"alignnone wp-image-20636\" src=\"http:\/\/www.automakers.cz\/wp-content\/uploads\/2026\/03\/Ford-Pro-predstavuje-novy-Transit-City-4-900x541.jpg\" alt=\"\" width=\"1006\" height=\"605\" \/><\/p>\n","protected":false},"excerpt":{"rendered":"<p>Ford Pro roz\u0161i\u0159uje rodinu Transit o model Transit City, elektrickou dod\u00e1vku navr\u017eenou pro pot\u0159eby firem&#8230;<\/p>\n","protected":false},"author":2,"featured_media":20631,"comment_status":"closed","ping_status":"closed","sticky":false,"template":"","format":"standard","meta":{"footnotes":""},"categories":[9,38],"tags":[],"class_list":["post-20629","post","type-post","status-publish","format-standard","has-post-thumbnail","hentry","category-elektromobily","category-luv"],"_links":{"self":[{"href":"https:\/\/www.automakers.cz\/index.php?rest_route=\/wp\/v2\/posts\/20629","targetHints":{"allow":["GET"]}}],"collection":[{"href":"https:\/\/www.automakers.cz\/index.php?rest_route=\/wp\/v2\/posts"}],"about":[{"href":"https:\/\/www.automakers.cz\/index.php?rest_route=\/wp\/v2\/types\/post"}],"author":[{"embeddable":true,"href":"https:\/\/www.automakers.cz\/index.php?rest_route=\/wp\/v2\/users\/2"}],"replies":[{"embeddable":true,"href":"https:\/\/www.automakers.cz\/index.php?rest_route=%2Fwp%2Fv2%2Fcomments&post=20629"}],"version-history":[{"count":5,"href":"https:\/\/www.automakers.cz\/index.php?rest_route=\/wp\/v2\/posts\/20629\/revisions"}],"predecessor-version":[{"id":20649,"href":"https:\/\/www.automakers.cz\/index.php?rest_route=\/wp\/v2\/posts\/20629\/revisions\/20649"}],"wp:featuredmedia":[{"embeddable":true,"href":"https:\/\/www.automakers.cz\/index.php?rest_route=\/wp\/v2\/media\/20631"}],"wp:attachment":[{"href":"https:\/\/www.automakers.cz\/index.php?rest_route=%2Fwp%2Fv2%2Fmedia&parent=20629"}],"wp:term":[{"taxonomy":"category","embeddable":true,"href":"https:\/\/www.automakers.cz\/index.php?rest_route=%2Fwp%2Fv2%2Fcategories&post=20629"},{"taxonomy":"post_tag","embeddable":true,"href":"https:\/\/www.automakers.cz\/index.php?rest_route=%2Fwp%2Fv2%2Ftags&post=20629"}],"curies":[{"name":"wp","href":"https:\/\/api.w.org\/{rel}","templated":true}]}}