{"id":20725,"date":"2026-03-31T08:56:02","date_gmt":"2026-03-31T08:56:02","guid":{"rendered":"https:\/\/www.automakers.cz\/?p=20725"},"modified":"2026-03-31T08:56:02","modified_gmt":"2026-03-31T08:56:02","slug":"toyota-spolupracuje-s-kapelou-chinaski","status":"publish","type":"post","link":"https:\/\/www.automakers.cz\/?p=20725","title":{"rendered":"Toyota spolupracuje s kapelou Chinaski"},"content":{"rendered":"<p><strong>Toyota \u010cesk\u00e1 republika zah\u00e1jila spolupr\u00e1ci s kapelou Chinaski. Prost\u0159ednictv\u00edm partnera Toyota Louwman p\u0159edala n\u011bkolik aut, kter\u00e1 budou skupin\u011b zaji\u0161\u0165ovat ka\u017edodenn\u00ed cestov\u00e1n\u00ed v\u010detn\u011b jejich nadch\u00e1zej\u00edc\u00edho koncertn\u00edho turn\u00e9 po cel\u00e9 \u010cesk\u00e9 republice.<\/strong><!--more--><\/p>\n<p>\u010clenov\u00e9 skupiny si p\u0159evzali t\u0159i osobn\u00ed dod\u00e1vky Toyota\u00a0<a href=\"https:\/\/www.toyota.cz\/nova-auta\/proace-verso\" target=\"_blank\" rel=\"noopener\">Proace Verso<\/a>, jeden u\u017eitkov\u00fd model\u00a0<a href=\"https:\/\/www.toyota.cz\/nova-auta\/jiz-brzy\/proace-max\" target=\"_blank\" rel=\"noopener\">Proace Max<\/a>\u00a0a SUV\u00a0<a href=\"https:\/\/www.toyota.cz\/nova-auta\/corolla-cross\" target=\"_blank\" rel=\"noopener\">Corolla Cross<\/a>. Automobily jsou nep\u0159ehl\u00e9dnuteln\u00e9 i d\u00edky speci\u00e1ln\u00edm polep\u016fm s mottem \u201eP\u00e1r p\u0159\u00e1tel na cest\u00e1ch\u201c, kter\u00e9 odkazuje nejen na obl\u00edbenou skladbu kapely, ale i na samotnou my\u0161lenku leto\u0161n\u00edho rozs\u00e1hl\u00e9ho turn\u00e9.<\/p>\n<h4>Chinaski celoro\u010dn\u011b na cest\u00e1ch<\/h4>\n<p>\u201eKapeln\u00ed \u017eivot se z 80 procent odehr\u00e1v\u00e1 na cest\u00e1ch od jara do zimy. V autech tr\u00e1v\u00edme nejv\u00edce \u010dasu, najedeme des\u00edtky tis\u00edc kilometr\u016f za sez\u00f3nu a je to vedle koncertn\u00edch m\u00edst s fanou\u0161ky na\u0161e obl\u00edben\u00e9 m\u00edsto. Jsme tak moc r\u00e1di, \u017ee jsme se stali sou\u010d\u00e1st\u00ed skv\u011bl\u00e9ho sv\u011bta Toyota a t\u011b\u0161\u00edme se na dlouhodobou spolupr\u00e1ci t\u00fdkaj\u00edc\u00ed se nejen na\u0161eho leto\u0161n\u00edho open air turn\u00e9, kde zav\u00edt\u00e1me do 18 lokalit po cel\u00e9 na\u0161\u00ed zemi, ale i dal\u0161\u00edch spole\u010dn\u00fdch z\u00e1\u017eitk\u016f, nejen na p\u00f3di\u00edch,\u201c \u0159\u00edk\u00e1 Michal Mal\u00e1tn\u00fd, zp\u011bv\u00e1k skupiny Chinaski.<\/p>\n<p><img loading=\"lazy\" decoding=\"async\" class=\"alignnone size-large wp-image-6288\" src=\"https:\/\/www.toyotalife.cz\/wp-content\/uploads\/2026\/03\/LW_260326_TOYOTA_CHINASKI_PRAGUE_CZ_LQ_0023-1024x768.jpg\" alt=\"Chinaski vyraz\u00ed na turn\u00e9 s Toyotou. Kter\u00e1 auta si vybrali? | Toyota Life\" width=\"1024\" height=\"768\" \/><\/p>\n<p>Toyota chce d\u00edky t\u00e9to spolupr\u00e1ci propojit sv\u011bt mobility se sv\u011btem emoc\u00ed, z\u00e1\u017eitk\u016f a inspirace.\u00a0\u201eSpolupr\u00e1ce s kapelou Chinaski pro n\u00e1s p\u0159edstavuje p\u0159irozen\u00e9 roz\u0161\u00ed\u0159en\u00ed aktivit mimo sportovn\u00ed prost\u0159ed\u00ed. Stejn\u011b jako u na\u0161ich ambasador\u016f i tady hled\u00e1me autentick\u00e9 p\u0159\u00edb\u011bhy, energii a dlouhodob\u00e9 partnerstv\u00ed,\u201c \u0159\u00edk\u00e1 Michal Veli\u010dka, marketingov\u00fd \u0159editel Toyota \u010cR.<\/p>\n<h4>Team Toyota od sportu ke kultu\u0159e<\/h4>\n<p>Toyota v \u010cesku dlouhodob\u011b stav\u00ed svou komunikaci na hodnot\u00e1ch vytrvalosti, spolupr\u00e1ce a p\u0159ekon\u00e1v\u00e1n\u00ed hranic. Ty se prom\u00edtaj\u00ed nejen do partnerstv\u00ed v oblasti kultury, ale p\u0159edev\u0161\u00edm do z\u00e1zem\u00ed sportovn\u00edch ambasador\u016f. Ned\u00e1vno se k Teamu Toyota p\u0159idal rychlobrusla\u0159 a olympijsk\u00fd v\u00edt\u011bz\u00a0<a href=\"https:\/\/www.toyotalife.cz\/metodej-jilek-ted-jezdi-toyotou-prius-plug-in-hybrid\/\">Metod\u011bj J\u00edlek<\/a>. \u201eDlouhodob\u00e1 pr\u00e1ce a posouv\u00e1n\u00ed vlastn\u00edch limit\u016f jsou hodnoty, kter\u00e9 sd\u00edl\u00edme. Proto podporujeme sportovce u\u017e od za\u010d\u00e1tku jejich kari\u00e9ry,\u201c popisuje Veli\u010dka.<\/p>\n<p>Mezi dal\u0161\u00ed \u010dleny ambasadorsk\u00e9ho t\u00fdmu pat\u0159\u00ed nap\u0159\u00edklad plavkyn\u011b Barbora Seemanov\u00e1, kanoista Martin Fuksa, skateboardista Maxim Habanec nebo tenistka Barbora Str\u00fdcov\u00e1. Mezi dlouhodob\u00e1 partnerstv\u00ed z oblasti kultury pak pat\u0159\u00ed festival Rock for People a soubor Cirk La Putyka.<\/p>\n<p><img loading=\"lazy\" decoding=\"async\" class=\"alignnone size-large wp-image-6286\" src=\"https:\/\/www.toyotalife.cz\/wp-content\/uploads\/2026\/03\/LW_260326_TOYOTA_CHINASKI_PRAGUE_CZ_LQ_0001-1024x768.jpg\" alt=\"Chinaski vyraz\u00ed na turn\u00e9 s Toyotou. Kter\u00e1 auta si vybrali? | Toyota Life\" width=\"1024\" height=\"768\" \/><\/p>\n","protected":false},"excerpt":{"rendered":"<p>Toyota \u010cesk\u00e1 republika zah\u00e1jila spolupr\u00e1ci s kapelou Chinaski. Prost\u0159ednictv\u00edm partnera Toyota Louwman p\u0159edala n\u011bkolik aut,&#8230;<\/p>\n","protected":false},"author":2,"featured_media":20726,"comment_status":"closed","ping_status":"closed","sticky":false,"template":"","format":"standard","meta":{"footnotes":""},"categories":[56,29],"tags":[],"class_list":["post-20725","post","type-post","status-publish","format-standard","has-post-thumbnail","hentry","category-celebrity","category-sponzoring"],"_links":{"self":[{"href":"https:\/\/www.automakers.cz\/index.php?rest_route=\/wp\/v2\/posts\/20725","targetHints":{"allow":["GET"]}}],"collection":[{"href":"https:\/\/www.automakers.cz\/index.php?rest_route=\/wp\/v2\/posts"}],"about":[{"href":"https:\/\/www.automakers.cz\/index.php?rest_route=\/wp\/v2\/types\/post"}],"author":[{"embeddable":true,"href":"https:\/\/www.automakers.cz\/index.php?rest_route=\/wp\/v2\/users\/2"}],"replies":[{"embeddable":true,"href":"https:\/\/www.automakers.cz\/index.php?rest_route=%2Fwp%2Fv2%2Fcomments&post=20725"}],"version-history":[{"count":1,"href":"https:\/\/www.automakers.cz\/index.php?rest_route=\/wp\/v2\/posts\/20725\/revisions"}],"predecessor-version":[{"id":20727,"href":"https:\/\/www.automakers.cz\/index.php?rest_route=\/wp\/v2\/posts\/20725\/revisions\/20727"}],"wp:featuredmedia":[{"embeddable":true,"href":"https:\/\/www.automakers.cz\/index.php?rest_route=\/wp\/v2\/media\/20726"}],"wp:attachment":[{"href":"https:\/\/www.automakers.cz\/index.php?rest_route=%2Fwp%2Fv2%2Fmedia&parent=20725"}],"wp:term":[{"taxonomy":"category","embeddable":true,"href":"https:\/\/www.automakers.cz\/index.php?rest_route=%2Fwp%2Fv2%2Fcategories&post=20725"},{"taxonomy":"post_tag","embeddable":true,"href":"https:\/\/www.automakers.cz\/index.php?rest_route=%2Fwp%2Fv2%2Ftags&post=20725"}],"curies":[{"name":"wp","href":"https:\/\/api.w.org\/{rel}","templated":true}]}}