{"id":20761,"date":"2026-04-02T06:53:20","date_gmt":"2026-04-02T06:53:20","guid":{"rendered":"https:\/\/www.automakers.cz\/?p=20761"},"modified":"2026-04-02T06:53:58","modified_gmt":"2026-04-02T06:53:58","slug":"citroen-nabidl-flexibilni-zaruku-na-osobni-auta","status":"publish","type":"post","link":"https:\/\/www.automakers.cz\/?p=20761","title":{"rendered":"Citro\u00ebn rozjel flexibiln\u00ed z\u00e1ruku na osobn\u00ed modely"},"content":{"rendered":"<p><strong>Citro\u00ebn p\u0159ich\u00e1z\u00ed na \u010desk\u00fd trh s konceptem prodlou\u017een\u00e9 z\u00e1ruky Extended Care Premium. Od dubna si klienti mohou nastavit d\u00e9lku i rozsah z\u00e1ruky dle sv\u00fdch aktu\u00e1ln\u00edch pot\u0159eb \u2013 a\u017e na 8 let nebo 200 000 kilometr\u016f.<\/strong><!--more--><\/p>\n<p>V\u0161echny osobn\u00ed modely zna\u010dky Citro\u00ebn v \u010cesk\u00e9 republice k dispozici s flexibiln\u011b nastavitelnou z\u00e1rukou a\u017e na 8 let nebo 200 000 kilometr\u016f. Z\u00e1kazn\u00edk si vol\u00ed kombinaci d\u00e9lky z\u00e1ruky a kilometrov\u00e9ho limitu p\u0159esn\u011b podle toho, jak sv\u00e9 vozidlo skute\u010dn\u011b vyu\u017e\u00edv\u00e1.<\/p>\n<p><strong>Extended Care Premium<\/strong><\/p>\n<p>Prodlou\u017een\u00e1 z\u00e1ruka Extended Care Premium p\u0159in\u00e1\u0161\u00ed z\u00e1kazn\u00edk\u016fm mnoho v\u00fdhod. Krom\u011b toho, \u017ee poskytuje u\u017eivateli vozu kryt\u00ed servisn\u00edch oprav a asisten\u010dn\u00ed slu\u017eby v cel\u00e9 Evrop\u011b, p\u0159isp\u00edv\u00e1 i k zachov\u00e1n\u00ed hodnoty vozu v \u010dase. Z\u00e1ruka je toti\u017e p\u0159enositeln\u00e1 na nov\u00e9ho majitele, co\u017e zvy\u0161uje z\u016fstatkovou hodnotu vozu.<\/p>\n<p>Dal\u0161\u00ed v\u00fdhodou je flexibilita z hlediska nastaven\u00ed servisn\u00ed smlouvy. Pokud toti\u017e klient v pr\u016fb\u011bhu pou\u017e\u00edv\u00e1n\u00ed vozu pot\u0159ebuje nav\u00fd\u0161it smluvn\u011b nastaven\u00fd ro\u010dn\u00ed n\u00e1jezd, m\u016f\u017ee tento limit kdykoli upravit.<\/p>\n<p>Flexibiln\u00ed z\u00e1ruka je k dispozici pro v\u0161echny osobn\u00ed modely Citro\u00ebn. Nap\u0159\u00edklad pro modely C3, C3 Aircross a C4 plat\u00ed n\u00e1sleduj\u00edc\u00ed podm\u00ednky, a to ve v\u0161ech motorizac\u00edch v\u010detn\u011b elektrick\u00fdch verz\u00ed:<\/p>\n<p><strong>Prodlou\u017een\u00e1 z\u00e1ruka Extended Care Premium<\/strong> p\u0159edstavuje z\u00e1kladn\u00ed \u00farove\u0148 poprodejn\u00ed p\u00e9\u010de, p\u0159esto z\u00e1kazn\u00edkovi poskytuje komfort a jistotu, \u017ee o jeho Citro\u00ebn bude v\u017edy postar\u00e1no, stejn\u011b jako o pos\u00e1dku vozu, bude-li na cest\u00e1ch po Evrop\u011b pot\u0159ebovat asistenci. Tuto prodlou\u017eenou z\u00e1ruku m\u016f\u017ee majitel nov\u00e9ho vozu Citro\u00ebn uzav\u0159\u00edt kdykoliv v pr\u016fb\u011bhu prvn\u00edch 18 m\u011bs\u00edc\u016f trv\u00e1n\u00ed smluvn\u00ed garance, a to za podm\u00ednky, \u017ee vozidlo m\u00e1 najeto m\u00e9n\u011b ne\u017e 40 000 km.<\/p>\n<p><strong>2. a 3. \u00farove\u0148: kontrola nad servisn\u00edmi n\u00e1klady<\/strong><\/p>\n<p>Na prvn\u00ed \u00farove\u0148 Extended Care Premium navazuj\u00ed dal\u0161\u00ed dv\u011b servisn\u00ed smlouvy:<\/p>\n<ul>\n<li>Complete Care \u2013 roz\u0161\u00ed\u0159en\u00e1 varianta zahrnuj\u00edc\u00ed nav\u00edc pravideln\u00e9 servisn\u00ed prohl\u00eddky v\u010detn\u011b pr\u00e1ce.<\/li>\n<li>Complete Care Plus \u2013 nejvy\u0161\u0161\u00ed \u00farove\u0148 p\u00e9\u010de, kter\u00e1 krom\u011b v\u00fd\u0161e uveden\u00e9ho zahrnuje tak\u00e9 v\u00fdm\u011bnu opot\u0159ebovan\u00fdch d\u00edl\u016f, \u010d\u00edm\u017e z\u00e1kazn\u00edk z\u00edsk\u00e1v\u00e1 maxim\u00e1ln\u00ed kontrolu nad n\u00e1klady na provoz vozidla.<\/li>\n<\/ul>\n<p>Servisn\u00ed smlouvy 2. a 3. \u00farovn\u011b lze uzav\u0159\u00edt kdykoliv v pr\u016fb\u011bhu prvn\u00edho roku trv\u00e1n\u00ed smluvn\u00ed z\u00e1ruky, nicm\u00e9n\u011b pro pln\u00e9 vyu\u017eit\u00ed v\u0161ech v\u00fdhod t\u011bchto vy\u0161\u0161\u00edch \u00farovn\u00ed je vhodn\u00e9 jejich aktivaci prov\u00e9st co nejd\u0159\u00edve, ide\u00e1ln\u011b p\u0159ed prvn\u00ed servisn\u00ed prohl\u00eddkou. Modern\u00ed vozy Citro\u00ebn toti\u017e vyu\u017e\u00edvaj\u00ed adaptivn\u00ed intervaly v\u00fdm\u011bny oleje, tak\u017ee k v\u00fdm\u011bn\u011b m\u016f\u017ee doch\u00e1zet i mimo standardn\u00ed servisn\u00ed pl\u00e1n. Tyto \u00fakony jsou v r\u00e1mci Complete Care a Complete Care Plus pokryty servisn\u00ed smlouvou, tak\u017ee z\u00e1kazn\u00edka nep\u0159ekvap\u00ed nepl\u00e1novan\u00e9 v\u00fddaje ani p\u0159i intenzivn\u00edm vyu\u017e\u00edv\u00e1n\u00ed vozu.<\/p>\n<p>D\u00edky t\u0159\u00ed\u00farov\u0148ov\u00e9 nab\u00eddce servisn\u00edch smluv si m\u016f\u017ee ka\u017ed\u00fd z\u00e1kazn\u00edk zvolit nejen d\u00e9lku z\u00e1ruky, ale i rozsah slu\u017eeb, kter\u00e9 chce m\u00edt zahrnuty.<\/p>\n<p><img loading=\"lazy\" decoding=\"async\" class=\"alignnone size-medium wp-image-20763\" src=\"http:\/\/www.automakers.cz\/wp-content\/uploads\/2026\/04\/C4ilustracni-900x675.jpg\" alt=\"\" width=\"900\" height=\"675\" \/><\/p>\n<p>\u201eNa\u0161\u00edm c\u00edlem je d\u00e1t z\u00e1kazn\u00edk\u016fm maxim\u00e1ln\u00ed svobodu volby. Ka\u017ed\u00fd m\u00e1 z hlediska vyu\u017e\u00edv\u00e1n\u00ed vozu jin\u00e9 pot\u0159eby, a ty se nav\u00edc mohou postupem \u010dasu m\u011bnit. Na to v\u0161e jsme d\u00edky na\u0161\u00ed nov\u00e9 nab\u00eddce z\u00e1ruky p\u0159ipraveni a na\u0161i klienti maj\u00ed v ka\u017ed\u00e9m okam\u017eiku jistotu, komfort i kontrolu nad celkov\u00fdmi n\u00e1klady na provoz vozu. Na\u0161e garan\u010dn\u00ed podm\u00ednky jsou vysoce nadstandardn\u00ed, a to jak na osobn\u00ed, tak i na u\u017eitkov\u00e9 vozy, u kter\u00fdch jsme ned\u00e1vno posunuli z\u00e1ruku na 5 let nebo 200 tis\u00edc kilometr\u016f. V oblasti poprodejn\u00ed p\u00e9\u010de jsme v posledn\u00ed dob\u011b ud\u011blali obrovsk\u00fd pokrok a v\u011b\u0159\u00edme, \u017ee to na\u0161i z\u00e1kazn\u00edci ocen\u00ed,\u201c \u0159\u00edk\u00e1 <strong>Franti\u0161ek Neuman, \u0159editel zna\u010dky Citro\u00ebn v \u010cesk\u00e9 republice.<\/strong><\/p>\n<figure id=\"attachment_9283\" aria-describedby=\"caption-attachment-9283\" style=\"width: 900px\" class=\"wp-caption alignnone\"><img loading=\"lazy\" decoding=\"async\" class=\"size-medium wp-image-9283\" src=\"http:\/\/www.automakers.cz\/wp-content\/uploads\/2024\/11\/Frantisek-Neuman-2-900x600.jpg\" alt=\"\" width=\"900\" height=\"600\" \/><figcaption id=\"caption-attachment-9283\" class=\"wp-caption-text\">Franti\u0161ek Neuman<\/figcaption><\/figure>\n","protected":false},"excerpt":{"rendered":"<p>Citro\u00ebn p\u0159ich\u00e1z\u00ed na \u010desk\u00fd trh s konceptem prodlou\u017een\u00e9 z\u00e1ruky Extended Care Premium. Od dubna si&#8230;<\/p>\n","protected":false},"author":2,"featured_media":20762,"comment_status":"closed","ping_status":"closed","sticky":false,"template":"","format":"standard","meta":{"footnotes":""},"categories":[17,31],"tags":[],"class_list":["post-20761","post","type-post","status-publish","format-standard","has-post-thumbnail","hentry","category-dealeri","category-news"],"_links":{"self":[{"href":"https:\/\/www.automakers.cz\/index.php?rest_route=\/wp\/v2\/posts\/20761","targetHints":{"allow":["GET"]}}],"collection":[{"href":"https:\/\/www.automakers.cz\/index.php?rest_route=\/wp\/v2\/posts"}],"about":[{"href":"https:\/\/www.automakers.cz\/index.php?rest_route=\/wp\/v2\/types\/post"}],"author":[{"embeddable":true,"href":"https:\/\/www.automakers.cz\/index.php?rest_route=\/wp\/v2\/users\/2"}],"replies":[{"embeddable":true,"href":"https:\/\/www.automakers.cz\/index.php?rest_route=%2Fwp%2Fv2%2Fcomments&post=20761"}],"version-history":[{"count":5,"href":"https:\/\/www.automakers.cz\/index.php?rest_route=\/wp\/v2\/posts\/20761\/revisions"}],"predecessor-version":[{"id":20776,"href":"https:\/\/www.automakers.cz\/index.php?rest_route=\/wp\/v2\/posts\/20761\/revisions\/20776"}],"wp:featuredmedia":[{"embeddable":true,"href":"https:\/\/www.automakers.cz\/index.php?rest_route=\/wp\/v2\/media\/20762"}],"wp:attachment":[{"href":"https:\/\/www.automakers.cz\/index.php?rest_route=%2Fwp%2Fv2%2Fmedia&parent=20761"}],"wp:term":[{"taxonomy":"category","embeddable":true,"href":"https:\/\/www.automakers.cz\/index.php?rest_route=%2Fwp%2Fv2%2Fcategories&post=20761"},{"taxonomy":"post_tag","embeddable":true,"href":"https:\/\/www.automakers.cz\/index.php?rest_route=%2Fwp%2Fv2%2Ftags&post=20761"}],"curies":[{"name":"wp","href":"https:\/\/api.w.org\/{rel}","templated":true}]}}