{"id":2095,"date":"2024-02-13T08:36:41","date_gmt":"2024-02-13T08:36:41","guid":{"rendered":"https:\/\/www.automakers.cz\/?p=2095"},"modified":"2024-02-13T08:41:53","modified_gmt":"2024-02-13T08:41:53","slug":"putovni-vystava-ducati-dorazila-do-arkad","status":"publish","type":"post","link":"https:\/\/www.automakers.cz\/?p=2095","title":{"rendered":"Putovn\u00ed v\u00fdstava Ducati dorazila do Ark\u00e1d"},"content":{"rendered":"<p><strong>Tiskovou konferenc\u00ed za\u010dala 12. \u00fanora pra\u017esk\u00e1 v\u00fdstava zna\u010dky Ducati. Are\u00e1l OC Ark\u00e1dy Pankr\u00e1c zdob\u00ed od pond\u011bln\u00edho r\u00e1na. Je to poprv\u00e9, kdy ve\u0159ejnost m\u016f\u017ee zhl\u00e9dnout unik\u00e1tn\u00ed putovn\u00ed v\u00fdstavu, kter\u00e1 p\u0159edstavuje jak historii, tak sou\u010dasnost motocyklov\u00e9ho fenom\u00e9nu z It\u00e1lie. <\/strong><!--more--><\/p>\n<p>K vid\u011bn\u00ed je legend\u00e1rn\u00ed model Ducati Cucciolo z roku 1949, kter\u00fdm cel\u00e1 produkce zna\u010dky za\u010dala, ale tak\u00e9 aktu\u00e1ln\u00ed modely leto\u0161n\u00ed sezony. V\u00fdstava prob\u00edh\u00e1 pod z\u00e1\u0161titou import\u00e9ra Ducati pro \u010ceskou republiku a potrv\u00e1 a\u017e do 1. b\u0159ezna. Jej\u00ed sou\u010d\u00e1st\u00ed je nav\u00edc doprovodn\u00fd program, kdy si n\u00e1v\u0161t\u011bvn\u00edci mohou otestovat z\u00e1vodn\u00ed Ducati za asistence b\u00fdval\u00e9ho jezdce MotoGP Luk\u00e1\u0161e Pe\u0161ka nebo sout\u011b\u017eit o hodnotn\u00e9 ceny.<\/p>\n<p><img loading=\"lazy\" decoding=\"async\" class=\"alignnone size-medium wp-image-2120\" src=\"http:\/\/www.automakers.cz\/wp-content\/uploads\/2024\/02\/Ducati-tiskovka-Arkady-900x600.jpg\" alt=\"\" width=\"900\" height=\"600\" srcset=\"https:\/\/www.automakers.cz\/wp-content\/uploads\/2024\/02\/Ducati-tiskovka-Arkady-900x600.jpg 900w, https:\/\/www.automakers.cz\/wp-content\/uploads\/2024\/02\/Ducati-tiskovka-Arkady-1024x682.jpg 1024w, https:\/\/www.automakers.cz\/wp-content\/uploads\/2024\/02\/Ducati-tiskovka-Arkady-768x512.jpg 768w, https:\/\/www.automakers.cz\/wp-content\/uploads\/2024\/02\/Ducati-tiskovka-Arkady-1536x1024.jpg 1536w, https:\/\/www.automakers.cz\/wp-content\/uploads\/2024\/02\/Ducati-tiskovka-Arkady.jpg 2000w\" sizes=\"auto, (max-width: 900px) 100vw, 900px\" \/><\/p>\n<p><em>\u201cArk\u00e1dy Pankr\u00e1c jsou dlouhodob\u011b zn\u00e1m\u00e9 t\u00edm, \u017ee sv\u00fdm n\u00e1v\u0161t\u011bvn\u00edk\u016fm nab\u00edzej\u00ed vedle standardn\u00edch slu\u017eeb tak\u00e9 r\u016fzn\u00e9 oprovodn\u00e9 akce. A pr\u00e1v\u011b v\u00fdstavy ze sv\u011bta motor\u016f a rychl\u00fdch kol jsou t\u00e9m\u011b\u0159 tradi\u010dn\u00ed sou\u010d\u00e1st\u00ed na\u0161eho programu. M\u011bli jsme tu celou \u0159adu automobilov\u00fdch expozic slavn\u00fdch zna\u010dek a j\u00e1 jsem moc r\u00e1da, \u017ee se n\u00e1m letos poda\u0159ilo p\u0159iv\u00e9zt do Ark\u00e1d dal\u0161\u00ed lah\u016fdku v podob\u011b v\u00fdstavy motocykl\u016f Ducati,\u201d<\/em>\u00a0\u0159\u00edk\u00e1 Anna Amrozy, \u0159editelka OC Ark\u00e1dy Pankr\u00e1c.<\/p>\n<p><img loading=\"lazy\" decoding=\"async\" class=\"alignnone size-medium wp-image-2114\" src=\"http:\/\/www.automakers.cz\/wp-content\/uploads\/2024\/02\/Ducati-Arkady-mopedy-900x600.jpg\" alt=\"\" width=\"900\" height=\"600\" srcset=\"https:\/\/www.automakers.cz\/wp-content\/uploads\/2024\/02\/Ducati-Arkady-mopedy-900x600.jpg 900w, https:\/\/www.automakers.cz\/wp-content\/uploads\/2024\/02\/Ducati-Arkady-mopedy-1024x682.jpg 1024w, https:\/\/www.automakers.cz\/wp-content\/uploads\/2024\/02\/Ducati-Arkady-mopedy-768x512.jpg 768w, https:\/\/www.automakers.cz\/wp-content\/uploads\/2024\/02\/Ducati-Arkady-mopedy-1536x1024.jpg 1536w, https:\/\/www.automakers.cz\/wp-content\/uploads\/2024\/02\/Ducati-Arkady-mopedy.jpg 2000w\" sizes=\"auto, (max-width: 900px) 100vw, 900px\" \/><\/p>\n<p>Organiz\u00e1to\u0159i expozice si pro n\u00e1v\u0161t\u011bvn\u00edky p\u0159ipravili n\u011bkolik opravdov\u00fdch unik\u00e1t\u016f. Pro milovn\u00edky historie budou ur\u010dit\u011b nejv\u011bt\u0161\u00edm l\u00e1kadlem modely z ran\u00fdch let v\u00fdroby motocykl\u016f Ducati.<\/p>\n<p>Ko\u0159eny zna\u010dky sahaj\u00ed a\u017e do roku 1926, kdy vznikla doslova jako rodinn\u00e1 firma zalo\u017een\u00e1 Antoniem Cavalierim Ducatim a jeho t\u0159emi syny Adrianem, Brunem a Marcellem. V t\u00e9 dob\u011b se ale rodina je\u0161t\u011b nev\u011bnovala v\u00fdrob\u011b motorek, n\u00fdbr\u017e kondenz\u00e1tor\u016f, elektronek a dal\u0161\u00edch sou\u010d\u00e1stek pro v\u00fdrobu rozhlasov\u00fdch p\u0159\u00edstroj\u016f. \u010cas motocykl\u016f p\u0159i\u0161el a\u017e po konci druh\u00e9 sv\u011btov\u00e9 v\u00e1lky. Prvn\u00ed motorkou Ducati vyr\u00e1b\u011bnou v Bologni byla Ducati Cucciolo. A pr\u00e1v\u011b tento model z roku 1949 budou moct n\u00e1v\u0161t\u011bvn\u00edci v\u00fdstavy v OC Ark\u00e1dy Pankr\u00e1c.<\/p>\n<p><img loading=\"lazy\" decoding=\"async\" class=\"alignnone size-medium wp-image-2121\" src=\"http:\/\/www.automakers.cz\/wp-content\/uploads\/2024\/02\/Ducati-veterani-900x600.jpg\" alt=\"\" width=\"900\" height=\"600\" srcset=\"https:\/\/www.automakers.cz\/wp-content\/uploads\/2024\/02\/Ducati-veterani-900x600.jpg 900w, https:\/\/www.automakers.cz\/wp-content\/uploads\/2024\/02\/Ducati-veterani-1024x682.jpg 1024w, https:\/\/www.automakers.cz\/wp-content\/uploads\/2024\/02\/Ducati-veterani-768x512.jpg 768w, https:\/\/www.automakers.cz\/wp-content\/uploads\/2024\/02\/Ducati-veterani-1536x1024.jpg 1536w, https:\/\/www.automakers.cz\/wp-content\/uploads\/2024\/02\/Ducati-veterani.jpg 2000w\" sizes=\"auto, (max-width: 900px) 100vw, 900px\" \/><\/p>\n<p>Mezi \u201chistorick\u00e9 kousky\u201d prob\u00edhaj\u00edc\u00ed expozice pat\u0159\u00ed tak\u00e9 modely Ducati 98 TS (rok v\u00fdroby 1958), Ducati 125 Sport (rok v\u00fdroby 1961), ikonick\u00fd model Ducati Scrambler 350 (rok v\u00fdroby 1973) a n\u011bkolik dal\u0161\u00edch.<\/p>\n<p>Nejen pro znalce motocykl\u016f budou l\u00e1kadlem tak\u00e9 dal\u0161\u00ed motocykly se slavnou minulost\u00ed, jako jsou z\u00e1vodn\u00ed Imola, Darmah \u010di Hailwood. Opravdovou t\u0159e\u0161ni\u010dkou na dortu pak budou z\u00e1vodn\u00ed speci\u00e1ly 999R, Panigale V4S n\u011bkolikan\u00e1sobn\u00fdch mistr\u016f Troye Baylisse a Jorge Lorenza nebo Panigale V4S tov\u00e1rn\u00edch jezdc\u016f Ducati Francesca Bagnaii \u010di Alvara Bautisty. Tyto modely na v\u00fdstavu zap\u016fj\u010dil Martin Klein, jeden z nejv\u011bt\u0161\u00edch sb\u011bratel\u016f Ducati na sv\u011bt\u011b v\u016fbec.<\/p>\n<p><img loading=\"lazy\" decoding=\"async\" class=\"alignnone size-medium wp-image-2117\" src=\"http:\/\/www.automakers.cz\/wp-content\/uploads\/2024\/02\/Ducati-Arkady-pily-900x600.jpg\" alt=\"\" width=\"900\" height=\"600\" srcset=\"https:\/\/www.automakers.cz\/wp-content\/uploads\/2024\/02\/Ducati-Arkady-pily-900x600.jpg 900w, https:\/\/www.automakers.cz\/wp-content\/uploads\/2024\/02\/Ducati-Arkady-pily-1024x682.jpg 1024w, https:\/\/www.automakers.cz\/wp-content\/uploads\/2024\/02\/Ducati-Arkady-pily-768x512.jpg 768w, https:\/\/www.automakers.cz\/wp-content\/uploads\/2024\/02\/Ducati-Arkady-pily-1536x1024.jpg 1536w, https:\/\/www.automakers.cz\/wp-content\/uploads\/2024\/02\/Ducati-Arkady-pily.jpg 2000w\" sizes=\"auto, (max-width: 900px) 100vw, 900px\" \/><\/p>\n<p>Vedle Martina Kleina dodalo sv\u00e9 motocykly n\u011bkolik dal\u0161\u00edch sb\u011bratel\u016f a vlastn\u00edk\u016f stroj\u016f zna\u010dky Ducati. Z\u00e1\u0161titu nad celou v\u00fdstavou p\u0159evzal import\u00e9r Ducati pro \u010ceskou republiku, kter\u00fd dodal sedm nov\u00fdch model\u016f Ducati.<\/p>\n<p>\u201cJsem velice r\u00e1da, \u017ee se naskytla p\u0159\u00edle\u017eitost uk\u00e1zat na\u0161e stroje \u0161irok\u00e9 ve\u0159ejnosti v\u00a0dob\u011b, kdy se zna\u010dce mimo\u0159\u00e1dn\u011b da\u0159\u00ed. Ducati je luxusn\u00ed zna\u010dka s\u00a0t\u00e9m\u011b\u0159 stoletou histori\u00ed, kter\u00e1 v\u017edy pat\u0159ila a pat\u0159\u00ed k\u00a0inov\u00e1tor\u016fm a pr\u016fkopn\u00edk\u016fm ve sv\u00e9m oboru. Jej\u00ed motocykly jsou zt\u011blesn\u011bn\u00edm z\u00e1kladn\u00edch hodnot zna\u010dky Ducati a to stylu, sofistikovanosti a v\u00fdkonu. To nyn\u00ed dokazuje opakovan\u00fdm ziskem titul\u016f v\u00a0nejpresti\u017en\u011bj\u0161\u00edch sv\u011btov\u00fdch \u0161ampion\u00e1tech na silni\u010dn\u00edch okruz\u00edch \u2013 v\u00a0MotoGP a ve World Superbike. P\u0159iv\u00e1\u017e\u00edme pr\u016f\u0159ez aktu\u00e1ln\u00ed produkc\u00ed a v\u011b\u0159\u00edme, \u017ee n\u00e1v\u0161t\u011bvn\u00edky zaujme jedine\u010dn\u00fd koncept cel\u00e9 t\u00e9to v\u00fdstavy,\u201d \u0159\u00edk\u00e1 Veronika Michlov\u00e1, jednatelka spole\u010dnosti MOTO ITALIA s.r.o., import\u00e9ra Ducati pro \u010ceskou republiku.<\/p>\n<p><img loading=\"lazy\" decoding=\"async\" class=\"alignnone size-medium wp-image-2118\" src=\"http:\/\/www.automakers.cz\/wp-content\/uploads\/2024\/02\/Ducati-Arkady-roadster-900x600.jpg\" alt=\"\" width=\"900\" height=\"600\" srcset=\"https:\/\/www.automakers.cz\/wp-content\/uploads\/2024\/02\/Ducati-Arkady-roadster-900x600.jpg 900w, https:\/\/www.automakers.cz\/wp-content\/uploads\/2024\/02\/Ducati-Arkady-roadster-1024x682.jpg 1024w, https:\/\/www.automakers.cz\/wp-content\/uploads\/2024\/02\/Ducati-Arkady-roadster-768x512.jpg 768w, https:\/\/www.automakers.cz\/wp-content\/uploads\/2024\/02\/Ducati-Arkady-roadster-1536x1024.jpg 1536w, https:\/\/www.automakers.cz\/wp-content\/uploads\/2024\/02\/Ducati-Arkady-roadster.jpg 2000w\" sizes=\"auto, (max-width: 900px) 100vw, 900px\" \/><\/p>\n<p>V r\u00e1mci doprovodn\u00e9ho programu mohou n\u00e1v\u0161t\u011bvn\u00edci \u201cosedlat\u201d motocykl Ducati pod taktovkou b\u00fdval\u00e9ho \u010desk\u00e9ho jezdce MotoGP Luk\u00e1\u0161e Pe\u0161ka, kter\u00fd je z\u00e1rove\u0148 testovac\u00edm jezdcem Ducati a \u010desk\u00fdm ambasadorem zna\u010dky. P\u0159ipravena je tak\u00e9 jednoduch\u00e1 tipovac\u00ed sout\u011b\u017e o hodnotn\u00e9 ceny od partner\u016f akce.<\/p>\n<p>V\u00fdstava je putovn\u00ed, po skon\u010den\u00ed expozice v pra\u017esk\u00e9m OC Ark\u00e1dy Pankr\u00e1c tak zam\u00ed\u0159\u00ed do dal\u0161\u00edch obchodn\u00edch center. V b\u0159eznu se na ni mohou t\u011b\u0161it n\u00e1v\u0161t\u011bvn\u00edci centra Futurum Ostrava, v dubnu bude v\u00fdstavu hostit Galeria Krakowska v polsk\u00e9m Krakov\u011b a svou pou\u0165 zakon\u010d\u00ed v kv\u011btnu v brn\u011bnsk\u00e9 Olympii.<\/p>\n<p><strong>Zdroj: Petr Vurbs, PR mana\u017eer v\u00fdstavy<\/strong><\/p>\n<p><img loading=\"lazy\" decoding=\"async\" class=\"alignnone size-medium wp-image-2113\" src=\"http:\/\/www.automakers.cz\/wp-content\/uploads\/2024\/02\/Ducati-Arkady-plakat-900x600.jpg\" alt=\"\" width=\"900\" height=\"600\" srcset=\"https:\/\/www.automakers.cz\/wp-content\/uploads\/2024\/02\/Ducati-Arkady-plakat-900x600.jpg 900w, https:\/\/www.automakers.cz\/wp-content\/uploads\/2024\/02\/Ducati-Arkady-plakat-1024x682.jpg 1024w, https:\/\/www.automakers.cz\/wp-content\/uploads\/2024\/02\/Ducati-Arkady-plakat-768x512.jpg 768w, https:\/\/www.automakers.cz\/wp-content\/uploads\/2024\/02\/Ducati-Arkady-plakat-1536x1024.jpg 1536w, https:\/\/www.automakers.cz\/wp-content\/uploads\/2024\/02\/Ducati-Arkady-plakat.jpg 2000w\" sizes=\"auto, (max-width: 900px) 100vw, 900px\" \/><\/p>\n","protected":false},"excerpt":{"rendered":"<p>Tiskovou konferenc\u00ed za\u010dala 12. \u00fanora pra\u017esk\u00e1 v\u00fdstava zna\u010dky Ducati. Are\u00e1l OC Ark\u00e1dy Pankr\u00e1c zdob\u00ed od&#8230;<\/p>\n","protected":false},"author":1,"featured_media":2112,"comment_status":"closed","ping_status":"closed","sticky":false,"template":"","format":"standard","meta":{"footnotes":""},"categories":[54,8],"tags":[],"class_list":["post-2095","post","type-post","status-publish","format-standard","has-post-thumbnail","hentry","category-motocykly","category-vystavy"],"_links":{"self":[{"href":"https:\/\/www.automakers.cz\/index.php?rest_route=\/wp\/v2\/posts\/2095","targetHints":{"allow":["GET"]}}],"collection":[{"href":"https:\/\/www.automakers.cz\/index.php?rest_route=\/wp\/v2\/posts"}],"about":[{"href":"https:\/\/www.automakers.cz\/index.php?rest_route=\/wp\/v2\/types\/post"}],"author":[{"embeddable":true,"href":"https:\/\/www.automakers.cz\/index.php?rest_route=\/wp\/v2\/users\/1"}],"replies":[{"embeddable":true,"href":"https:\/\/www.automakers.cz\/index.php?rest_route=%2Fwp%2Fv2%2Fcomments&post=2095"}],"version-history":[{"count":6,"href":"https:\/\/www.automakers.cz\/index.php?rest_route=\/wp\/v2\/posts\/2095\/revisions"}],"predecessor-version":[{"id":2116,"href":"https:\/\/www.automakers.cz\/index.php?rest_route=\/wp\/v2\/posts\/2095\/revisions\/2116"}],"wp:featuredmedia":[{"embeddable":true,"href":"https:\/\/www.automakers.cz\/index.php?rest_route=\/wp\/v2\/media\/2112"}],"wp:attachment":[{"href":"https:\/\/www.automakers.cz\/index.php?rest_route=%2Fwp%2Fv2%2Fmedia&parent=2095"}],"wp:term":[{"taxonomy":"category","embeddable":true,"href":"https:\/\/www.automakers.cz\/index.php?rest_route=%2Fwp%2Fv2%2Fcategories&post=2095"},{"taxonomy":"post_tag","embeddable":true,"href":"https:\/\/www.automakers.cz\/index.php?rest_route=%2Fwp%2Fv2%2Ftags&post=2095"}],"curies":[{"name":"wp","href":"https:\/\/api.w.org\/{rel}","templated":true}]}}