{"id":2098,"date":"2024-02-12T14:10:46","date_gmt":"2024-02-12T14:10:46","guid":{"rendered":"https:\/\/www.automakers.cz\/?p=2098"},"modified":"2024-02-12T14:42:32","modified_gmt":"2024-02-12T14:42:32","slug":"kia-se-dohodla-na-dalsi-3-roky-s-essoxem","status":"publish","type":"post","link":"https:\/\/www.automakers.cz\/?p=2098","title":{"rendered":"Kia se dohodla na dal\u0161\u00ed 3 roky s Essoxem"},"content":{"rendered":"<p><strong>ESSOX a Kia Czech prodlou\u017eily smlouvu o v\u00fdhradn\u00edm poskytov\u00e1n\u00ed finan\u010dn\u00edch slu\u017eeb. P\u0159ed t\u0159emi lety za\u010dala firma poskytovat zna\u010dkov\u00e9 financov\u00e1n\u00ed v autorizovan\u00fdch dealerstv\u00edch Kia. Za tuto dobu profinancovala t\u00e9m\u011b\u0159 3,5 tis\u00edce aut zna\u010dky v celkov\u00e9m objemu p\u0159es 1 mld. korun. <\/strong><!--more--><\/p>\n<p>Jedn\u00edm z\u00a0kl\u00ed\u010dov\u00fdch c\u00edl\u016f obou partner\u016f pro dal\u0161\u00ed obdob\u00ed spolupr\u00e1ce je podpora n\u00edzkoemisn\u00ed mobility \u2013 i\u00a0proto p\u0159ipravuje ESSOX nov\u00fd produkt na financov\u00e1n\u00ed elektrick\u00fdch voz\u016f zna\u010dky Kia. Aktu\u00e1ln\u011b nejobl\u00edben\u011bj\u0161\u00edm produktem zna\u010dkov\u00e9ho financov\u00e1n\u00ed je <strong>Kia Select<\/strong>\u00a0\u2013 dostupn\u00fd \u00fav\u011br s\u00a0mo\u017enost\u00ed flexibiln\u00edho nastaven\u00ed ukon\u010den\u00ed smlouvy.<\/p>\n<p>\u201e<em>Kia je <\/em><em><i>n\u00e1\u0161 v\u00fdznamn\u00fd partner <\/i><\/em><em>a jsme nesm\u00edrn\u011b r\u00e1di, \u017ee m\u016f\u017eeme ve spolupr\u00e1ci pokra\u010dovat i v\u00a0dal\u0161\u00edch t\u0159ech letech. Tato zna\u010dka m\u00e1 ve sv\u00e9m portfoliu \u0161irokou nab\u00eddku voz\u016f s\u00a0klasick\u00fdm i alternativn\u00edm pohonem. A\u00a0pr\u00e1v\u011b n\u00edzkoemisn\u00ed automobily financujeme obzvl\u00e1\u0161\u0165 r\u00e1di, pom\u00e1h\u00e1me tak k\u00a0transformaci vozov\u00e9ho parku v\u00a0\u010cesk\u00e9 republice i sni\u017eov\u00e1n\u00ed dopad\u016f mobility na \u017eivotn\u00ed prost\u0159ed\u00ed,\u201c <\/em>uvedla gener\u00e1ln\u00ed \u0159editelka spole\u010dnosti ESSOX <strong>Jana Hanu\u0161ov\u00e1<\/strong>.<\/p>\n<p>Za dobu t\u0159iceti let sv\u00e9 existence prodala Kia na \u010desk\u00e9m trhu v\u00edce ne\u017e 155 tis\u00edc nov\u00fdch osobn\u00edch automobil\u016f. Dlouhodob\u011b se p\u0159itom dr\u017e\u00ed mezi TOP p\u011bti nejprod\u00e1van\u011bj\u0161\u00edmi zna\u010dkami v\u00a0\u010cesk\u00e9 republice. Z\u00e1kazn\u00edk\u016fm nab\u00edz\u00ed 9 modelov\u00fdch rodin, v\u010detn\u011b nab\u00eddky 12 model\u016f s alternativn\u00edm pohonem (3x HEV, 5x PHEV, 4x BEV).<\/p>\n<figure id=\"attachment_188\" aria-describedby=\"caption-attachment-188\" style=\"width: 900px\" class=\"wp-caption alignnone\"><img loading=\"lazy\" decoding=\"async\" class=\"size-medium wp-image-188\" src=\"http:\/\/www.automakers.cz\/wp-content\/uploads\/2023\/11\/eSalon-23-Kia-Barna-900x675.jpg\" alt=\"\" width=\"900\" height=\"675\" srcset=\"https:\/\/www.automakers.cz\/wp-content\/uploads\/2023\/11\/eSalon-23-Kia-Barna-900x675.jpg 900w, https:\/\/www.automakers.cz\/wp-content\/uploads\/2023\/11\/eSalon-23-Kia-Barna-1024x768.jpg 1024w, https:\/\/www.automakers.cz\/wp-content\/uploads\/2023\/11\/eSalon-23-Kia-Barna-768x576.jpg 768w, https:\/\/www.automakers.cz\/wp-content\/uploads\/2023\/11\/eSalon-23-Kia-Barna-1536x1152.jpg 1536w, https:\/\/www.automakers.cz\/wp-content\/uploads\/2023\/11\/eSalon-23-Kia-Barna.jpg 2040w\" sizes=\"auto, (max-width: 900px) 100vw, 900px\" \/><figcaption id=\"caption-attachment-188\" class=\"wp-caption-text\">\u0160\u00e9f Kia Czech Arno\u0161t Barna v akci<\/figcaption><\/figure>\n<p><em><i>\u201eV p\u0159\u00edpad\u011b pln\u011b bateriov\u00fdch vozidel rostly v lo\u0148sk\u00e9m roce na\u0161e prodeje o 25 procent. Ambici\u00f3zn\u00ed pl\u00e1ny p\u0159itom m\u00e1me i na rok leto\u0161n\u00ed. Na\u0161e nejnov\u011bj\u0161\u00ed sedmim\u00edstn\u00e9 SUV EV9, jeho\u017e prodej jsme zah\u00e1jili na podzim roku 2023, z\u00edskalo v\u00a0uplynul\u00fdch m\u011bs\u00edc\u00edch \u0159adu ocen\u011bn\u00ed a\u00a0pat\u0159\u00ed prokazateln\u011b k\u00a0technologicky nejvysp\u011blej\u0161\u00edm voz\u016fm ve sv\u00e9 t\u0159\u00edd\u011b. V\u011b\u0159\u00edm, \u017ee d\u00edky dostupn\u00fdm finan\u010dn\u00edm slu\u017eb\u00e1m budeme moci nejen tento v\u016fz dodat na \u010desk\u00e9m trhu co nejv\u00edce z\u00e1kazn\u00edk\u016fm,\u201c <\/i><\/em>uvedl <strong><b>Arno\u0161t Barna<\/b><\/strong>, gener\u00e1ln\u00ed \u0159editel spole\u010dnosti Kia Czech.<\/p>\n<p><strong>Zdroj: ESSOX<\/strong><\/p>\n","protected":false},"excerpt":{"rendered":"<p>ESSOX a Kia Czech prodlou\u017eily smlouvu o v\u00fdhradn\u00edm poskytov\u00e1n\u00ed finan\u010dn\u00edch slu\u017eeb. P\u0159ed t\u0159emi lety za\u010dala&#8230;<\/p>\n","protected":false},"author":1,"featured_media":1536,"comment_status":"closed","ping_status":"closed","sticky":false,"template":"","format":"standard","meta":{"footnotes":""},"categories":[11,33],"tags":[],"class_list":["post-2098","post","type-post","status-publish","format-standard","has-post-thumbnail","hentry","category-importeri","category-leasing"],"_links":{"self":[{"href":"https:\/\/www.automakers.cz\/index.php?rest_route=\/wp\/v2\/posts\/2098","targetHints":{"allow":["GET"]}}],"collection":[{"href":"https:\/\/www.automakers.cz\/index.php?rest_route=\/wp\/v2\/posts"}],"about":[{"href":"https:\/\/www.automakers.cz\/index.php?rest_route=\/wp\/v2\/types\/post"}],"author":[{"embeddable":true,"href":"https:\/\/www.automakers.cz\/index.php?rest_route=\/wp\/v2\/users\/1"}],"replies":[{"embeddable":true,"href":"https:\/\/www.automakers.cz\/index.php?rest_route=%2Fwp%2Fv2%2Fcomments&post=2098"}],"version-history":[{"count":6,"href":"https:\/\/www.automakers.cz\/index.php?rest_route=\/wp\/v2\/posts\/2098\/revisions"}],"predecessor-version":[{"id":2110,"href":"https:\/\/www.automakers.cz\/index.php?rest_route=\/wp\/v2\/posts\/2098\/revisions\/2110"}],"wp:featuredmedia":[{"embeddable":true,"href":"https:\/\/www.automakers.cz\/index.php?rest_route=\/wp\/v2\/media\/1536"}],"wp:attachment":[{"href":"https:\/\/www.automakers.cz\/index.php?rest_route=%2Fwp%2Fv2%2Fmedia&parent=2098"}],"wp:term":[{"taxonomy":"category","embeddable":true,"href":"https:\/\/www.automakers.cz\/index.php?rest_route=%2Fwp%2Fv2%2Fcategories&post=2098"},{"taxonomy":"post_tag","embeddable":true,"href":"https:\/\/www.automakers.cz\/index.php?rest_route=%2Fwp%2Fv2%2Ftags&post=2098"}],"curies":[{"name":"wp","href":"https:\/\/api.w.org\/{rel}","templated":true}]}}