{"id":21248,"date":"2026-04-27T07:36:28","date_gmt":"2026-04-27T07:36:28","guid":{"rendered":"https:\/\/www.automakers.cz\/?p=21248"},"modified":"2026-04-27T08:02:27","modified_gmt":"2026-04-27T08:02:27","slug":"peking-startuje-veletrh-auto-china-2026","status":"publish","type":"post","link":"https:\/\/www.automakers.cz\/?p=21248","title":{"rendered":"Peking startuje veletrh Auto China 2026"},"content":{"rendered":"<p class=\"big\"><strong>V \u010d\u00ednsk\u00e9m Pekingu prob\u011bhly expertn\u00ed dny v\u00fdstavy Auto China 2026, prob\u011bhli jsme veletr\u017en\u00ed haly. Are\u00e1l otev\u0159e br\u00e1ny ve\u0159ejnosti v \u00fater\u00fd 28. dubna.<\/strong><!--more--><\/p>\n<p class=\"big\">Salonu um\u00edst\u011bn\u00e9mu na plo\u0161e v\u011bt\u0161\u00ed ne\u017e 50 fotbalov\u00fdch h\u0159i\u0161\u0165 je vystaveno v\u00edce ne\u017e 1400 voz\u016f. V\u00fdstavn\u00edm hal\u00e1m dominuj\u00ed expozice nejv\u011bt\u0161\u00edch dom\u00e1c\u00edch zna\u010dek, evropsk\u00e9 automobilky maj\u00ed v Pekingu m\u00e9n\u011b opulentn\u00ed st\u00e1nky. \u010ceskou \u0160kodovku u\u017e jsme letos na v\u00fdstav\u011b nezahl\u00e9dli.<\/p>\n<p class=\"big\"><strong>Nejv\u011bt\u0161\u00ed tiskovku autosalonu m\u011bla na za\u010d\u00e1tku veletrhu automobilka Chery, p\u0159il\u00e1kala tis\u00edce novin\u00e1\u0159\u016f<\/strong><\/p>\n<p><img loading=\"lazy\" decoding=\"async\" class=\"alignnone size-medium wp-image-21251\" src=\"http:\/\/www.automakers.cz\/wp-content\/uploads\/2026\/04\/Chery-Peking-stynek-salon-900x511.jpg\" alt=\"\" width=\"900\" height=\"511\" srcset=\"https:\/\/www.automakers.cz\/wp-content\/uploads\/2026\/04\/Chery-Peking-stynek-salon-900x511.jpg 900w, https:\/\/www.automakers.cz\/wp-content\/uploads\/2026\/04\/Chery-Peking-stynek-salon-1024x582.jpg 1024w, https:\/\/www.automakers.cz\/wp-content\/uploads\/2026\/04\/Chery-Peking-stynek-salon-768x436.jpg 768w, https:\/\/www.automakers.cz\/wp-content\/uploads\/2026\/04\/Chery-Peking-stynek-salon-1536x873.jpg 1536w, https:\/\/www.automakers.cz\/wp-content\/uploads\/2026\/04\/Chery-Peking-stynek-salon.jpg 1924w\" sizes=\"auto, (max-width: 900px) 100vw, 900px\" \/><\/p>\n<div><img loading=\"lazy\" decoding=\"async\" class=\"alignnone size-medium wp-image-21261\" src=\"http:\/\/www.automakers.cz\/wp-content\/uploads\/2026\/04\/Erich-Peking-viktorka-Chery-900x506.jpg\" alt=\"\" width=\"900\" height=\"506\" srcset=\"https:\/\/www.automakers.cz\/wp-content\/uploads\/2026\/04\/Erich-Peking-viktorka-Chery-900x506.jpg 900w, https:\/\/www.automakers.cz\/wp-content\/uploads\/2026\/04\/Erich-Peking-viktorka-Chery-1024x576.jpg 1024w, https:\/\/www.automakers.cz\/wp-content\/uploads\/2026\/04\/Erich-Peking-viktorka-Chery-768x432.jpg 768w, https:\/\/www.automakers.cz\/wp-content\/uploads\/2026\/04\/Erich-Peking-viktorka-Chery-1536x864.jpg 1536w, https:\/\/www.automakers.cz\/wp-content\/uploads\/2026\/04\/Erich-Peking-viktorka-Chery-1280x720.jpg 1280w, https:\/\/www.automakers.cz\/wp-content\/uploads\/2026\/04\/Erich-Peking-viktorka-Chery.jpg 2048w\" sizes=\"auto, (max-width: 900px) 100vw, 900px\" \/><\/div>\n<div>\n<p><img loading=\"lazy\" decoding=\"async\" class=\"size-medium wp-image-21223\" src=\"http:\/\/www.automakers.cz\/wp-content\/uploads\/2026\/04\/Pekin-autosalon-Cina-900x524.jpg\" alt=\"\" width=\"900\" height=\"524\" \/><strong>Nejv\u011bt\u0161\u00ed \u010d\u00ednsk\u00e1 automobilka, BYD, p\u0159edstavila kolekci model\u016f pojmenovan\u00fdch po c\u00edsa\u0159sk\u00fdch dynasti\u00edch. Na doln\u00edm sn\u00edmku Tang Dynasty Reborn<\/strong><\/p>\n<\/div>\n<div><img loading=\"lazy\" decoding=\"async\" class=\"alignnone size-medium wp-image-21254\" src=\"http:\/\/www.automakers.cz\/wp-content\/uploads\/2026\/04\/Peking-BYD-Tang-900x506.jpg\" alt=\"\" width=\"900\" height=\"506\" srcset=\"https:\/\/www.automakers.cz\/wp-content\/uploads\/2026\/04\/Peking-BYD-Tang-900x506.jpg 900w, https:\/\/www.automakers.cz\/wp-content\/uploads\/2026\/04\/Peking-BYD-Tang-1024x576.jpg 1024w, https:\/\/www.automakers.cz\/wp-content\/uploads\/2026\/04\/Peking-BYD-Tang-768x432.jpg 768w, https:\/\/www.automakers.cz\/wp-content\/uploads\/2026\/04\/Peking-BYD-Tang-1536x864.jpg 1536w, https:\/\/www.automakers.cz\/wp-content\/uploads\/2026\/04\/Peking-BYD-Tang-1280x720.jpg 1280w, https:\/\/www.automakers.cz\/wp-content\/uploads\/2026\/04\/Peking-BYD-Tang.jpg 2048w\" sizes=\"auto, (max-width: 900px) 100vw, 900px\" \/><\/div>\n<div id=\"textFullBan\">\n<div>\n<div id=\"PX_23684_1253984630230\">\n<div class=\"px-w-s23684\" data-visible=\"49\" data-req-id=\"te4swp-s23684-107aj9\">\n<div data-id=\"700253\"><strong>Do sv\u011bta automobil\u016f m\u00ed\u0159\u00ed i zna\u010dka mobiln\u00edch telefon\u016f a kolob\u011b\u017eek Huawei<\/strong><\/div>\n<div data-id=\"700253\"><img loading=\"lazy\" decoding=\"async\" class=\"alignnone size-medium wp-image-21260\" src=\"http:\/\/www.automakers.cz\/wp-content\/uploads\/2026\/04\/Peking-Huawei-900x533.jpg\" alt=\"\" width=\"900\" height=\"533\" srcset=\"https:\/\/www.automakers.cz\/wp-content\/uploads\/2026\/04\/Peking-Huawei-900x533.jpg 900w, https:\/\/www.automakers.cz\/wp-content\/uploads\/2026\/04\/Peking-Huawei-1024x606.jpg 1024w, https:\/\/www.automakers.cz\/wp-content\/uploads\/2026\/04\/Peking-Huawei-768x454.jpg 768w, https:\/\/www.automakers.cz\/wp-content\/uploads\/2026\/04\/Peking-Huawei-1536x909.jpg 1536w, https:\/\/www.automakers.cz\/wp-content\/uploads\/2026\/04\/Peking-Huawei.jpg 1947w\" sizes=\"auto, (max-width: 900px) 100vw, 900px\" \/><\/div>\n<div class=\"px-creative\" data-id=\"700253\"><strong>V Pekingu se bl\u00fdskla i dce\u0159in\u00e1 zna\u010dka Chery, v \u010desku ji\u017e dob\u0159e zn\u00e1m\u00e1 Omoda<img loading=\"lazy\" decoding=\"async\" class=\"alignnone size-medium wp-image-21255\" src=\"http:\/\/www.automakers.cz\/wp-content\/uploads\/2026\/04\/Peking-Omoda-900x506.jpg\" alt=\"\" width=\"900\" height=\"506\" srcset=\"https:\/\/www.automakers.cz\/wp-content\/uploads\/2026\/04\/Peking-Omoda-900x506.jpg 900w, https:\/\/www.automakers.cz\/wp-content\/uploads\/2026\/04\/Peking-Omoda-1024x576.jpg 1024w, https:\/\/www.automakers.cz\/wp-content\/uploads\/2026\/04\/Peking-Omoda-768x432.jpg 768w, https:\/\/www.automakers.cz\/wp-content\/uploads\/2026\/04\/Peking-Omoda-1536x864.jpg 1536w, https:\/\/www.automakers.cz\/wp-content\/uploads\/2026\/04\/Peking-Omoda-1280x720.jpg 1280w, https:\/\/www.automakers.cz\/wp-content\/uploads\/2026\/04\/Peking-Omoda.jpg 2048w\" sizes=\"auto, (max-width: 900px) 100vw, 900px\" \/><\/strong><\/div>\n<div data-id=\"700253\"><strong>Na place se d\u00e1le uk\u00e1zala \u0159ada zna\u010dek \u010desk\u00fdm motorist\u016fm pov\u011bt\u0161inou nezn\u00e1m\u00fdch<\/strong><\/div>\n<div data-id=\"700253\"><img loading=\"lazy\" decoding=\"async\" class=\"alignnone size-medium wp-image-21257\" src=\"http:\/\/www.automakers.cz\/wp-content\/uploads\/2026\/04\/Peking-DMO-900x549.jpg\" alt=\"\" width=\"900\" height=\"549\" srcset=\"https:\/\/www.automakers.cz\/wp-content\/uploads\/2026\/04\/Peking-DMO-900x549.jpg 900w, https:\/\/www.automakers.cz\/wp-content\/uploads\/2026\/04\/Peking-DMO-1024x624.jpg 1024w, https:\/\/www.automakers.cz\/wp-content\/uploads\/2026\/04\/Peking-DMO-768x468.jpg 768w, https:\/\/www.automakers.cz\/wp-content\/uploads\/2026\/04\/Peking-DMO-1536x936.jpg 1536w, https:\/\/www.automakers.cz\/wp-content\/uploads\/2026\/04\/Peking-DMO.jpg 1890w\" sizes=\"auto, (max-width: 900px) 100vw, 900px\" \/><img loading=\"lazy\" decoding=\"async\" class=\"alignnone size-medium wp-image-21258\" src=\"http:\/\/www.automakers.cz\/wp-content\/uploads\/2026\/04\/Peking-limuzina-900x503.jpg\" alt=\"\" width=\"900\" height=\"503\" srcset=\"https:\/\/www.automakers.cz\/wp-content\/uploads\/2026\/04\/Peking-limuzina-900x503.jpg 900w, https:\/\/www.automakers.cz\/wp-content\/uploads\/2026\/04\/Peking-limuzina-1024x573.jpg 1024w, https:\/\/www.automakers.cz\/wp-content\/uploads\/2026\/04\/Peking-limuzina-768x429.jpg 768w, https:\/\/www.automakers.cz\/wp-content\/uploads\/2026\/04\/Peking-limuzina-1536x859.jpg 1536w, https:\/\/www.automakers.cz\/wp-content\/uploads\/2026\/04\/Peking-limuzina.jpg 1901w\" sizes=\"auto, (max-width: 900px) 100vw, 900px\" \/><img loading=\"lazy\" decoding=\"async\" class=\"alignnone size-medium wp-image-21256\" src=\"http:\/\/www.automakers.cz\/wp-content\/uploads\/2026\/04\/Peking-Cina-8-900x506.jpg\" alt=\"\" width=\"900\" height=\"506\" srcset=\"https:\/\/www.automakers.cz\/wp-content\/uploads\/2026\/04\/Peking-Cina-8-900x506.jpg 900w, https:\/\/www.automakers.cz\/wp-content\/uploads\/2026\/04\/Peking-Cina-8-1024x576.jpg 1024w, https:\/\/www.automakers.cz\/wp-content\/uploads\/2026\/04\/Peking-Cina-8-768x432.jpg 768w, https:\/\/www.automakers.cz\/wp-content\/uploads\/2026\/04\/Peking-Cina-8-1536x864.jpg 1536w, https:\/\/www.automakers.cz\/wp-content\/uploads\/2026\/04\/Peking-Cina-8-1280x720.jpg 1280w, https:\/\/www.automakers.cz\/wp-content\/uploads\/2026\/04\/Peking-Cina-8.jpg 2048w\" sizes=\"auto, (max-width: 900px) 100vw, 900px\" \/><\/div>\n<div data-id=\"700253\"><img loading=\"lazy\" decoding=\"async\" class=\"alignnone size-medium wp-image-21262\" src=\"http:\/\/www.automakers.cz\/wp-content\/uploads\/2026\/04\/Peking-koncept-900x527.jpg\" alt=\"\" width=\"900\" height=\"527\" srcset=\"https:\/\/www.automakers.cz\/wp-content\/uploads\/2026\/04\/Peking-koncept-900x527.jpg 900w, https:\/\/www.automakers.cz\/wp-content\/uploads\/2026\/04\/Peking-koncept-1024x600.jpg 1024w, https:\/\/www.automakers.cz\/wp-content\/uploads\/2026\/04\/Peking-koncept-768x450.jpg 768w, https:\/\/www.automakers.cz\/wp-content\/uploads\/2026\/04\/Peking-koncept-1536x900.jpg 1536w, https:\/\/www.automakers.cz\/wp-content\/uploads\/2026\/04\/Peking-koncept.jpg 1872w\" sizes=\"auto, (max-width: 900px) 100vw, 900px\" \/><\/div>\n<div data-id=\"700253\"><strong>Nezanedbateln\u00e1 \u010d\u00e1st v\u00fdstavn\u00edch prostor\u016f byla v\u011bnov\u00e1na robotice, um\u011bl\u00e9 inteliganci a l\u00e9taj\u00edc\u00edm vozidl\u016fm<\/strong><\/div>\n<div data-id=\"700253\"><img loading=\"lazy\" decoding=\"async\" class=\"alignnone size-medium wp-image-21259\" src=\"http:\/\/www.automakers.cz\/wp-content\/uploads\/2026\/04\/Peking-dron-vrtulnik-900x506.jpg\" alt=\"\" width=\"900\" height=\"506\" srcset=\"https:\/\/www.automakers.cz\/wp-content\/uploads\/2026\/04\/Peking-dron-vrtulnik-900x506.jpg 900w, https:\/\/www.automakers.cz\/wp-content\/uploads\/2026\/04\/Peking-dron-vrtulnik-1024x576.jpg 1024w, https:\/\/www.automakers.cz\/wp-content\/uploads\/2026\/04\/Peking-dron-vrtulnik-768x432.jpg 768w, https:\/\/www.automakers.cz\/wp-content\/uploads\/2026\/04\/Peking-dron-vrtulnik-1536x864.jpg 1536w, https:\/\/www.automakers.cz\/wp-content\/uploads\/2026\/04\/Peking-dron-vrtulnik-1280x720.jpg 1280w, https:\/\/www.automakers.cz\/wp-content\/uploads\/2026\/04\/Peking-dron-vrtulnik.jpg 2048w\" sizes=\"auto, (max-width: 900px) 100vw, 900px\" \/><\/div>\n<p><strong>Erich Handl, Peking<\/strong><\/p>\n<\/div>\n<div class=\"px-w-s23684\" data-visible=\"49\" data-req-id=\"te4swp-s23684-107aj9\">\n<div data-id=\"700253\"><\/div>\n<\/div>\n<\/div>\n<\/div>\n<\/div>\n","protected":false},"excerpt":{"rendered":"<p>V \u010d\u00ednsk\u00e9m Pekingu prob\u011bhly expertn\u00ed dny v\u00fdstavy Auto China 2026, prob\u011bhli jsme veletr\u017en\u00ed haly. Are\u00e1l&#8230;<\/p>\n","protected":false},"author":1,"featured_media":21250,"comment_status":"closed","ping_status":"closed","sticky":false,"template":"","format":"standard","meta":{"footnotes":""},"categories":[31,72,8],"tags":[],"class_list":["post-21248","post","type-post","status-publish","format-standard","has-post-thumbnail","hentry","category-news","category-reportaz","category-vystavy"],"_links":{"self":[{"href":"https:\/\/www.automakers.cz\/index.php?rest_route=\/wp\/v2\/posts\/21248","targetHints":{"allow":["GET"]}}],"collection":[{"href":"https:\/\/www.automakers.cz\/index.php?rest_route=\/wp\/v2\/posts"}],"about":[{"href":"https:\/\/www.automakers.cz\/index.php?rest_route=\/wp\/v2\/types\/post"}],"author":[{"embeddable":true,"href":"https:\/\/www.automakers.cz\/index.php?rest_route=\/wp\/v2\/users\/1"}],"replies":[{"embeddable":true,"href":"https:\/\/www.automakers.cz\/index.php?rest_route=%2Fwp%2Fv2%2Fcomments&post=21248"}],"version-history":[{"count":9,"href":"https:\/\/www.automakers.cz\/index.php?rest_route=\/wp\/v2\/posts\/21248\/revisions"}],"predecessor-version":[{"id":21269,"href":"https:\/\/www.automakers.cz\/index.php?rest_route=\/wp\/v2\/posts\/21248\/revisions\/21269"}],"wp:featuredmedia":[{"embeddable":true,"href":"https:\/\/www.automakers.cz\/index.php?rest_route=\/wp\/v2\/media\/21250"}],"wp:attachment":[{"href":"https:\/\/www.automakers.cz\/index.php?rest_route=%2Fwp%2Fv2%2Fmedia&parent=21248"}],"wp:term":[{"taxonomy":"category","embeddable":true,"href":"https:\/\/www.automakers.cz\/index.php?rest_route=%2Fwp%2Fv2%2Fcategories&post=21248"},{"taxonomy":"post_tag","embeddable":true,"href":"https:\/\/www.automakers.cz\/index.php?rest_route=%2Fwp%2Fv2%2Ftags&post=21248"}],"curies":[{"name":"wp","href":"https:\/\/api.w.org\/{rel}","templated":true}]}}