{"id":21298,"date":"2026-04-28T05:25:00","date_gmt":"2026-04-28T05:25:00","guid":{"rendered":"https:\/\/www.automakers.cz\/?p=21298"},"modified":"2026-04-28T05:27:16","modified_gmt":"2026-04-28T05:27:16","slug":"volvo-zahajuje-vyrobu-elektrickeho-ex60","status":"publish","type":"post","link":"https:\/\/www.automakers.cz\/?p=21298","title":{"rendered":"Volvo zahajuje v\u00fdrobu elektrick\u00e9ho EX60"},"content":{"rendered":"<p><strong>\u0160v\u00e9dsk\u00e9 Volvo Cars startuje v Torsland\u011b v\u00fdrobu pln\u011b elektrick\u00e9ho modelu EX60, jeho\u017e distribuce za\u010dne ve druh\u00e9 polovin\u011b leto\u0161n\u00edho roku.<\/strong><!--more--><\/p>\n<p>Pln\u011b elektrick\u00e9 st\u0159edn\u011b velk\u00e9 SUV se vyr\u00e1b\u00ed v z\u00e1vod\u011b spole\u010dnosti Volvo Cars v Torsland\u011b nedaleko \u0159editelstv\u00ed firmy ve \u0161v\u00e9dsk\u00e9m G\u00f6teborgu.<\/p>\n<p>Spole\u010dnost Volvo Cars v reakci na silnou popt\u00e1vku ji\u017e minul\u00fd m\u011bs\u00edc ozn\u00e1mila, \u017ee v roce 2026 nav\u00fd\u0161\u00ed v\u00fdrobn\u00ed kapacity modelu.<\/p>\n<p>Jako prvn\u00ed pln\u011b elektrick\u00fd v\u016fz navr\u017een\u00fd, vyvinut\u00fd a vyroben\u00fd ve \u0160v\u00e9dsku podtrhuje EX60 dlouhodob\u00fd z\u00e1vazek spole\u010dnosti Volvo Cars v\u016f\u010di sv\u00e9 domovsk\u00e9 zemi jako centru v\u00fdvoje a v\u00fdroby pr\u00e9miov\u00fdch elektrick\u00fdch voz\u016f.<\/p>\n<p>Model EX60 m\u00e1 p\u0159isp\u011bt k pos\u00edlen\u00ed ekonomiky G\u00f6teborgu i cel\u00e9ho \u0160v\u00e9dska, jeliko\u017e z n\u011bj z hlediska hodnoty ambice spole\u010dnosti Volvo Cars v oblasti v\u00fdrobn\u00edch objem\u016f \u010din\u00ed jeden z nejv\u00fdznamn\u011bj\u0161\u00edch exportn\u00edch artikl\u016f zem\u011b.<\/p>\n<blockquote><p>\u201eDne\u0161ek p\u0159edstavuje pro na\u0161i spole\u010dnost i pro cel\u00e9 \u0160v\u00e9dsko d\u016fle\u017eit\u00fd miln\u00edk, proto\u017ee zahajujeme v\u00fdrobu prvn\u00edch<br \/>\nvoz\u016f EX60 ur\u010den\u00fdch pro z\u00e1kazn\u00edky,\u201c uvedl H\u00e5kan Samuelsson, gener\u00e1ln\u00ed \u0159editel spole\u010dnosti Volvo Cars. \u201eNyn\u00ed se<br \/>\nsoust\u0159ed\u00edme na postupn\u00e9 navy\u0161ov\u00e1n\u00ed v\u00fdroby modelu EX60 p\u0159i sou\u010dasn\u00e9m zachov\u00e1n\u00ed jeho nejvy\u0161\u0161\u00ed kvality, aby se<br \/>\ntento pr\u016flomov\u00fd v\u016fz stal v nadch\u00e1zej\u00edc\u00edch letech kl\u00ed\u010dov\u00fdm tahounem ziskov\u00e9ho r\u016fstu.\u201c<\/p><\/blockquote>\n<p>Rozhodnut\u00ed nav\u00fd\u0161it v\u00fdrobn\u00ed objemy pro rok 2026 n\u00e1sledovalo po siln\u00e9 po\u010d\u00e1te\u010dn\u00ed popt\u00e1vce z\u00e1kazn\u00edk\u016f na kl\u00ed\u010dov\u00fdch trz\u00edch, jako jsou \u0160v\u00e9dsko a N\u011bmecko, a sou\u010dasn\u011b po v\u00fdrazn\u011b vy\u0161\u0161\u00edm po\u010dtu objedn\u00e1vek oproti intern\u00edm progn\u00f3z\u00e1m t\u00e9m\u011b\u0159 na v\u0161ech hlavn\u00edch evropsk\u00fdch trz\u00edch.<\/p>\n<p>V reakci na tuto silnou popt\u00e1vku v Evrop\u011b \u2013 a s otev\u0159en\u00edm objedn\u00e1vkov\u00fdch knih pro trhy USA a Asie pozd\u011bji na ja\u0159e \u2013 se spole\u010dnost Volvo Cars rozhodla pro rok 2026 nav\u00fd\u0161it v\u00fdrobn\u00ed kapacitu modelu EX60. Za t\u00edmto \u00fa\u010delem pl\u00e1nuje prodlou\u017eit provoz z\u00e1vodu v Torsland\u011b o jeden t\u00fdden b\u011bhem l\u00e9ta, co\u017e by se stalo v\u016fbec poprv\u00e9 v historii.<\/p>\n<p>Model EX60 nab\u00edz\u00ed dojezd a\u017e 810 km na jedno nabit\u00ed, umo\u017e\u0148uje nabit\u00ed z 10 na 80 % za 16 minut a jeho cena je nastavena na \u00farove\u0148 nejprod\u00e1van\u011bj\u0161\u00edho plug-in hybridn\u00edho modelu XC60.<\/p>\n<p><strong>\u010ceskou statickou premi\u00e9ru m\u011bl elektromobil EX60 v pra\u017esk\u00e9m M\u00e1nesu<\/strong><\/p>\n<p><img loading=\"lazy\" decoding=\"async\" class=\"alignnone size-medium wp-image-20396\" src=\"http:\/\/www.automakers.cz\/wp-content\/uploads\/2026\/03\/Volvo-EX60-Manes-900x600.jpg\" alt=\"\" width=\"900\" height=\"600\" \/><\/p>\n<p>&nbsp;<\/p>\n","protected":false},"excerpt":{"rendered":"<p>\u0160v\u00e9dsk\u00e9 Volvo Cars startuje v Torsland\u011b v\u00fdrobu pln\u011b elektrick\u00e9ho modelu EX60, jeho\u017e distribuce za\u010dne ve&#8230;<\/p>\n","protected":false},"author":1,"featured_media":20152,"comment_status":"closed","ping_status":"closed","sticky":false,"template":"","format":"standard","meta":{"footnotes":""},"categories":[9,31,18],"tags":[],"class_list":["post-21298","post","type-post","status-publish","format-standard","has-post-thumbnail","hentry","category-elektromobily","category-news","category-vyroba"],"_links":{"self":[{"href":"https:\/\/www.automakers.cz\/index.php?rest_route=\/wp\/v2\/posts\/21298","targetHints":{"allow":["GET"]}}],"collection":[{"href":"https:\/\/www.automakers.cz\/index.php?rest_route=\/wp\/v2\/posts"}],"about":[{"href":"https:\/\/www.automakers.cz\/index.php?rest_route=\/wp\/v2\/types\/post"}],"author":[{"embeddable":true,"href":"https:\/\/www.automakers.cz\/index.php?rest_route=\/wp\/v2\/users\/1"}],"replies":[{"embeddable":true,"href":"https:\/\/www.automakers.cz\/index.php?rest_route=%2Fwp%2Fv2%2Fcomments&post=21298"}],"version-history":[{"count":5,"href":"https:\/\/www.automakers.cz\/index.php?rest_route=\/wp\/v2\/posts\/21298\/revisions"}],"predecessor-version":[{"id":21303,"href":"https:\/\/www.automakers.cz\/index.php?rest_route=\/wp\/v2\/posts\/21298\/revisions\/21303"}],"wp:featuredmedia":[{"embeddable":true,"href":"https:\/\/www.automakers.cz\/index.php?rest_route=\/wp\/v2\/media\/20152"}],"wp:attachment":[{"href":"https:\/\/www.automakers.cz\/index.php?rest_route=%2Fwp%2Fv2%2Fmedia&parent=21298"}],"wp:term":[{"taxonomy":"category","embeddable":true,"href":"https:\/\/www.automakers.cz\/index.php?rest_route=%2Fwp%2Fv2%2Fcategories&post=21298"},{"taxonomy":"post_tag","embeddable":true,"href":"https:\/\/www.automakers.cz\/index.php?rest_route=%2Fwp%2Fv2%2Ftags&post=21298"}],"curies":[{"name":"wp","href":"https:\/\/api.w.org\/{rel}","templated":true}]}}