{"id":21317,"date":"2026-04-28T23:36:09","date_gmt":"2026-04-28T23:36:09","guid":{"rendered":"https:\/\/www.automakers.cz\/?p=21317"},"modified":"2026-04-28T23:36:09","modified_gmt":"2026-04-28T23:36:09","slug":"digitalni-registr-vozidel-eu-ma-omezit-podvody-s-ojetinami","status":"publish","type":"post","link":"https:\/\/www.automakers.cz\/?p=21317","title":{"rendered":"Digit\u00e1ln\u00ed registr vozidel EU m\u00e1 omezit podvody s ojetinami"},"content":{"rendered":"<p><strong>Asociace prodejc\u016f pou\u017eit\u00fdch automobil\u016f-autobazar\u016f (APPAA) v\u00edt\u00e1 pl\u00e1n Evropsk\u00e9 unie na zaveden\u00ed digit\u00e1ln\u00edch osv\u011bd\u010den\u00ed o registraci vozidel a \u0161ir\u0161\u00ed sd\u00edlen\u00ed dat mezi \u010dlensk\u00fdmi st\u00e1ty. Podle asociace jde o z\u00e1sadn\u00ed krok v boji proti podvod\u016fm, zejm\u00e9na manipulac\u00edm s histori\u00ed vozidel a po\u010dtem najet\u00fdch kilometr\u016f.<\/strong><!--more--><\/p>\n<p>Sou\u010d\u00e1st\u00ed p\u0159ipravovan\u00fdch zm\u011bn je i vyu\u017eit\u00ed QR k\u00f3d\u016f, kter\u00e9 umo\u017en\u00ed okam\u017eit\u00fd p\u0159\u00edstup k aktu\u00e1ln\u00edm \u00fadaj\u016fm o vozidle v elektronick\u00fdch registrech. C\u00edlem je sjednotit standardy nap\u0159\u00ed\u010d EU a zajistit, aby informace o vozidlech byly transparentn\u00ed, aktu\u00e1ln\u00ed a snadno ov\u011b\u0159iteln\u00e9.<\/p>\n<p>\u201eJde o spr\u00e1vn\u00fd sm\u011br, jak efektivn\u011b ov\u011b\u0159ovat \u00fadaje o vozidlech. V ur\u010dit\u00e9m smyslu se t\u00edm vrac\u00edme k projektu EUCARIS, kter\u00fd byl od po\u010d\u00e1tku zam\u011b\u0159en na sd\u00edlen\u00ed informac\u00ed a boj proti kriminalit\u011b spojen\u00e9 s vozidly,\u201c \u0159\u00edk\u00e1 p\u0159edseda APPAA Petr P\u0159ikryl.<\/p>\n<p>EUCARIS (European Car and Driving Licence Information System) vznikl ji\u017e v roce 1994 jako mezivl\u00e1dn\u00ed iniciativa. Postupn\u011b se jeho principy prom\u00edtly do evropsk\u00e9 legislativy, nap\u0159\u00edklad prost\u0159ednictv\u00edm syst\u00e9mu Pr\u00fcm nebo sm\u011brnice o p\u0159eshrani\u010dn\u00ed v\u00fdm\u011bn\u011b informac\u00ed. Dnes tak sd\u00edlen\u00ed dat o vozidlech stoj\u00ed na z\u00e1vazn\u00e9m r\u00e1mci EU.<\/p>\n<p>Nov\u011b maj\u00ed \u010dlensk\u00e9 st\u00e1ty povinn\u011b otev\u0159\u00edt sv\u00e9 registry a sd\u00edlet kl\u00ed\u010dov\u00e1 data, v\u010detn\u011b technick\u00fdch parametr\u016f, historie najet\u00fdch kilometr\u016f a v\u00fdsledk\u016f pravideln\u00fdch technick\u00fdch kontrol. Pr\u00e1v\u011b p\u0159eshrani\u010dn\u00ed sd\u00edlen\u00ed \u00fadaj\u016f o kilometrov\u00e9m n\u00e1jezdu je pova\u017eov\u00e1no za kl\u00ed\u010dov\u00fd n\u00e1stroj v boji proti tzv. \u201eomlazov\u00e1n\u00ed\u201c ojetin.<\/p>\n<p>Zaveden\u00ed digit\u00e1ln\u00edch osv\u011bd\u010den\u00ed podpo\u0159il V\u00fdbor Evropsk\u00e9ho parlamentu pro dopravu a cestovn\u00ed ruch (TRAN). Fin\u00e1ln\u00ed potvrzen\u00ed n\u00e1vrhu se o\u010dek\u00e1v\u00e1 na plen\u00e1rn\u00edm zased\u00e1n\u00ed koncem dubna 2026.<\/p>\n<p>Podle aktu\u00e1ln\u00edho n\u00e1vrhu by se digit\u00e1ln\u00ed forma m\u011bla st\u00e1t hlavn\u00edm zp\u016fsobem prokazov\u00e1n\u00ed registrace vozidla do t\u0159\u00ed let od \u00fa\u010dinnosti nov\u00e9 legislativy. S ohledem na d\u00e9lku schvalovac\u00edho procesu lze plnou digitalizaci o\u010dek\u00e1vat p\u0159ibli\u017en\u011b v letech 2029 a\u017e 2030.<\/p>\n<p>\u201eSou\u010dasn\u00e1 vozidla u\u017e dnes umo\u017e\u0148uj\u00ed automatick\u00fd p\u0159enos dat do podobn\u00fdch syst\u00e9m\u016f. Transparentn\u00ed historie vozu by se tak m\u011bla st\u00e1t standardem p\u0159i jeho koupi,\u201c uzav\u00edr\u00e1 P\u0159ikryl.<\/p>\n","protected":false},"excerpt":{"rendered":"<p>Asociace prodejc\u016f pou\u017eit\u00fdch automobil\u016f-autobazar\u016f (APPAA) v\u00edt\u00e1 pl\u00e1n Evropsk\u00e9 unie na zaveden\u00ed digit\u00e1ln\u00edch osv\u011bd\u010den\u00ed o registraci&#8230;<\/p>\n","protected":false},"author":2,"featured_media":21318,"comment_status":"closed","ping_status":"closed","sticky":false,"template":"","format":"standard","meta":{"footnotes":""},"categories":[55,58,25,97],"tags":[],"class_list":["post-21317","post","type-post","status-publish","format-standard","has-post-thumbnail","hentry","category-bazary","category-it","category-legislativa","category-politika"],"_links":{"self":[{"href":"https:\/\/www.automakers.cz\/index.php?rest_route=\/wp\/v2\/posts\/21317","targetHints":{"allow":["GET"]}}],"collection":[{"href":"https:\/\/www.automakers.cz\/index.php?rest_route=\/wp\/v2\/posts"}],"about":[{"href":"https:\/\/www.automakers.cz\/index.php?rest_route=\/wp\/v2\/types\/post"}],"author":[{"embeddable":true,"href":"https:\/\/www.automakers.cz\/index.php?rest_route=\/wp\/v2\/users\/2"}],"replies":[{"embeddable":true,"href":"https:\/\/www.automakers.cz\/index.php?rest_route=%2Fwp%2Fv2%2Fcomments&post=21317"}],"version-history":[{"count":1,"href":"https:\/\/www.automakers.cz\/index.php?rest_route=\/wp\/v2\/posts\/21317\/revisions"}],"predecessor-version":[{"id":21319,"href":"https:\/\/www.automakers.cz\/index.php?rest_route=\/wp\/v2\/posts\/21317\/revisions\/21319"}],"wp:featuredmedia":[{"embeddable":true,"href":"https:\/\/www.automakers.cz\/index.php?rest_route=\/wp\/v2\/media\/21318"}],"wp:attachment":[{"href":"https:\/\/www.automakers.cz\/index.php?rest_route=%2Fwp%2Fv2%2Fmedia&parent=21317"}],"wp:term":[{"taxonomy":"category","embeddable":true,"href":"https:\/\/www.automakers.cz\/index.php?rest_route=%2Fwp%2Fv2%2Fcategories&post=21317"},{"taxonomy":"post_tag","embeddable":true,"href":"https:\/\/www.automakers.cz\/index.php?rest_route=%2Fwp%2Fv2%2Ftags&post=21317"}],"curies":[{"name":"wp","href":"https:\/\/api.w.org\/{rel}","templated":true}]}}