{"id":2133,"date":"2024-02-13T18:40:33","date_gmt":"2024-02-13T18:40:33","guid":{"rendered":"https:\/\/www.automakers.cz\/?p=2133"},"modified":"2024-02-13T18:41:17","modified_gmt":"2024-02-13T18:41:17","slug":"renault-otevrel-objednavky-na-model-rafale","status":"publish","type":"post","link":"https:\/\/www.automakers.cz\/?p=2133","title":{"rendered":"Renault otev\u0159el objedn\u00e1vky na nov\u00fd Rafale"},"content":{"rendered":"<p><strong>Renault otev\u00edr\u00e1 objedn\u00e1vky na nov\u00e9 SUV kup\u00e9 Rafale v E-Tech ve full hybridn\u00ed motorizaci. Prvn\u00ed vozidla v dealersk\u00e9 s\u00edti budou z\u00e1kazn\u00edk\u016fm k dispozici p\u0159ed l\u00e9tem roku 2024.<\/strong><br \/>\n<!--more--><\/p>\n<p>Nab\u00eddka modelu Renault Rafale E-Tech full hybrid bude startovat na 999 000 K\u010d s DPH za v\u00fdbavov\u00fd stupe\u0148 techno a 1 099 000 K\u010d s DPH za v\u00fdbavov\u00fd stupe\u0148 esprit Alpine.<\/p>\n<p>Rafale E-Tech full hybrid bude dostupn\u00fd ve dvou v\u00fdbavov\u00fdch stupn\u00edch:\u00a0 techno a esprit Alpine s efektivn\u00ed hybridn\u00ed pohonnou jednotkou o v\u00fdkonu 200 k (spot\u0159eba 4,7 l\/100 km, emise 105 g CO2\/km). Do konce roku 2024 Renault p\u0159edstav\u00ed tak\u00e9 v\u00fdkonnou motorizaci E-Tech 4&#215;4 300 k.<\/p>\n<p><strong>Zdroj: Renault \u010cR, Jitka Skali\u010dkov\u00e1<\/strong><\/p>\n","protected":false},"excerpt":{"rendered":"<p>Renault otev\u00edr\u00e1 objedn\u00e1vky na nov\u00e9 SUV kup\u00e9 Rafale v E-Tech ve full hybridn\u00ed motorizaci. Prvn\u00ed&#8230;<\/p>\n","protected":false},"author":1,"featured_media":2134,"comment_status":"closed","ping_status":"closed","sticky":false,"template":"","format":"standard","meta":{"footnotes":""},"categories":[37,17],"tags":[],"class_list":["post-2133","post","type-post","status-publish","format-standard","has-post-thumbnail","hentry","category-ceny-novinek","category-dealeri"],"_links":{"self":[{"href":"https:\/\/www.automakers.cz\/index.php?rest_route=\/wp\/v2\/posts\/2133","targetHints":{"allow":["GET"]}}],"collection":[{"href":"https:\/\/www.automakers.cz\/index.php?rest_route=\/wp\/v2\/posts"}],"about":[{"href":"https:\/\/www.automakers.cz\/index.php?rest_route=\/wp\/v2\/types\/post"}],"author":[{"embeddable":true,"href":"https:\/\/www.automakers.cz\/index.php?rest_route=\/wp\/v2\/users\/1"}],"replies":[{"embeddable":true,"href":"https:\/\/www.automakers.cz\/index.php?rest_route=%2Fwp%2Fv2%2Fcomments&post=2133"}],"version-history":[{"count":3,"href":"https:\/\/www.automakers.cz\/index.php?rest_route=\/wp\/v2\/posts\/2133\/revisions"}],"predecessor-version":[{"id":2138,"href":"https:\/\/www.automakers.cz\/index.php?rest_route=\/wp\/v2\/posts\/2133\/revisions\/2138"}],"wp:featuredmedia":[{"embeddable":true,"href":"https:\/\/www.automakers.cz\/index.php?rest_route=\/wp\/v2\/media\/2134"}],"wp:attachment":[{"href":"https:\/\/www.automakers.cz\/index.php?rest_route=%2Fwp%2Fv2%2Fmedia&parent=2133"}],"wp:term":[{"taxonomy":"category","embeddable":true,"href":"https:\/\/www.automakers.cz\/index.php?rest_route=%2Fwp%2Fv2%2Fcategories&post=2133"},{"taxonomy":"post_tag","embeddable":true,"href":"https:\/\/www.automakers.cz\/index.php?rest_route=%2Fwp%2Fv2%2Ftags&post=2133"}],"curies":[{"name":"wp","href":"https:\/\/api.w.org\/{rel}","templated":true}]}}