{"id":21334,"date":"2026-04-30T04:36:26","date_gmt":"2026-04-30T04:36:26","guid":{"rendered":"https:\/\/www.automakers.cz\/?p=21334"},"modified":"2026-04-30T04:36:26","modified_gmt":"2026-04-30T04:36:26","slug":"prezident-pavel-odstartoval-czech-oldtimer-express-2026","status":"publish","type":"post","link":"https:\/\/www.automakers.cz\/?p=21334","title":{"rendered":"Prezident Pavel odstartoval Czech Oldtimer Express 2026"},"content":{"rendered":"<p><strong>Od N\u00e1rodn\u00edho technick\u00e9ho muzea v Praze odstartoval \u010dtvrt\u00fd ro\u010dn\u00edk Czech Oldtimer Express, vytrvalostn\u00ed j\u00edzdy klasick\u00fdch automobil\u016f nap\u0159\u00ed\u010d Evropou. Na tra\u0165 dlouhou p\u0159es 2000 kilometr\u016f se vydalo 43 pos\u00e1dek. Slavnostn\u00ed start odm\u00e1vl prezident \u010cesk\u00e9 republiky Petr Pavel.<\/strong><!--more--><\/p>\n<p>Leto\u0161n\u00ed ro\u010dn\u00edk s podtitulem\u00a0<em>La Dolce Vita<\/em>\u00a0zavede \u00fa\u010dastn\u00edky z Prahy p\u0159es Rakousko a\u017e do It\u00e1lie. B\u011bhem p\u011bti etap projedou mimo jin\u00e9 alpsk\u00e9 pr\u016fsmyky, oblast jezera Garda, tosk\u00e1nsk\u00e9 silnice, Sienu i pob\u0159e\u017e\u00ed Amalfi. C\u00edlem je Neapol, kde cesta vyvrchol\u00ed z\u00e1v\u011bre\u010dn\u00fdm galave\u010derem.<\/p>\n<p>Czech Oldtimer Express je vytrvalostn\u00ed j\u00edzda historick\u00fdch a klasick\u00fdch voz\u016f, kter\u00e1 kombinuje technick\u00e9 \u00faseky, dlouh\u00e9 p\u0159ejezdy i ikonick\u00e9 silnice spojen\u00e9 s histori\u00ed motorsportu. Nejde o z\u00e1vod na \u010das, ale o skute\u010dnou \u201egrand tour\u201c \u2013 cestu, kter\u00e1 prov\u011b\u0159uje techniku, souhru pos\u00e1dky i schopnost reagovat na prom\u011bnliv\u00e9 podm\u00ednky.<\/p>\n<p><img loading=\"lazy\" decoding=\"async\" class=\"alignnone wp-image-21336\" src=\"http:\/\/www.automakers.cz\/wp-content\/uploads\/2026\/04\/Czech-Oldtimer-Express-2026-odstartoval-prezident-Petr-Pavel-2-900x600.jpg\" alt=\"\" width=\"965\" height=\"643\" \/><\/p>\n<p>Program leto\u0161n\u00edho ro\u010dn\u00edku odstartoval ji\u017e v pond\u011bl\u00ed slavnostn\u00edm setk\u00e1n\u00edm \u00fa\u010dastn\u00edk\u016f v Letensk\u00e9m z\u00e1me\u010dku. \u010cestn\u00fdm hostem byl\u00a0<strong>dvojn\u00e1sobn\u00fd mistr sv\u011bta Formule 1 Emerson Fittipaldi,<\/strong>\u00a0kter\u00fd osobn\u011b pozdravil pos\u00e1dky a ocenil jejich odhodl\u00e1n\u00ed vydat se na n\u00e1ro\u010dnou cestu s vozy star\u00fdmi des\u00edtky let.<\/p>\n<p><em>\u201eCzech Oldtimer Express je o cest\u011b samotn\u00e9 \u2013 o silnic\u00edch, kter\u00e9 byste asi jinak neprojeli, o autech, kter\u00e1 maj\u00ed p\u0159\u00edb\u011bh, a o lidech, kte\u0159\u00ed sd\u00edlej\u00ed stejnou v\u00e1\u0161e\u0148. V\u0161em pos\u00e1dk\u00e1m p\u0159eji \u0161\u0165astnou cestu a co nejv\u00edce siln\u00fdch z\u00e1\u017eitk\u016f. A velk\u00e9 pod\u011bkov\u00e1n\u00ed pat\u0159\u00ed tak\u00e9 na\u0161im partner\u016fm, bez jejich\u017e podpory by se takov\u00e1 akce nemohla uskute\u010dnit,\u201c<\/em>\u00a0\u0159\u00edk\u00e1 Josef Zaj\u00ed\u010dek, zakladatel a hlavn\u00ed organiz\u00e1tor akce, kterou tvo\u0159\u00ed se sv\u00fdm t\u00fdmem z Autodromu Most a s podporou \u010desk\u00e9 hodink\u00e1\u0159sk\u00e9 manufaktury Robot.<\/p>\n<p><img loading=\"lazy\" decoding=\"async\" class=\"alignnone wp-image-21337\" src=\"http:\/\/www.automakers.cz\/wp-content\/uploads\/2026\/04\/Czech-Oldtimer-Express-2026-odstartoval-prezident-Petr-Pavel-3-900x600.jpg\" alt=\"\" width=\"962\" height=\"641\" \/><\/p>\n<p>Startovn\u00ed pole nab\u00edz\u00ed pestr\u00fd pr\u016f\u0159ez automobilovou histori\u00ed 20. stolet\u00ed. Nejstar\u0161\u00edm vozem je Ansaldo z roku 1925, vedle kter\u00e9ho se na start postavily jak p\u0159edv\u00e1le\u010dn\u00e9 modely, tak ikonick\u00e9 vozy druh\u00e9 poloviny stolet\u00ed i mlad\u0161\u00ed klasiky. Nejpo\u010detn\u011bji je letos zastoupena zna\u010dka BMW s jeden\u00e1cti vozy, n\u00e1sledovan\u00e1 zna\u010dkou Jaguar.<\/p>\n<p>Prvn\u00ed etapa zavedla pos\u00e1dky z Prahy do Innsbrucku, odkud budou pokra\u010dovat p\u0159es Alpy do It\u00e1lie k jezeru Garda. Dal\u0161\u00ed dny trasa povede mimo jin\u00e9 p\u0159es oblast Motor Valley v okol\u00ed Modeny a Maranella i pod\u00e9l Tyrh\u00e9nsk\u00e9ho mo\u0159e. Czech Oldtimer Express tak navazuje na p\u0159edchoz\u00ed ro\u010dn\u00edky, kter\u00e9 vedly do Istanbulu, At\u00e9n a Nice, a potvrzuje svou pozici nejv\u00fdznamn\u011bj\u0161\u00ed \u010desk\u00e9 d\u00e1lkov\u00e9 j\u00edzdy klasick\u00fdch automobil\u016f.<\/p>\n<p>C\u00edlov\u00e1 Neapol p\u0159iv\u00edt\u00e1 \u00fa\u010dastn\u00edky v ned\u011bli 3. kv\u011btna, kdy bude leto\u0161n\u00ed ro\u010dn\u00edk slavnostn\u011b zakon\u010den.<\/p>\n<p><img loading=\"lazy\" decoding=\"async\" class=\"alignnone wp-image-21338\" src=\"http:\/\/www.automakers.cz\/wp-content\/uploads\/2026\/04\/Czech-Oldtimer-Express-2026-odstartoval-prezident-Petr-Pavel-4-900x600.jpg\" alt=\"\" width=\"995\" height=\"663\" \/><\/p>\n","protected":false},"excerpt":{"rendered":"<p>Od N\u00e1rodn\u00edho technick\u00e9ho muzea v Praze odstartoval \u010dtvrt\u00fd ro\u010dn\u00edk Czech Oldtimer Express, vytrvalostn\u00ed j\u00edzdy klasick\u00fdch&#8230;<\/p>\n","protected":false},"author":2,"featured_media":21335,"comment_status":"closed","ping_status":"closed","sticky":false,"template":"","format":"standard","meta":{"footnotes":""},"categories":[56,26,30,19,34],"tags":[],"class_list":["post-21334","post","type-post","status-publish","format-standard","has-post-thumbnail","hentry","category-celebrity","category-eventy","category-historie","category-motorsport","category-veterani"],"_links":{"self":[{"href":"https:\/\/www.automakers.cz\/index.php?rest_route=\/wp\/v2\/posts\/21334","targetHints":{"allow":["GET"]}}],"collection":[{"href":"https:\/\/www.automakers.cz\/index.php?rest_route=\/wp\/v2\/posts"}],"about":[{"href":"https:\/\/www.automakers.cz\/index.php?rest_route=\/wp\/v2\/types\/post"}],"author":[{"embeddable":true,"href":"https:\/\/www.automakers.cz\/index.php?rest_route=\/wp\/v2\/users\/2"}],"replies":[{"embeddable":true,"href":"https:\/\/www.automakers.cz\/index.php?rest_route=%2Fwp%2Fv2%2Fcomments&post=21334"}],"version-history":[{"count":2,"href":"https:\/\/www.automakers.cz\/index.php?rest_route=\/wp\/v2\/posts\/21334\/revisions"}],"predecessor-version":[{"id":21340,"href":"https:\/\/www.automakers.cz\/index.php?rest_route=\/wp\/v2\/posts\/21334\/revisions\/21340"}],"wp:featuredmedia":[{"embeddable":true,"href":"https:\/\/www.automakers.cz\/index.php?rest_route=\/wp\/v2\/media\/21335"}],"wp:attachment":[{"href":"https:\/\/www.automakers.cz\/index.php?rest_route=%2Fwp%2Fv2%2Fmedia&parent=21334"}],"wp:term":[{"taxonomy":"category","embeddable":true,"href":"https:\/\/www.automakers.cz\/index.php?rest_route=%2Fwp%2Fv2%2Fcategories&post=21334"},{"taxonomy":"post_tag","embeddable":true,"href":"https:\/\/www.automakers.cz\/index.php?rest_route=%2Fwp%2Fv2%2Ftags&post=21334"}],"curies":[{"name":"wp","href":"https:\/\/api.w.org\/{rel}","templated":true}]}}