{"id":21348,"date":"2026-04-30T08:45:33","date_gmt":"2026-04-30T08:45:33","guid":{"rendered":"https:\/\/www.automakers.cz\/?p=21348"},"modified":"2026-04-30T08:46:35","modified_gmt":"2026-04-30T08:46:35","slug":"toyota-v-hradci-odhali-fleetovou-ofenzivu-8-ceskych-premier-na-jednom-miste","status":"publish","type":"post","link":"https:\/\/www.automakers.cz\/?p=21348","title":{"rendered":"Toyota v Hradci odhal\u00ed fleetovou ofenz\u00edvu: 8 \u010desk\u00fdch premi\u00e9r na jednom m\u00edst\u011b"},"content":{"rendered":"<div id=\"model-response-message-contentr_ec75ab3246be944e\" class=\"markdown markdown-main-panel stronger enable-updated-hr-color\" dir=\"ltr\" aria-live=\"polite\">\n<p data-path-to-node=\"1\"><b data-path-to-node=\"1\" data-index-in-node=\"0\">Toyota Central Europe \u2013 Czech s\u00e1z\u00ed v roce 2026 na masivn\u00ed modelovou obm\u011bnu. Na kv\u011btnov\u00e9m festivalu v Hradci Kr\u00e1lov\u00e9 p\u0159edstav\u00ed odborn\u00e9 ve\u0159ejnosti osm novinek najednou a potvrd\u00ed svou strategii multi-path pohon\u016f.<\/b><\/p>\n<p data-path-to-node=\"2\">Firemn\u00ed mobilita proch\u00e1z\u00ed v roce 2026 z\u00e1sadn\u00ed transformac\u00ed. Toyota na tyto v\u00fdzvy reaguje strategi\u00ed, kter\u00e1 nevs\u00e1z\u00ed na jedinou kartu, ale kombinuje hybridn\u00ed, plug-in hybridn\u00ed, bateriov\u00e9 i vod\u00edkov\u00e9 technologie. C\u00edlem je nab\u00eddnout \u0159e\u0161en\u00ed, kter\u00e1 odpov\u00eddaj\u00ed re\u00e1ln\u00fdm n\u00e1klad\u016fm a legislativn\u00edm n\u00e1rok\u016fm sou\u010dasn\u00e9ho fleetu.<\/p>\n<p data-path-to-node=\"3\"><b data-path-to-node=\"3\" data-index-in-node=\"0\">Osm novinek v jedn\u00e9 expozici<\/b><\/p>\n<p data-path-to-node=\"4\">Hlavn\u00edm l\u00e1kadlem 2. ro\u010dn\u00edku Festivalu firemn\u00ed mobility, kter\u00fd se uskute\u010dn\u00ed 29. kv\u011btna na polygonu v Hradci Kr\u00e1lov\u00e9, bude spole\u010dn\u00e1 premi\u00e9ra osmi model\u016f. N\u00e1v\u0161t\u011bvn\u00edci uvid\u00ed v jeden moment celou \u0161\u00ed\u0159i portfolia od m\u011bstsk\u00e9ho Ayga X p\u0159es elektrick\u00fd bZ4X Touring a\u017e po u\u017eitkov\u00fd Hilux.<\/p>\n<p data-path-to-node=\"5\">Pozadu nez\u016fst\u00e1v\u00e1 ani pr\u00e9miov\u00fd Lexus. Ten do Hradce p\u0159iveze novou generaci obl\u00edben\u00e9ho flotilov\u00e9ho modelu ES a elektromobil RZ, kter\u00fd disponuje unik\u00e1tn\u00ed technologi\u00ed \u0159\u00edzen\u00ed steer-by-wire. Pro profesion\u00e1ly z oboru bude k dispozici tak\u00e9 expozice Toyota Material Handling zam\u011b\u0159en\u00e1 na logistick\u00e1 \u0159e\u0161en\u00ed a prezentace financov\u00e1n\u00ed KINTO One.<\/p>\n<p data-path-to-node=\"6\"><b data-path-to-node=\"6\" data-index-in-node=\"0\">Z\u00e1\u017eitek z polygonu i odborn\u00e1 diskuse<\/b><\/p>\n<p data-path-to-node=\"7\">Akce nen\u00ed koncipov\u00e1na pouze jako statick\u00e1 v\u00fdstava. Vozy budou k dispozici pro testov\u00e1n\u00ed v b\u011b\u017en\u00e9m provozu i v n\u00e1ro\u010dn\u00e9m ter\u00e9nu 4&#215;4 polygonu. Profesion\u00e1ln\u00ed rozm\u011br dopln\u00ed odborn\u00e9 workshopy a diskuse o budoucnosti fleet managementu.<\/p>\n<p data-path-to-node=\"8\">\u201eT\u011b\u0161\u00edme se na osobn\u00ed setk\u00e1n\u00ed a v\u011b\u0159\u00edme, \u017ee tento den poskytne v\u0161em partner\u016fm kompletn\u00ed rozhodovac\u00ed z\u00e1klad pro jejich budouc\u00ed mobilitu,\u201c uv\u00e1d\u011bj\u00ed z\u00e1stupci Toyota Central Europe \u2013 Czech.<\/p>\n<p data-path-to-node=\"9\">Sou\u010d\u00e1st\u00ed programu bude i prezentace divize Toyota Gazoo Racing Czech s mo\u017enost\u00ed nahl\u00e9dnout do z\u00e1kulis\u00ed motorsportu (Dakar &amp; WRC) nebo odpo\u010dinek v Lexus lounge postaven\u00e9 na principech japonsk\u00e9 pohostinnosti Omotenashi.<\/p>\n<p data-path-to-node=\"10\"><b data-path-to-node=\"10\" data-index-in-node=\"0\">Mana\u017eersk\u00e9 shrnut\u00ed:<\/b><\/p>\n<ul data-path-to-node=\"11\">\n<li>\n<p data-path-to-node=\"11,0,0\"><b data-path-to-node=\"11,0,0\" data-index-in-node=\"0\">Term\u00edn:<\/b> 29. 5. 2026, 9:00\u201317:00<\/p>\n<\/li>\n<li>\n<p data-path-to-node=\"11,1,0\"><b data-path-to-node=\"11,1,0\" data-index-in-node=\"0\">Lokalita:<\/b> Polygon, leti\u0161t\u011b Hradec Kr\u00e1lov\u00e9<\/p>\n<\/li>\n<li>\n<p data-path-to-node=\"11,2,0\"><b data-path-to-node=\"11,2,0\" data-index-in-node=\"0\">Hlavn\u00ed body:<\/b> 8 premi\u00e9r Toyota, nov\u00fd Lexus ES, 4&#215;4 testy, logistick\u00e1 \u0159e\u0161en\u00ed<\/p>\n<\/li>\n<li>\n<p data-path-to-node=\"11,3,0\"><b data-path-to-node=\"11,3,0\" data-index-in-node=\"0\">Registrace:<\/b> Pro odbornou ve\u0159ejnost je otev\u0159ena do 15. kv\u011btna 2026 na ofici\u00e1ln\u00ed str\u00e1nce akce.<\/p>\n<\/li>\n<\/ul>\n<p data-path-to-node=\"12\">Svoji \u00fa\u010dast m\u016f\u017eete potvrdit prost\u0159ednictv\u00edm rezerva\u010dn\u00edho formul\u00e1\u0159e zde: <a href=\"https:\/\/akce.toyota.cz\/event\/festivalu-firemni-mobility-toyota-lexus\/?e=862209\">https:\/\/akce.toyota.cz\/event\/festivalu-firemni-mobility-toyota-lexus\/?e=862209<\/a><\/p>\n<\/div>\n","protected":false},"excerpt":{"rendered":"<p>Toyota Central Europe \u2013 Czech s\u00e1z\u00ed v roce 2026 na masivn\u00ed modelovou obm\u011bnu. Na kv\u011btnov\u00e9m&#8230;<\/p>\n","protected":false},"author":4,"featured_media":21349,"comment_status":"closed","ping_status":"closed","sticky":false,"template":"","format":"standard","meta":{"footnotes":""},"categories":[26,11],"tags":[],"class_list":["post-21348","post","type-post","status-publish","format-standard","has-post-thumbnail","hentry","category-eventy","category-importeri"],"_links":{"self":[{"href":"https:\/\/www.automakers.cz\/index.php?rest_route=\/wp\/v2\/posts\/21348","targetHints":{"allow":["GET"]}}],"collection":[{"href":"https:\/\/www.automakers.cz\/index.php?rest_route=\/wp\/v2\/posts"}],"about":[{"href":"https:\/\/www.automakers.cz\/index.php?rest_route=\/wp\/v2\/types\/post"}],"author":[{"embeddable":true,"href":"https:\/\/www.automakers.cz\/index.php?rest_route=\/wp\/v2\/users\/4"}],"replies":[{"embeddable":true,"href":"https:\/\/www.automakers.cz\/index.php?rest_route=%2Fwp%2Fv2%2Fcomments&post=21348"}],"version-history":[{"count":2,"href":"https:\/\/www.automakers.cz\/index.php?rest_route=\/wp\/v2\/posts\/21348\/revisions"}],"predecessor-version":[{"id":21351,"href":"https:\/\/www.automakers.cz\/index.php?rest_route=\/wp\/v2\/posts\/21348\/revisions\/21351"}],"wp:featuredmedia":[{"embeddable":true,"href":"https:\/\/www.automakers.cz\/index.php?rest_route=\/wp\/v2\/media\/21349"}],"wp:attachment":[{"href":"https:\/\/www.automakers.cz\/index.php?rest_route=%2Fwp%2Fv2%2Fmedia&parent=21348"}],"wp:term":[{"taxonomy":"category","embeddable":true,"href":"https:\/\/www.automakers.cz\/index.php?rest_route=%2Fwp%2Fv2%2Fcategories&post=21348"},{"taxonomy":"post_tag","embeddable":true,"href":"https:\/\/www.automakers.cz\/index.php?rest_route=%2Fwp%2Fv2%2Ftags&post=21348"}],"curies":[{"name":"wp","href":"https:\/\/api.w.org\/{rel}","templated":true}]}}