{"id":21379,"date":"2026-05-02T08:14:13","date_gmt":"2026-05-02T08:14:13","guid":{"rendered":"https:\/\/www.automakers.cz\/?p=21379"},"modified":"2026-05-02T08:14:13","modified_gmt":"2026-05-02T08:14:13","slug":"besip-nepripoutani-stale-riskuji-zivot","status":"publish","type":"post","link":"https:\/\/www.automakers.cz\/?p=21379","title":{"rendered":"BESIP: Nep\u0159ipoutan\u00ed st\u00e1le riskuj\u00ed \u017eivot"},"content":{"rendered":"<p style=\"font-weight: 400;\"><strong>V roce 2025 zem\u0159elo na \u010desk\u00fdch silnic\u00edch 68 osob, kter\u00e9 nebyly p\u0159ipout\u00e1ny bezpe\u010dnostn\u00edm p\u00e1sem. P\u0159esto\u017ee jde o druh\u00fd nejni\u017e\u0161\u00ed po\u010det od roku 2011, meziro\u010dn\u011b do\u0161lo k v\u00fdrazn\u00e9mu n\u00e1r\u016fstu ob\u011bt\u00ed (+ 11 %) i t\u011b\u017ece zran\u011bn\u00fdch (+38 %). Ministerstvo dopravy proto pokra\u010duje v c\u00edlen\u00fdch preventivn\u00edch aktivit\u00e1ch a v\u00fdzkumu zam\u011b\u0159en\u00e9m na zv\u00fd\u0161en\u00ed bezpe\u010dnosti silni\u010dn\u00edho provozu. T\u00e9ma je aktu\u00e1ln\u00ed i s ohledem na dlouhodob\u011b podce\u0148ovan\u00e9 pou\u017e\u00edv\u00e1n\u00ed bezpe\u010dnostn\u00edch p\u00e1s\u016f, zejm\u00e9na na zadn\u00edch sedadlech.<\/strong><!--more--><\/p>\n<p style=\"font-weight: 400;\">Po mimo\u0159\u00e1dn\u011b p\u0159\u00edzniv\u00e9m roce 2024 lze uplynul\u00fd rok hodnotit m\u00e9n\u011b pozitivn\u011b. Zat\u00edmco po\u010det nehod s \u00fa\u010dast\u00ed nep\u0159ipoutan\u00fdch osob kles\u00e1, jejich z\u00e1va\u017enost z\u016fst\u00e1v\u00e1 dlouhodob\u011b vysok\u00e1. V pr\u016fm\u011bru p\u0159ipad\u00e1 na 1 000 t\u011bchto nehod 31,4 usmrcen\u00fdch osob, zat\u00edmco u p\u0159ipoutan\u00fdch osob je to pouze 2,6. Nej\u010dast\u011bj\u0161\u00ed p\u0159\u00ed\u010dinou tragick\u00fdch nehod nad\u00e1le z\u016fst\u00e1v\u00e1 nep\u0159im\u011b\u0159en\u00e1 rychlost, \u010dasto v kombinaci s nev\u011bnov\u00e1n\u00edm se \u0159\u00edzen\u00ed \u010di nespr\u00e1vn\u00fdm zp\u016fsobem j\u00edzdy.<\/p>\n<p style=\"font-weight: 400;\"><em>\u201ePou\u017e\u00edv\u00e1n\u00ed bezpe\u010dnostn\u00edch p\u00e1s\u016f je jedn\u00edm z nejjednodu\u0161\u0161\u00edch a z\u00e1rove\u0148 nej\u00fa\u010dinn\u011bj\u0161\u00edch opat\u0159en\u00ed, jak sn\u00ed\u017eit n\u00e1sledky dopravn\u00edch nehod. P\u0159esto st\u00e1le existuje \u010d\u00e1st \u0159idi\u010d\u016f a cestuj\u00edc\u00edch, kte\u0159\u00ed toto z\u00e1kladn\u00ed pravidlo podce\u0148uj\u00ed. Na\u0161\u00ed prioritou je pokra\u010dovat v systematick\u00e9 prevenci a zvy\u0161ov\u00e1n\u00ed pov\u011bdom\u00ed o osobn\u00ed odpov\u011bdnosti ka\u017ed\u00e9ho \u00fa\u010dastn\u00edka silni\u010dn\u00edho provozu,\u201c<\/em>\u0159ekl ministr dopravy Ivan Bedn\u00e1rik.<\/p>\n<p style=\"font-weight: 400;\">Z mezin\u00e1rodn\u00edho pr\u016fzkumu ESRA3 vypl\u00fdv\u00e1, \u017ee \u010de\u0161t\u00ed \u0159idi\u010di a cestuj\u00edc\u00ed zaost\u00e1vaj\u00ed v pou\u017e\u00edv\u00e1n\u00ed bezpe\u010dnostn\u00edch p\u00e1s\u016f za evropsk\u00fdm pr\u016fm\u011brem. Nep\u0159ipout\u00e1n\u00ed b\u011bhem j\u00edzdy p\u0159iznalo 23,8 % \u0159idi\u010d\u016f, zat\u00edmco evropsk\u00fd pr\u016fm\u011br \u010din\u00ed 15 %. Na zadn\u00edch sedadlech je situace je\u0161t\u011b v\u00fdrazn\u011bj\u0161\u00ed, kde bezpe\u010dnostn\u00ed p\u00e1s nepou\u017e\u00edv\u00e1 a\u017e 46 % cestuj\u00edc\u00edch. Tato data potvrzuj\u00ed i nehodov\u00e9 statistiky, podle nich\u017e tvo\u0159ili v roce 2025 nep\u0159ipoutan\u00ed cestuj\u00edc\u00ed na zadn\u00edch sedadlech v\u00edce ne\u017e polovinu usmrcen\u00fdch v t\u00e9to kategorii.<\/p>\n<p style=\"font-weight: 400;\">Zaj\u00edmav\u00e9 srovn\u00e1n\u00ed k v\u00fdsledk\u016fm nehodovosti i pr\u016fzkumu ESRA3 nab\u00edz\u00ed v\u00fdsledky sledov\u00e1n\u00ed nep\u0159\u00edm\u00fdch ukazatel\u016f bezpe\u010dnosti (NUB) v r\u00e1mci, kter\u00fdch bylo evidov\u00e1no 5 % \u0159idi\u010d\u016f, kte\u0159\u00ed nepou\u017eili bezpe\u010dnostn\u00ed p\u00e1s. U spolujezdc\u016f vp\u0159edu bylo evidov\u00e1no 5,6 % nep\u0159ipoutan\u00fdch osob a spolujezdci vzadu byli zastoupeni v 8,7 % (tj. oproti r. 2024 m\u00edrn\u00fd pokles). Z meziro\u010dn\u00edho srovn\u00e1n\u00ed je patrn\u00e9, \u017ee m\u00edra nepout\u00e1n\u00ed se v \u010dase udr\u017euje na podobn\u00e9 \u00farovni.<\/p>\n<p style=\"font-weight: 400;\">Nep\u0159\u00edzniv\u00fd v\u00fdvoj se prom\u00edt\u00e1 i do pln\u011bn\u00ed Strategie BESIP 2021\u20132030, jej\u00edm\u017e c\u00edlem je sn\u00ed\u017eit po\u010det usmrcen\u00fdch a t\u011b\u017ece zran\u011bn\u00fdch na polovinu. Stanoven\u00e9 c\u00edle nebyly v roce 2025 napln\u011bny v po\u010dtu usmrcen\u00fdch nep\u0159ipoutan\u00fdch osob, a to v polovin\u011b kraj\u016f. Nejrizikov\u011bj\u0161\u00ed skupiny p\u0159edstavuj\u00ed osoby ve v\u011bku 25 a\u017e 34 let a 45 a\u017e 54 let, p\u0159i\u010dem\u017e v\u011bt\u0161ina tragick\u00fdch nehod se odehr\u00e1v\u00e1 ve dne a mimo obec.<\/p>\n<p><img loading=\"lazy\" decoding=\"async\" class=\"alignnone size-medium wp-image-14946\" src=\"http:\/\/www.automakers.cz\/wp-content\/uploads\/2025\/07\/Nehoda-small-900x658.jpg\" alt=\"\" width=\"900\" height=\"658\" srcset=\"https:\/\/www.automakers.cz\/wp-content\/uploads\/2025\/07\/Nehoda-small-900x658.jpg 900w, https:\/\/www.automakers.cz\/wp-content\/uploads\/2025\/07\/Nehoda-small-1024x748.jpg 1024w, https:\/\/www.automakers.cz\/wp-content\/uploads\/2025\/07\/Nehoda-small-768x561.jpg 768w, https:\/\/www.automakers.cz\/wp-content\/uploads\/2025\/07\/Nehoda-small.jpg 1125w\" sizes=\"auto, (max-width: 900px) 100vw, 900px\" \/><\/p>\n","protected":false},"excerpt":{"rendered":"<p>V roce 2025 zem\u0159elo na \u010desk\u00fdch silnic\u00edch 68 osob, kter\u00e9 nebyly p\u0159ipout\u00e1ny bezpe\u010dnostn\u00edm p\u00e1sem. P\u0159esto\u017ee&#8230;<\/p>\n","protected":false},"author":8,"featured_media":513,"comment_status":"closed","ping_status":"closed","sticky":false,"template":"","format":"standard","meta":{"footnotes":""},"categories":[47,25],"tags":[],"class_list":["post-21379","post","type-post","status-publish","format-standard","has-post-thumbnail","hentry","category-doprava","category-legislativa"],"_links":{"self":[{"href":"https:\/\/www.automakers.cz\/index.php?rest_route=\/wp\/v2\/posts\/21379","targetHints":{"allow":["GET"]}}],"collection":[{"href":"https:\/\/www.automakers.cz\/index.php?rest_route=\/wp\/v2\/posts"}],"about":[{"href":"https:\/\/www.automakers.cz\/index.php?rest_route=\/wp\/v2\/types\/post"}],"author":[{"embeddable":true,"href":"https:\/\/www.automakers.cz\/index.php?rest_route=\/wp\/v2\/users\/8"}],"replies":[{"embeddable":true,"href":"https:\/\/www.automakers.cz\/index.php?rest_route=%2Fwp%2Fv2%2Fcomments&post=21379"}],"version-history":[{"count":2,"href":"https:\/\/www.automakers.cz\/index.php?rest_route=\/wp\/v2\/posts\/21379\/revisions"}],"predecessor-version":[{"id":21382,"href":"https:\/\/www.automakers.cz\/index.php?rest_route=\/wp\/v2\/posts\/21379\/revisions\/21382"}],"wp:featuredmedia":[{"embeddable":true,"href":"https:\/\/www.automakers.cz\/index.php?rest_route=\/wp\/v2\/media\/513"}],"wp:attachment":[{"href":"https:\/\/www.automakers.cz\/index.php?rest_route=%2Fwp%2Fv2%2Fmedia&parent=21379"}],"wp:term":[{"taxonomy":"category","embeddable":true,"href":"https:\/\/www.automakers.cz\/index.php?rest_route=%2Fwp%2Fv2%2Fcategories&post=21379"},{"taxonomy":"post_tag","embeddable":true,"href":"https:\/\/www.automakers.cz\/index.php?rest_route=%2Fwp%2Fv2%2Ftags&post=21379"}],"curies":[{"name":"wp","href":"https:\/\/api.w.org\/{rel}","templated":true}]}}