{"id":2146,"date":"2024-02-13T19:37:59","date_gmt":"2024-02-13T19:37:59","guid":{"rendered":"https:\/\/www.automakers.cz\/?p=2146"},"modified":"2024-02-13T19:39:23","modified_gmt":"2024-02-13T19:39:23","slug":"mercedes-benz-eactros-300-pro-hopi","status":"publish","type":"post","link":"https:\/\/www.automakers.cz\/?p=2146","title":{"rendered":"Mercedes-Benz eActros 300 pro HOPI"},"content":{"rendered":"<p><strong>Logistick\u00e1 a potravin\u00e1\u0159sk\u00e1 spole\u010dnost HOPI p\u0159evzala pln\u011b elektrick\u00fd taha\u010d n\u00e1v\u011bs\u016f Mercedes-Benz eActros 300. Vozidlo bude vyu\u017e\u00edvat v pravideln\u00e9 p\u0159eprav\u011b zbo\u017e\u00ed z pobo\u010dky v Prost\u011bjov\u011b.<\/strong><!--more--><\/p>\n<p>P\u0159ed\u00e1n\u00ed elektrick\u00e9ho taha\u010de n\u00e1v\u011bs\u016f Mercedes-Benz eActros 300 logicky navazuje na dlouholetou spolupr\u00e1ci mezi dovozcem n\u00e1kladn\u00edch vozidel Mercedes-Benz a spole\u010dnost\u00ed HOPI, kter\u00e1 je jednou z firem, kter\u00e9 se ve st\u0159edn\u00ed a v\u00fdchodn\u00ed Evrop\u011b zab\u00fdvaj\u00ed v\u00fdrobou, skladov\u00e1n\u00edm a distribuc\u00ed potravin. Vozidlo bude nasazeno v b\u011b\u017en\u00e9m ka\u017edodenn\u00edm rozvozu na st\u00e1l\u00e9 trase z are\u00e1lu\u00a0 spole\u010dnosti HOPI v Prost\u011bjov\u011b.<\/p>\n<p>Tento are\u00e1l je vybaven nejmodern\u011bj\u0161\u00ed fotovoltaickou technologi\u00ed, zahrnuj\u00edc\u00ed jak sol\u00e1rn\u00ed elektr\u00e1rnu na st\u0159e\u0161e, tak i bateriov\u00e9 \u00falo\u017ei\u0161t\u011b a v\u00fdkonnou nab\u00edjec\u00ed infrastrukturu, co\u017e umo\u017en\u00ed vozidlo provozovat skute\u010dn\u011b bez emis\u00ed. To je hlavn\u00edm p\u0159\u00ednosem nov\u00e9ho \u0159e\u0161en\u00ed p\u0159epravy elektrick\u00fdm vozidlem.<\/p>\n<p><img loading=\"lazy\" decoding=\"async\" class=\"alignnone size-medium wp-image-2149\" src=\"http:\/\/www.automakers.cz\/wp-content\/uploads\/2024\/02\/Mercerdes-Trucks-HOPI-900x600.jpg\" alt=\"\" width=\"900\" height=\"600\" \/><\/p>\n<p>V roce 2024 bude spole\u010dnost HOPI testovat i jeden z prvn\u00edch kus\u016f nov\u00e9 generace elektrick\u00fdch n\u00e1kladn\u00edch vozidel Mercedes-Benz, model eActros 600.<\/p>\n<p>Ve v\u00fdhledu do p\u0159\u00ed\u0161t\u00edho roku je i pl\u00e1n po\u0159\u00edzen\u00ed tohoto nov\u00e9ho modelu, kter\u00fd p\u0159inese v\u00fdrazn\u011bj\u0161\u00ed zefektivn\u011bn\u00ed bezemisn\u00ed p\u0159epravy d\u00edky nejmodern\u011bj\u0161\u00ed technice pohonu z akumul\u00e1tor\u016f a umo\u017en\u00ed pru\u017en\u011bj\u0161\u00ed pl\u00e1nov\u00e1n\u00ed a vy\u0161\u0161\u00ed p\u0159epravn\u00ed v\u00fdkony d\u00edky del\u0161\u00edmu dojezdu.<\/p>\n<p><strong>Zdroj: Mercedes-Benz Trucks, David Chleboun<\/strong><\/p>\n","protected":false},"excerpt":{"rendered":"<p>Logistick\u00e1 a potravin\u00e1\u0159sk\u00e1 spole\u010dnost HOPI p\u0159evzala pln\u011b elektrick\u00fd taha\u010d n\u00e1v\u011bs\u016f Mercedes-Benz eActros 300. Vozidlo bude&#8230;<\/p>\n","protected":false},"author":1,"featured_media":2148,"comment_status":"closed","ping_status":"closed","sticky":false,"template":"","format":"standard","meta":{"footnotes":""},"categories":[11,43],"tags":[],"class_list":["post-2146","post","type-post","status-publish","format-standard","has-post-thumbnail","hentry","category-importeri","category-logistika"],"_links":{"self":[{"href":"https:\/\/www.automakers.cz\/index.php?rest_route=\/wp\/v2\/posts\/2146","targetHints":{"allow":["GET"]}}],"collection":[{"href":"https:\/\/www.automakers.cz\/index.php?rest_route=\/wp\/v2\/posts"}],"about":[{"href":"https:\/\/www.automakers.cz\/index.php?rest_route=\/wp\/v2\/types\/post"}],"author":[{"embeddable":true,"href":"https:\/\/www.automakers.cz\/index.php?rest_route=\/wp\/v2\/users\/1"}],"replies":[{"embeddable":true,"href":"https:\/\/www.automakers.cz\/index.php?rest_route=%2Fwp%2Fv2%2Fcomments&post=2146"}],"version-history":[{"count":3,"href":"https:\/\/www.automakers.cz\/index.php?rest_route=\/wp\/v2\/posts\/2146\/revisions"}],"predecessor-version":[{"id":2152,"href":"https:\/\/www.automakers.cz\/index.php?rest_route=\/wp\/v2\/posts\/2146\/revisions\/2152"}],"wp:featuredmedia":[{"embeddable":true,"href":"https:\/\/www.automakers.cz\/index.php?rest_route=\/wp\/v2\/media\/2148"}],"wp:attachment":[{"href":"https:\/\/www.automakers.cz\/index.php?rest_route=%2Fwp%2Fv2%2Fmedia&parent=2146"}],"wp:term":[{"taxonomy":"category","embeddable":true,"href":"https:\/\/www.automakers.cz\/index.php?rest_route=%2Fwp%2Fv2%2Fcategories&post=2146"},{"taxonomy":"post_tag","embeddable":true,"href":"https:\/\/www.automakers.cz\/index.php?rest_route=%2Fwp%2Fv2%2Ftags&post=2146"}],"curies":[{"name":"wp","href":"https:\/\/api.w.org\/{rel}","templated":true}]}}