{"id":2161,"date":"2024-02-14T09:47:00","date_gmt":"2024-02-14T09:47:00","guid":{"rendered":"https:\/\/www.automakers.cz\/?p=2161"},"modified":"2024-02-15T09:04:10","modified_gmt":"2024-02-15T09:04:10","slug":"vyroba-nove-octavie-zacne-v-lete","status":"publish","type":"post","link":"https:\/\/www.automakers.cz\/?p=2161","title":{"rendered":"V\u00fdroba nov\u00e9 Octavie za\u010dne v l\u00e9t\u011b"},"content":{"rendered":"<p><strong><span style=\"color: #000000;\"><span style=\"font-family: Times New Roman, serif;\"><span style=\"font-size: large;\">\u0160kodovka zve\u0159ejnila na Valent\u00fdna fotografie 4. generace sv\u00e9ho nejprod\u00e1van\u011bj\u0161\u00edho modelu Octavia. Zam\u011bstnanci se za\u010dali p\u0159ipravovat na produkci modelu, kter\u00e1 bude zah\u00e1jena v l\u00e9t\u011b 2024.<\/span><\/span><\/span><\/strong><!--more--><\/p>\n<p><span style=\"color: #000000;\"><span style=\"font-family: Times New Roman, serif;\"><span style=\"font-size: large;\">Od roku 1996 dodala \u0160koda v\u00edce ne\u017e 7 milion\u016f voz\u016f t\u00e9to \u0159ady v celkem t\u0159ech generac\u00edch. \u010ctvrt\u00e1 generace letos dostala osv\u011b\u017een\u00fd vzhled, kter\u00fd zahrnuje p\u0159epracovanou masku chladi\u010de a Matrix-LED p\u0159edn\u00ed sv\u011btlomety druh\u00e9 generace. <\/span><\/span><\/span><\/p>\n<p><iframe loading=\"lazy\"  id=\"_ytid_86226\"  width=\"640\" height=\"360\"  data-origwidth=\"640\" data-origheight=\"360\" src=\"https:\/\/www.youtube.com\/embed\/DM9zLFa2n0s?enablejsapi=1&#038;autoplay=0&#038;cc_load_policy=0&#038;cc_lang_pref=&#038;iv_load_policy=1&#038;loop=0&#038;modestbranding=0&#038;rel=1&#038;fs=1&#038;playsinline=0&#038;autohide=2&#038;theme=dark&#038;color=red&#038;controls=1&#038;\" class=\"__youtube_prefs__  epyt-is-override  no-lazyload\" title=\"YouTube player\"  allow=\"accelerometer; autoplay; clipboard-write; encrypted-media; gyroscope; picture-in-picture\" allowfullscreen data-no-lazy=\"1\" data-skipgform_ajax_framebjll=\"\"><\/iframe><\/p>\n<p><span style=\"color: #000000;\"><span style=\"font-family: Times New Roman, serif;\"><span style=\"font-size: large;\">Z\u00e1kazn\u00edci budou m\u00edt podle automobilky k dispozici bohat\u0161\u00ed standardn\u00ed v\u00fdbavu, jako je 10\u2033 virtu\u00e1ln\u00ed kokpit mini nebo dvouz\u00f3nov\u00e1 automatick\u00e1 klimatizace Climatronic. Krom\u011b toho se zv\u00fd\u0161il pod\u00edl udr\u017eiteln\u00fdch materi\u00e1l\u016f v interi\u00e9ru. Dal\u0161\u00ed bezpe\u010dnostn\u00ed a asisten\u010dn\u00ed syst\u00e9my zvy\u0161uj\u00ed aktivn\u00ed a pasivn\u00ed bezpe\u010dnost.<\/span><\/span><\/span><\/p>\n<p><img loading=\"lazy\" decoding=\"async\" class=\"alignnone size-medium wp-image-2154\" src=\"http:\/\/www.automakers.cz\/wp-content\/uploads\/2024\/02\/Skoda-Kvasily-skolici-paska-900x600.jpg\" alt=\"\" width=\"900\" height=\"600\" \/><\/p>\n<p><span style=\"font-family: Times New Roman, serif;\"><span style=\"font-size: large;\"> Automobilka v souvislosti s n\u00e1b\u011bhem v\u00fdroby vozu tak\u00e9 <\/span><\/span><span style=\"font-family: Times New Roman, serif;\"><span style=\"font-size: large;\">otev\u0159ela nov\u00e9 \u0161kolic\u00ed st\u0159edisko v tov\u00e1rn\u011b v Kvasin\u00e1ch, kter\u00e9 v budoucnu ro\u010dn\u011b vy\u0161kol\u00ed 300 zam\u011bstnanc\u016f pro pr\u00e1ci s roboty ve v\u00fdrob\u011b. <\/span><\/span><strong><span style=\"font-family: Times New Roman, serif;\"><span style=\"font-size: large;\"><br \/>\n<\/span><\/span><\/strong><\/p>\n<p><strong>Zdroj: T\u00fdden\u00edk Euro<\/strong><\/p>\n","protected":false},"excerpt":{"rendered":"<p>\u0160kodovka zve\u0159ejnila na Valent\u00fdna fotografie 4. generace sv\u00e9ho nejprod\u00e1van\u011bj\u0161\u00edho modelu Octavia. Zam\u011bstnanci se za\u010dali p\u0159ipravovat&#8230;<\/p>\n","protected":false},"author":1,"featured_media":2168,"comment_status":"closed","ping_status":"closed","sticky":false,"template":"","format":"standard","meta":{"footnotes":""},"categories":[31,66,18],"tags":[],"class_list":["post-2161","post","type-post","status-publish","format-standard","has-post-thumbnail","hentry","category-news","category-video","category-vyroba"],"_links":{"self":[{"href":"https:\/\/www.automakers.cz\/index.php?rest_route=\/wp\/v2\/posts\/2161","targetHints":{"allow":["GET"]}}],"collection":[{"href":"https:\/\/www.automakers.cz\/index.php?rest_route=\/wp\/v2\/posts"}],"about":[{"href":"https:\/\/www.automakers.cz\/index.php?rest_route=\/wp\/v2\/types\/post"}],"author":[{"embeddable":true,"href":"https:\/\/www.automakers.cz\/index.php?rest_route=\/wp\/v2\/users\/1"}],"replies":[{"embeddable":true,"href":"https:\/\/www.automakers.cz\/index.php?rest_route=%2Fwp%2Fv2%2Fcomments&post=2161"}],"version-history":[{"count":8,"href":"https:\/\/www.automakers.cz\/index.php?rest_route=\/wp\/v2\/posts\/2161\/revisions"}],"predecessor-version":[{"id":2198,"href":"https:\/\/www.automakers.cz\/index.php?rest_route=\/wp\/v2\/posts\/2161\/revisions\/2198"}],"wp:featuredmedia":[{"embeddable":true,"href":"https:\/\/www.automakers.cz\/index.php?rest_route=\/wp\/v2\/media\/2168"}],"wp:attachment":[{"href":"https:\/\/www.automakers.cz\/index.php?rest_route=%2Fwp%2Fv2%2Fmedia&parent=2161"}],"wp:term":[{"taxonomy":"category","embeddable":true,"href":"https:\/\/www.automakers.cz\/index.php?rest_route=%2Fwp%2Fv2%2Fcategories&post=2161"},{"taxonomy":"post_tag","embeddable":true,"href":"https:\/\/www.automakers.cz\/index.php?rest_route=%2Fwp%2Fv2%2Ftags&post=2161"}],"curies":[{"name":"wp","href":"https:\/\/api.w.org\/{rel}","templated":true}]}}