{"id":21756,"date":"2026-05-19T10:16:57","date_gmt":"2026-05-19T10:16:57","guid":{"rendered":"https:\/\/www.automakers.cz\/?p=21756"},"modified":"2026-05-19T10:16:57","modified_gmt":"2026-05-19T10:16:57","slug":"ford-chysta-pro-evropu-7-novych-modelu","status":"publish","type":"post","link":"https:\/\/www.automakers.cz\/?p=21756","title":{"rendered":"Ford chyst\u00e1 pro Evropu 7 nov\u00fdch model\u016f"},"content":{"rendered":"<div>\n<div>\n<p><strong>Ford na setk\u00e1n\u00ed evropsk\u00fdch prodejc\u016f a partner\u016f p\u0159edstavil novou vizi sv\u00e9 budoucnosti v Evrop\u011b. D\u00edky roz\u0161\u00ed\u0159en\u00ed produkt\u016f a technologi\u00ed pro firemn\u00ed i soukrom\u00e9 z\u00e1kazn\u00edky pl\u00e1novan\u00e9mu na p\u0159\u00ed\u0161t\u00ed t\u0159i roky Ford obnovuje sv\u016fj z\u00e1vazek v\u016f\u010di evropsk\u00fdm \u0159idi\u010d\u016fm i podnikatel\u016fm.<\/strong><\/p>\n<\/div>\n<\/div>\n<p><!--more--><\/p>\n<div>\n<div>\n<div>\n<p>Evropskou strategii Fordu podporuje nov\u00e1 glob\u00e1ln\u00ed platforma zna\u010dky\u00a0Ready-Set-Ford, kter\u00e1 se zam\u011b\u0159uje na oblasti, v nich\u017e Ford autenticky p\u016fsob\u00ed a odli\u0161uje se od konkurence:\u00a0Build,\u00a0Thrill a Adventure. Prvn\u00ed evropsk\u00e9 kampan\u011b pod hlavi\u010dkou Ready-Set-Ford budou spu\u0161t\u011bny tento m\u011bs\u00edc.<\/p>\n<\/div>\n<div>\n<p><strong>Ford Pro se v Evrop\u011b posouv\u00e1 od v\u00fdrobce vozidel k partnerovi pro produktivitu firem<\/strong><\/p>\n<\/div>\n<div>\n<p>Ford Pro, ji\u017e 11 let v \u0159ad\u011b vedouc\u00ed zna\u010dka v segmentu u\u017eitkov\u00fdch vozidel v Evrop\u011b, 1 se vyv\u00edj\u00ed z v\u00fdrobce vozidel v nepostradateln\u00e9ho partnera pro produktivitu firem v\u0161ech velikost\u00ed. Prost\u0159ednictv\u00edm softwaru a slu\u017eeb pom\u00e1h\u00e1 maximalizovat n\u00e1vratnost ka\u017ed\u00e9ho vozidla.<\/p>\n<\/div>\n<div>\n<p>Tato strategie podporuje glob\u00e1ln\u00ed c\u00edl Fordu dos\u00e1hnout toho, aby 25 procent EBIT divize Ford Pro poch\u00e1zelo ze softwaru a slu\u017eeb. V prvn\u00edm \u010dtvrtlet\u00ed roku 2026 vzrostl celosv\u011btov\u00fd po\u010det p\u0159edplatn\u00fdch poj\u00edc\u00edch se softwarem o 30 procent na 879 000, s hrubou mar\u017e\u00ed p\u0159esahuj\u00edc\u00ed 50 procent.<\/p>\n<\/div>\n<div>\n<blockquote><p><em>\u201eFord Pro je p\u00e1te\u0159\u00ed na\u0161eho evropsk\u00e9ho podnik\u00e1n\u00ed,\u201c<\/em> \u0159ekl\u00a0Jim\u00a0Baumbick, prezident Fordu v Evrop\u011b. <em>\u201eNeprod\u00e1v\u00e1me jen dod\u00e1vky a pick-upy, poskytujeme integrovan\u00fd ekosyst\u00e9m vozidel, softwaru a slu\u017eeb. Na\u0161e vozy jsou nejprod\u00e1van\u011bj\u0161\u00ed na trhu a kolem nich jsme vybudovali akceler\u00e1tor produktivity, kter\u00e9mu se na\u0161e konkurence nem\u016f\u017ee rovnat. Pro na\u0161e z\u00e1kazn\u00edky to nen\u00ed jen doprava, ale lep\u0161\u00ed n\u00e1vratnost investice.\u201c<\/em><\/p><\/blockquote>\n<\/div>\n<div>\n<p>Slu\u017eby\u00a0Ford Pro\u00a0Uptime Services vyu\u017e\u00edvaj\u00ed data z p\u0159ipojen\u00fdch vozidel a prediktivn\u00ed funkce k identifikaci probl\u00e9m\u016f d\u0159\u00edve, ne\u017e se skute\u010dn\u011b projev\u00ed. Od roku 2019 je ka\u017ed\u00e9 vozidlo Ford Pro vybaveno integrovan\u00fdm modemem. Dnes je v Evrop\u011b p\u0159ipojeno v\u00edce ne\u017e 1,2 milionu z\u00e1kazn\u00edk\u016f, kte\u0159\u00ed denn\u011b generuj\u00ed t\u00e9m\u011b\u0159 \u0161est milion\u016f sign\u00e1l\u016f o technick\u00e9m stavu vozidel. Jen v lo\u0148sk\u00e9m roce p\u0159inesly p\u0159ipojen\u00e9 slu\u017eby Fordu z\u00e1kazn\u00edk\u016fm t\u00e9m\u011b\u0159 jeden milion dodate\u010dn\u00fdch dn\u00ed provozuschopnosti.<\/p>\n<\/div>\n<div>\n<p>Ford Pro nyn\u00ed tyto schopnosti poprv\u00e9 roz\u0161i\u0159uje i na mal\u00e9 firmy. D\u00edky nov\u00fdm\u00a0Dealer\u00a0Uptime Services se ka\u017ed\u00fd dealer Fordu m\u016f\u017ee st\u00e1t specializovan\u00fdm mana\u017eerem provozuschopnosti \u2013 sledovat technick\u00fd stav vozidel, proaktivn\u011b kontaktovat z\u00e1kazn\u00edky a p\u0159ipravovat d\u00edly i servisn\u00ed kapacity je\u0161t\u011b p\u0159ed p\u0159\u00edjezdem vozidla. Prvn\u00ed pilotn\u00ed projekty ukazuj\u00ed, \u017ee doba oprav se zkracuje a\u017e o 50 procent a 80 procent oprav je identifikov\u00e1no proaktivn\u011b. 2<\/p>\n<\/div>\n<div>\n<p>Pro z\u00e1kazn\u00edky to znamen\u00e1 v\u00edce \u010dasu v provozu, v\u00edce produktivn\u00edch dn\u00ed a vy\u0161\u0161\u00ed v\u00fdnos z ka\u017ed\u00e9ho vozidla, kter\u00e9 vlastn\u00ed. Pro dealery to znamen\u00e1 v\u00edce servisn\u00edch p\u0159\u00edle\u017eitost\u00ed, siln\u011bj\u0161\u00ed loajalitu z\u00e1kazn\u00edk\u016f a v\u00fdrazn\u00e9 nav\u00fd\u0161en\u00ed potenci\u00e1lu tr\u017eeb. To v\u0161e d\u00edky tomu, \u017ee se dealer posouv\u00e1 do role datov\u011b vybaven\u00e9ho partnera, kter\u00fd m\u00e1 k dispozici informace, n\u00e1stroje a konektivitu pot\u0159ebn\u00e9 k tomu, aby jeho firemn\u00ed z\u00e1kazn\u00edci mohli d\u00e1l vyd\u011bl\u00e1vat.<\/p>\n<\/div>\n<div>\n<p>Ford Pro z\u00e1rove\u0148 roz\u0161i\u0159uje produktovou nab\u00eddku o dv\u011b nov\u00e1 vozidla navr\u017een\u00e1 pro velmi odli\u0161n\u00e9, ale stejn\u011b n\u00e1ro\u010dn\u00e9 \u00fakoly:<\/p>\n<\/div>\n<div>\n<ul>\n<li><strong>Ranger Super Duty: schopnosti pro nejn\u00e1ro\u010dn\u011bj\u0161\u00ed pr\u00e1ci v Evrop\u011b<\/strong><\/li>\n<\/ul>\n<\/div>\n<div>\n<p>Ranger je ji\u017e 11 let v \u0159ad\u011b nejprod\u00e1van\u011bj\u0161\u00edm pick-upem v Evrop\u011b. 1 Nov\u00fd\u00a0<strong>Ranger Super Duty<\/strong> posouv\u00e1 tuto modelovou rodinu do t\u011bch nejn\u00e1ro\u010dn\u011bj\u0161\u00edch pracovn\u00edch podm\u00ednek \u2013 pro z\u00e1chrann\u00e9 slo\u017eky, lesnictv\u00ed, t\u011b\u017eebn\u00ed pr\u016fmysl i arm\u00e1du. Nab\u00edz\u00ed celkovou kombinovanou hmotnost, tedy u\u017eite\u010dn\u00e9 zat\u00ed\u017een\u00ed plus hmotnost p\u0159\u00edv\u011bsu, 8 tun 3,4 a m\u016f\u017ee t\u00e1hnout a\u017e 4,5 tuny. 4<\/p>\n<p>K tomu Ranger Super Duty p\u0159id\u00e1v\u00e1 t\u00e9m\u011b\u0159 dvoutunovou u\u017eite\u010dnou hmotnost, 3 zes\u00edlen\u00fd podvozek, dodate\u010dnou ochranu spodn\u00ed \u010d\u00e1sti vozu a vysokou sv\u011btlou v\u00fd\u0161ku p\u0159\u00edmo z v\u00fdroby. Kombinuje p\u0159\u00edstup \u201epr\u00e1ce na prvn\u00edm m\u00edst\u011b\u201c s\u202fkomfortem v interi\u00e9ru, konektivitou a asisten\u010dn\u00edmi technologiemi \u0159idi\u010de, kter\u00e9 jsou pro Ranger standardem. 5<\/p>\n<\/div>\n<blockquote><p><em>\u201eEvropsk\u00e9 vl\u00e1dy a p\u0159estavb\u00e1\u0159i p\u016fsob\u00edc\u00ed v obrann\u00e9m pr\u016fmyslu st\u00e1le \u010dast\u011bji hledaj\u00ed hotov\u00e1 s\u00e9riov\u00e1 vozidla, kter\u00e1 spln\u00ed extr\u00e9mn\u00ed n\u00e1roky arm\u00e1dy,\u201c<\/em> \u0159ekl Baumbick. <em>\u201eRanger Super Duty je pro tuto pr\u00e1ci t\u00edm spr\u00e1vn\u00fdm vozem. Je to nejschopn\u011bj\u0161\u00ed Ranger, jak\u00fd byl kdy vyroben, a v Evrop\u011b vytv\u00e1\u0159\u00ed nov\u00fd segment t\u011b\u017ek\u00fdch pracovn\u00edch pick-up\u016f. Je dostupn\u00fd ve velk\u00fdch objemech, p\u0159\u00edmo z na\u0161\u00ed tov\u00e1rny.\u201c<\/em><\/p><\/blockquote>\n<\/div>\n<div>\n<ul>\n<li><strong>Transit City: n\u00e1stroj do hust\u00e9ho m\u011bstsk\u00e9ho provozu pro firmy orientuj\u00edc\u00ed se na n\u00e1klady<\/strong><\/li>\n<\/ul>\n<\/div>\n<div>\n<p>Transit City 6 je pln\u011b elektrick\u00e1 dod\u00e1vka vytvo\u0159en\u00e1 speci\u00e1ln\u011b pro flotily p\u016fsob\u00edc\u00ed v hust\u011b zastav\u011bn\u00fdch m\u011bstsk\u00fdch oblastech. S t\u00edm, jak st\u00e1le v\u00edce m\u011bst sm\u011b\u0159uje k z\u00f3n\u00e1m ur\u010den\u00fdm pouze pro elektrick\u00e1 vozidla, nab\u00edz\u00ed Transit City jednoduch\u00fd a n\u00e1kladov\u011b efektivn\u00ed zp\u016fsob, jak na tento p\u0159echod reagovat.<\/p>\n<p>Aby z\u016fstaly v\u011bci jednoduch\u00e9 a n\u00e1klady n\u00edzk\u00e9, dod\u00e1v\u00e1 se Transit City 6 v jedin\u00e9, vysok\u00e9 standardn\u00ed specifikaci. K dispozici bude ve t\u0159ech variant\u00e1ch v\u010detn\u011b podvozku s kabinou pro r\u016fzn\u00e9 typy n\u00e1staveb, a nab\u00eddne tak praktick\u00e9ho a cenov\u011b dostupn\u00e9ho partnera pro firmy p\u016fsob\u00edc\u00ed ve m\u011bstech. Do showroom\u016f doraz\u00ed je\u0161t\u011b letos.<\/p>\n<\/div>\n<div>\n<p><strong>Nov\u00e1 \u00e9ra osobn\u00edch voz\u016f Ford v Evrop\u011b<\/strong><\/p>\n<\/div>\n<div>\n<p>Ford m\u00e1 v\u00edce ne\u017e stoletou z\u00e1vodn\u00ed historii, obzvl\u00e1\u0161\u0165 ve sv\u011bt\u011b rallye, tedy v discipl\u00edn\u011b, kter\u00e1 je Evrop\u011b vlastn\u00ed. Spojen\u00edm t\u00e9to off-roadov\u00e9 DNA s v\u00fdkonem na silnici vytvo\u0159\u00ed Ford vozy inspirovan\u00e9 rallye a p\u0159izp\u016fsoben\u00e9 Evrop\u011b.<\/p>\n<p>Nov\u00e1 evropsk\u00e1 modelov\u00e1 \u0159ada Fordu nab\u00eddne vozy s r\u016fzn\u00fdmi typy pohonu \u2013 vozy postaven\u00e9 tak, aby zvl\u00e1dly specifick\u00e9 v\u00fdzvy evropsk\u00fdch alpsk\u00fdch pr\u016fsmyk\u016f, dl\u00e1\u017ed\u011bn\u00fdch ulic i klikat\u00fdch silnic.<\/p>\n<\/div>\n<div>\n<p>Do konce roku 2029 uvede Ford p\u011bt nov\u00fdch osobn\u00edch voz\u016f ur\u010den\u00fdch pro Evropu a vyr\u00e1b\u011bn\u00fdch v Evrop\u011b:<\/p>\n<\/div>\n<div>\n<ul>\n<li><strong>Nov\u00fd \u010dlen glob\u00e1ln\u00ed rodiny\u00a0<\/strong>Bronco p\u0159ich\u00e1z\u00ed do Evropy: Toto robustn\u00ed SUV s r\u016fzn\u00fdmi typy pohonu se bude vyr\u00e1b\u011bt v z\u00e1vod\u011b Fordu ve \u0161pan\u011blsk\u00e9 Valencii od roku 2028.<\/li>\n<\/ul>\n<\/div>\n<div>\n<ul>\n<li><strong>Elektrick\u00fd hatchback:<\/strong> Mal\u00fd elektromobil kombinuje v\u00fdrazn\u00fd design s typickou j\u00edzdn\u00ed dynamikou Fordu \u2013 a p\u0159in\u00e1\u0161\u00ed schopnosti inspirovan\u00e9 p\u0159enosem techniky ze z\u00e1vodn\u00ed trat\u011b na silnici do segmentu B.<\/li>\n<\/ul>\n<\/div>\n<div>\n<ul>\n<li><strong>Mal\u00e9 elektrick\u00e9 SUV: <\/strong>Pln\u011b elektrick\u00e9 mal\u00e9 SUV se stejn\u00fdm designov\u00fdm jazykem inspirovan\u00fdm rallye a j\u00edzdn\u00ed dynamikou v p\u0159\u00edv\u011btiv\u00e9m balen\u00ed navr\u017een\u00e9m pro ulice m\u011bst.<\/li>\n<\/ul>\n<\/div>\n<div>\n<ul>\n<li><strong>Dva crossovery s r\u016fzn\u00fdmi typy pohonu:<\/strong>\u00a0Dva dal\u0161\u00ed crossovery inspirovan\u00e9 rallye dopln\u00ed novou modelovou \u0159adu do konce roku 2029.<\/li>\n<\/ul>\n<\/div>\n<div>\n<blockquote><p><em>\u201eStrategii Fordu p\u0159ej\u00edt v Evrop\u011b do ofenzivy jednozna\u010dn\u011b podporujeme,\u201c<\/em> \u0159ekl\u00a0Nicola Gilda, v\u00fdkonn\u00fd \u0159editel\u00a0PeoplesAutomotive Group a p\u0159edseda Evropsk\u00e9 rady dealer\u016f Ford. <em>\u201eStav\u00ed na \u00fasp\u011bchu Ford Pro a z\u00e1rove\u0148 vyu\u017e\u00edv\u00e1 z\u00e1vodn\u00ed d\u011bdictv\u00ed Fordu p\u0159i navrhov\u00e1n\u00ed nov\u00fdch osobn\u00edch voz\u016f \u2013 je jasn\u00e9, \u017ee Ford se vrac\u00ed, aby v\u00edt\u011bzil.\u201c<\/em><\/p><\/blockquote>\n<\/div>\n<div>\n<p><strong>Partnerstv\u00ed pro rychlost a rozsah<\/strong><\/p>\n<\/div>\n<div>\n<p>Strategick\u00e1 partnerstv\u00ed jsou kl\u00ed\u010dovou sou\u010d\u00e1st\u00ed p\u016fsoben\u00ed zna\u010dky Ford v Evrop\u011b. Urychluj\u00ed v\u00fdvoj, umo\u017e\u0148uj\u00ed dos\u00e1hnout pot\u0159ebn\u00e9ho rozsahu a vytv\u00e1\u0159ej\u00ed hodnotu v oblasti u\u017eitkov\u00fdch i osobn\u00edch vozidel.<\/p>\n<p>Kombinac\u00ed odborn\u00fdch znalost\u00ed, pr\u016fmyslov\u00e9ho z\u00e1zem\u00ed a dodavatelsk\u00e9 z\u00e1kladny Fordu a jeho partner\u016f z\u00edsk\u00e1vaj\u00ed ob\u011b strany efektivitu, konkurenceschopnost i v\u00fdrobn\u00ed dosah pot\u0159ebn\u00fd k \u00fasp\u011bchu v jednom z nejkonkuren\u010dn\u011bj\u0161\u00edch region\u016f sv\u011bta.<\/p>\n<\/div>\n<div>\n<blockquote><p><em>\u201eTo nejsou jen dohody. Jsou to strategick\u00e9 p\u00e1ky,\u201c<\/em> \u0159ekl Baumbick. <em>\u201eSpolupracujeme s t\u011bmi nejlep\u0161\u00edmi, abychom mohli postupovat rychle a ve velk\u00e9m m\u011b\u0159\u00edtku, a z\u00e1rove\u0148 jsme posedl\u00ed na\u0161imi produkty, abychom na trh dodali emotivn\u00ed, nezam\u011bniteln\u011b vozy Ford.\u201c<\/em><\/p><\/blockquote>\n<\/div>\n<div>\n<p><strong>Praktick\u00e1 cesta k\u00a0bezuhl\u00edkov\u00e9 mobilit\u011b<\/strong><\/p>\n<\/div>\n<div>\n<p>Ford ji\u017e v\u00edce ne\u017e 100 let slou\u017e\u00ed evropsk\u00fdm \u0159idi\u010d\u016fm a firm\u00e1m prost\u0159ednictv\u00edm osobn\u00edch voz\u016f, n\u00e1kladn\u00edch vozidel a dod\u00e1vek. Ford se zavazuje podporovat z\u00e1kazn\u00edky na cest\u011b k bezemisn\u00ed budoucnosti. Pokud se v\u0161ak emisn\u00ed c\u00edle odtrhnou od reality z\u00e1kaznick\u00e9 popt\u00e1vky, d\u016fsledky jsou kontraproduktivn\u00ed: kupuj\u00edc\u00ed si d\u00e9le ponech\u00e1vaj\u00ed star\u0161\u00ed vozidla s vy\u0161\u0161\u00edmi emisemi a ekonomika pr\u016fmyslov\u00fdch investic je oslabena.<\/p>\n<\/div>\n<div>\n<p>Pravidla \u201eMade in Europe\u201c nav\u00edc mus\u00ed odr\u00e1\u017eet realitu integrovan\u00fdch region\u00e1ln\u00edch dodavatelsk\u00fdch \u0159et\u011bzc\u016f a d\u016fle\u017eitou roli, kterou v na\u0161em pr\u016fmyslov\u00e9m ekosyst\u00e9mu hraj\u00ed region\u00e1ln\u00ed partne\u0159i, jako jsou Turecko, Maroko a Spojen\u00e9 kr\u00e1lovstv\u00ed. Vylou\u010den\u00ed nebo omezen\u00ed t\u011bchto trh\u016f oslab\u00ed evropskou konkurenceschopnost a v kone\u010dn\u00e9m d\u016fsledku zv\u00fd\u0161\u00ed n\u00e1klady pro spot\u0159ebitele.<\/p>\n<\/div>\n<div>\n<p>Evropa nal\u00e9hav\u011b pot\u0159ebuje regulatorn\u00ed r\u00e1mec, kter\u00fd slad\u00ed c\u00edle s volbou z\u00e1kazn\u00edk\u016f a poskytne realistick\u00fd a spolehliv\u00fd pl\u00e1novac\u00ed horizont. Ford vyz\u00fdv\u00e1 k p\u0159\u00edstupu, kter\u00fd stav\u00ed z\u00e1kazn\u00edka na prvn\u00ed m\u00edsto:<\/p>\n<\/div>\n<\/div>\n<div>\n<div>\n<ul>\n<li><strong>Realistick\u00e9 c\u00edle a spr\u00e1vn\u00e1 nab\u00edjec\u00ed infrastruktura:<\/strong>\u00a0C\u00edle v oblasti CO2 mus\u00ed odr\u00e1\u017eet skute\u010dnou z\u00e1kaznickou popt\u00e1vku a realitu infrastruktury. Vynucov\u00e1n\u00ed p\u0159echodu rychlej\u0161\u00edm tempem, ne\u017e jak\u00fdm se dok\u00e1\u017ee trh pohybovat, hroz\u00ed zpomalen\u00edm obnovy vozov\u00e9ho parku \u2013 a pr\u00e1v\u011b ta je z\u00e1sadn\u00edm faktorem p\u0159i sni\u017eov\u00e1n\u00ed emis\u00ed.<\/li>\n<\/ul>\n<\/div>\n<div>\n<ul>\n<li><strong>Nov\u00e1 cesta:<\/strong>\u00a0Legislativa mus\u00ed podporovat a motivovat elektrifikovan\u00e9 technologie, jako jsou plug-in hybridy (PHEV) a elektromobily s prodlou\u017een\u00fdm dojezdem (EREV), kter\u00e9 nab\u00edzej\u00ed praktickou cestu k pln\u011b elektrick\u00e9 budoucnosti. Tyto technologie umo\u017e\u0148uj\u00ed rodin\u00e1m i firm\u00e1m za\u010d\u00edt sni\u017eovat emise ji\u017e dnes, maximalizovat po\u010det kilometr\u016f ujet\u00fdch na elekt\u0159inu a z\u00e1rove\u0148 vy\u010dkat na vybudov\u00e1n\u00ed pot\u0159ebn\u00e9 nab\u00edjec\u00ed infrastruktury nap\u0159\u00ed\u010d Evropou.<\/li>\n<\/ul>\n<\/div>\n<div>\n<ul>\n<li><strong>Ochrana mal\u00fdch podnik\u016f:<\/strong>\u00a0P\u0159ibli\u017en\u011b 10 procent nov\u00fdch dod\u00e1vek je elektrick\u00fdch, proto\u017ee firmy bojuj\u00ed s nab\u00edjec\u00ed infrastrukturou optimalizovanou pro osobn\u00ed vozy a se zpo\u017ed\u011bn\u00edmi p\u0159i z\u00edsk\u00e1v\u00e1n\u00ed p\u0159\u00edstupu k elektrick\u00e9 s\u00edti pro depa. Vynucov\u00e1n\u00ed agresivn\u00edch c\u00edl\u016f u u\u017eitkov\u00fdch vozidel p\u016fsob\u00ed jako da\u0148 pro instalat\u00e9ry, stavebn\u00edky a kur\u00fdry, kte\u0159\u00ed poh\u00e1n\u011bj\u00ed evropskou ekonomiku.<\/li>\n<\/ul>\n<\/div>\n<div>\n<blockquote><p><em>\u201eNestav\u00edme vozidla proto, abychom splnili regulatorn\u00ed po\u017eadavky; stav\u00edme je pro lidi,\u201c<\/em> \u0159ekl Baumbick. \u201e<em>Nejrychlej\u0161\u00ed cesta k nulov\u00fdm emis\u00edm je ta, kterou z\u00e1kazn\u00edci skute\u010dn\u011b zvol\u00ed. Sni\u017eov\u00e1n\u00ed emis\u00ed m\u016f\u017eeme urychlit u\u017e dnes pomoc\u00ed hybridn\u00edch technologi\u00ed, kter\u00e9 z\u00e1kazn\u00edk\u016fm umo\u017en\u00ed jezdit na elekt\u0159inu v\u017edy, kdy\u017e mohou.\u201c<\/em><\/p><\/blockquote>\n<\/div>\n<div>\n<p><strong>#<\/strong><\/p>\n<\/div>\n<div>\n<p>1 Na z\u00e1klad\u011b prodejn\u00edch dat SP Global Mobility za rok 2025. Rakousko, Belgie, Brit\u00e1nie, \u010cesk\u00e1 republika, D\u00e1nsko, Finsko, Francie, N\u011bmecko, \u0158ecko, Ma\u010farsko, Irsko, It\u00e1lie, Nizozemsko, Norsko, Polsko, Portugalsko, Rumunsko, \u0160pan\u011blsko, \u0160v\u00e9dsko a \u0160v\u00fdcarsko.<\/p>\n<\/div>\n<div>\n<p>2 Podle v\u00fdpo\u010dt\u016f spole\u010dnosti Ford.<\/p>\n<\/div>\n<div>\n<p>3 Maxim\u00e1ln\u00ed u\u017eite\u010dn\u00e9 zat\u00ed\u017een\u00ed se li\u0161\u00ed a z\u00e1vis\u00ed na p\u0159\u00edslu\u0161enstv\u00ed a konfiguraci vozidla. Nosnost konkr\u00e9tn\u00edho vozidla najdete na \u0161t\u00edtku ve dve\u0159n\u00edm r\u00e1mu. N\u00e1klad v\u017edy \u0159\u00e1dn\u011b zajist\u011bte. Kapacita pro n\u00e1klad a zat\u00ed\u017een\u00ed je omezena hmotnost\u00ed a rozlo\u017een\u00edm hmotnosti.<\/p>\n<\/div>\n<div>\n<p>4 P\u0159i odpov\u00eddaj\u00edc\u00edm vybaven\u00ed. Maxim\u00e1ln\u00ed hmotnost p\u0159\u00edv\u011bsu se li\u0161\u00ed v z\u00e1vislosti na n\u00e1kladu, konfiguraci vozidla, p\u0159\u00edslu\u0161enstv\u00ed a po\u010dtu cestuj\u00edc\u00edch.<\/p>\n<\/div>\n<div>\n<p>5 Asisten\u010dn\u00ed syst\u00e9my \u0159idi\u010de jsou dopl\u0148kov\u00e9 a nenahrazuj\u00ed pozornost, \u00fasudek ani povinnost \u0159idi\u010de ovl\u00e1dat vozidlo. Nenahrazuj\u00ed bezpe\u010dnou j\u00edzdu. Podrobnosti a omezen\u00ed najdete v n\u00e1vodu k obsluze.<\/p>\n<\/div>\n<div>\n<p>6 C\u00edlov\u00fd dojezd vypo\u010d\u00edtan\u00fd na z\u00e1klad\u011b intern\u00edho testov\u00e1n\u00ed Fordu. C\u00edlov\u00fd dojezd a\u017e 254 km na pln\u00e9 nabit\u00ed modelu Transit City. Homologovan\u00e9 \u00fadaje o vozidle budou poskytnuty bl\u00ed\u017ee k datu zah\u00e1jen\u00ed prodeje. Deklarovan\u00e1 spot\u0159eba paliva\/energie, emise CO2 a elektrick\u00fd dojezd podle WLTP jsou stanoveny v souladu s technick\u00fdmi po\u017eadavky a specifikacemi evropsk\u00fdch na\u0159\u00edzen\u00ed (ES) 715\/2007 a (EU) 2017\/1151 v platn\u00e9m zn\u011bn\u00ed. Pou\u017eit\u00e9 standardizovan\u00e9 zku\u0161ebn\u00ed postupy umo\u017e\u0148uj\u00ed srovn\u00e1n\u00ed mezi r\u016fzn\u00fdmi typy vozidel a r\u016fzn\u00fdmi v\u00fdrobci. Uveden\u00e9 hodnoty slou\u017e\u00ed pro \u00fa\u010dely srovn\u00e1n\u00ed a m\u011bly by b\u00fdt porovn\u00e1v\u00e1ny pouze s vozidly testovan\u00fdmi podle stejn\u00fdch technick\u00fdch postup\u016f. Skute\u010dn\u00fd dojezd se li\u0161\u00ed v z\u00e1vislosti na faktorech, jako jsou teplota, styl j\u00edzdy, profil trasy, \u00fadr\u017eba vozidla a st\u00e1\u0159\u00ed a stav lithium-iontov\u00e9ho akumul\u00e1toru<\/p>\n<\/div>\n<\/div>\n","protected":false},"excerpt":{"rendered":"<p>Ford na setk\u00e1n\u00ed evropsk\u00fdch prodejc\u016f a partner\u016f p\u0159edstavil novou vizi sv\u00e9 budoucnosti v Evrop\u011b. D\u00edky&#8230;<\/p>\n","protected":false},"author":2,"featured_media":21760,"comment_status":"closed","ping_status":"closed","sticky":false,"template":"","format":"standard","meta":{"footnotes":""},"categories":[9,110,40],"tags":[],"class_list":["post-21756","post","type-post","status-publish","format-standard","has-post-thumbnail","hentry","category-elektromobily","category-prezentace","category-technologie"],"_links":{"self":[{"href":"https:\/\/www.automakers.cz\/index.php?rest_route=\/wp\/v2\/posts\/21756","targetHints":{"allow":["GET"]}}],"collection":[{"href":"https:\/\/www.automakers.cz\/index.php?rest_route=\/wp\/v2\/posts"}],"about":[{"href":"https:\/\/www.automakers.cz\/index.php?rest_route=\/wp\/v2\/types\/post"}],"author":[{"embeddable":true,"href":"https:\/\/www.automakers.cz\/index.php?rest_route=\/wp\/v2\/users\/2"}],"replies":[{"embeddable":true,"href":"https:\/\/www.automakers.cz\/index.php?rest_route=%2Fwp%2Fv2%2Fcomments&post=21756"}],"version-history":[{"count":3,"href":"https:\/\/www.automakers.cz\/index.php?rest_route=\/wp\/v2\/posts\/21756\/revisions"}],"predecessor-version":[{"id":21764,"href":"https:\/\/www.automakers.cz\/index.php?rest_route=\/wp\/v2\/posts\/21756\/revisions\/21764"}],"wp:featuredmedia":[{"embeddable":true,"href":"https:\/\/www.automakers.cz\/index.php?rest_route=\/wp\/v2\/media\/21760"}],"wp:attachment":[{"href":"https:\/\/www.automakers.cz\/index.php?rest_route=%2Fwp%2Fv2%2Fmedia&parent=21756"}],"wp:term":[{"taxonomy":"category","embeddable":true,"href":"https:\/\/www.automakers.cz\/index.php?rest_route=%2Fwp%2Fv2%2Fcategories&post=21756"},{"taxonomy":"post_tag","embeddable":true,"href":"https:\/\/www.automakers.cz\/index.php?rest_route=%2Fwp%2Fv2%2Ftags&post=21756"}],"curies":[{"name":"wp","href":"https:\/\/api.w.org\/{rel}","templated":true}]}}