{"id":2182,"date":"2024-02-15T08:22:50","date_gmt":"2024-02-15T08:22:50","guid":{"rendered":"https:\/\/www.automakers.cz\/?p=2182"},"modified":"2024-02-15T08:23:15","modified_gmt":"2024-02-15T08:23:15","slug":"hdp-evropske-unie-ve-4-kvartalu-stagnoval","status":"publish","type":"post","link":"https:\/\/www.automakers.cz\/?p=2182","title":{"rendered":"HDP Evropsk\u00e9 unie loni stagnoval"},"content":{"rendered":"<p class=\"c_aW g_gb speakable\" data-dot=\"ogm-article-perex\"><strong>Ekonomika Evropsk\u00e9 unie loni ve \u010dtvrt\u00e9m \u010dtvrtlet\u00ed podle sezonn\u011b p\u0159epo\u010dten\u00fdch \u00fadaj\u016f vzrostla o\u00a00,1\u00a0procenta, zat\u00edmco ve t\u0159et\u00edm \u010dtvrtlet\u00ed o\u00a00,1\u00a0procenta klesla. Ve sv\u00e9 zp\u0159esn\u011bn\u00e9 zpr\u00e1v\u011b to ve st\u0159edu uvedl statistick\u00fd \u00fa\u0159ad Eurostat.<\/strong> <!--more--><\/p>\n<p class=\"c_aW g_gb speakable\" data-dot=\"ogm-article-perex\">Rychl\u00fd odhad zve\u0159ejn\u011bn\u00fd na konci ledna ukazoval na stagnaci. V\u00a0meziro\u010dn\u00edm srovn\u00e1n\u00ed se hrub\u00fd dom\u00e1c\u00ed produktu (HDP) zv\u00fd\u0161il o\u00a00,3\u00a0procenta, co\u017e je o\u00a0desetinu bodu lep\u0161\u00ed v\u00fdsledek, ne\u017e uv\u00e1d\u011bl rychl\u00fd odhad.<\/p>\n<div class=\"e_aW speakable\" data-dot=\"mol-paragraph\">\n<p class=\"c_aW\"><span class=\"c_ek\">\u00dadaje za euroz\u00f3nu z\u016fstaly proti rychl\u00e9mu odhadu beze zm\u011bn. Ekonomika tak ve \u010dtvrt\u00e9m \u010dtvrtlet\u00ed proti p\u0159edchoz\u00edm t\u0159em m\u011bs\u00edc\u016fm stagnovala po poklesu o\u00a00,1\u00a0procenta ve t\u0159et\u00edm \u010dtvrtlet\u00ed. Meziro\u010dn\u011b vyk\u00e1zala r\u016fst o\u00a00,1\u00a0procenta, zat\u00edmco ve t\u0159et\u00edm \u010dtvrtlet\u00ed stagnovala.<\/span><\/p>\n<\/div>\n<div class=\"e_aW speakable\" data-dot=\"mol-paragraph\">\n<p class=\"c_aW\"><span class=\"c_ek\">R\u016fst za cel\u00fd lo\u0148sk\u00fd rok \u010dinil v\u00a0euroz\u00f3n\u011b i\u00a0v cel\u00e9 EU podle prvn\u00edho odhadu 0,5\u00a0procenta. \u00dadaje vych\u00e1zej\u00ed ze \u010dtvrtletn\u00edch sezonn\u011b a\u00a0kalend\u00e1\u0159n\u011b o\u010di\u0161t\u011bn\u00fdch dat.<\/span><\/p>\n<\/div>\n<div class=\"e_aW speakable\" data-dot=\"mol-paragraph\">\n<p class=\"c_aW\"><span class=\"c_ek\">\u010cesk\u00e1 ekonomika ve \u010dtvrt\u00e9m \u010dtvrtlet\u00ed podle dat Eurostatu vzrostla o\u00a00,2\u00a0procenta, zat\u00edmco ve t\u0159et\u00edm \u010dtvrtlet\u00ed o\u00a00,6\u00a0procenta klesla. Meziro\u010dn\u011b ale z\u016fstala v\u00a0poklesu, kter\u00fd se zm\u00edrnil na 0,2\u00a0procenta z\u00a0poklesu o\u00a00,8\u00a0procenta o\u00a0\u010dtvrtlet\u00ed d\u0159\u00edve.<\/span><\/p>\n<\/div>\n<div class=\"g_gc\">\n<div class=\"ogm-main-media__container\" data-dot=\"ogm-main-media\" data-e2e=\"ogm-main-media\">\n<figure class=\"e_br\" aria-label=\"Galerie Ilustra\u010dn\u00ed foto\" data-dot=\"mol-figure\" data-dot-data=\"{&quot;mediaItemType&quot;:&quot;foto&quot;}\">\n<div class=\"c_aI e_bs\"><\/div>\n<\/figure>\n<\/div>\n<\/div>\n","protected":false},"excerpt":{"rendered":"<p>Ekonomika Evropsk\u00e9 unie loni ve \u010dtvrt\u00e9m \u010dtvrtlet\u00ed podle sezonn\u011b p\u0159epo\u010dten\u00fdch \u00fadaj\u016f vzrostla o\u00a00,1\u00a0procenta, zat\u00edmco ve&#8230;<\/p>\n","protected":false},"author":1,"featured_media":165,"comment_status":"closed","ping_status":"closed","sticky":false,"template":"","format":"standard","meta":{"footnotes":""},"categories":[42,10],"tags":[],"class_list":["post-2182","post","type-post","status-publish","format-standard","has-post-thumbnail","hentry","category-analyza","category-statistika"],"_links":{"self":[{"href":"https:\/\/www.automakers.cz\/index.php?rest_route=\/wp\/v2\/posts\/2182","targetHints":{"allow":["GET"]}}],"collection":[{"href":"https:\/\/www.automakers.cz\/index.php?rest_route=\/wp\/v2\/posts"}],"about":[{"href":"https:\/\/www.automakers.cz\/index.php?rest_route=\/wp\/v2\/types\/post"}],"author":[{"embeddable":true,"href":"https:\/\/www.automakers.cz\/index.php?rest_route=\/wp\/v2\/users\/1"}],"replies":[{"embeddable":true,"href":"https:\/\/www.automakers.cz\/index.php?rest_route=%2Fwp%2Fv2%2Fcomments&post=2182"}],"version-history":[{"count":3,"href":"https:\/\/www.automakers.cz\/index.php?rest_route=\/wp\/v2\/posts\/2182\/revisions"}],"predecessor-version":[{"id":2184,"href":"https:\/\/www.automakers.cz\/index.php?rest_route=\/wp\/v2\/posts\/2182\/revisions\/2184"}],"wp:featuredmedia":[{"embeddable":true,"href":"https:\/\/www.automakers.cz\/index.php?rest_route=\/wp\/v2\/media\/165"}],"wp:attachment":[{"href":"https:\/\/www.automakers.cz\/index.php?rest_route=%2Fwp%2Fv2%2Fmedia&parent=2182"}],"wp:term":[{"taxonomy":"category","embeddable":true,"href":"https:\/\/www.automakers.cz\/index.php?rest_route=%2Fwp%2Fv2%2Fcategories&post=2182"},{"taxonomy":"post_tag","embeddable":true,"href":"https:\/\/www.automakers.cz\/index.php?rest_route=%2Fwp%2Fv2%2Ftags&post=2182"}],"curies":[{"name":"wp","href":"https:\/\/api.w.org\/{rel}","templated":true}]}}