{"id":21854,"date":"2026-05-25T06:01:49","date_gmt":"2026-05-25T06:01:49","guid":{"rendered":"https:\/\/www.automakers.cz\/?p=21854"},"modified":"2026-05-25T06:01:49","modified_gmt":"2026-05-25T06:01:49","slug":"ministerstvo-rozhodlo-o-podobe-dalnicniho-mostu-pres-vltavu-v-suchdole","status":"publish","type":"post","link":"https:\/\/www.automakers.cz\/?p=21854","title":{"rendered":"Ministerstvo rozhodlo o podob\u011b d\u00e1lni\u010dn\u00edho mostu p\u0159es Vltavu v Suchdole"},"content":{"rendered":"<p><strong>Centr\u00e1ln\u00ed komise Ministerstva dopravy schv\u00e1lila pokra\u010dov\u00e1n\u00ed p\u0159\u00edpravy tzv. Suchdolsk\u00e9ho mostu dle n\u00e1vrhu z d\u00edlny konsorcia architektonick\u00fdch atelier\u016f Str\u00e1sk\u00fd, Hust\u00fd a partne\u0159i a Studia acht. Zavr\u0161ila tak mezin\u00e1rodn\u00ed architektonickou sout\u011b\u017e na toto p\u0159emost\u011bn\u00ed Vltavy, kterou realizovalo \u0158editelstv\u00ed silnic a d\u00e1lnic.<\/strong><!--more--><\/p>\n<blockquote><p>\u201eCentr\u00e1ln\u00ed komise Ministerstva dopravy po velmi detailn\u00ed diskusi a zv\u00e1\u017een\u00ed v\u0161ech pro a proti vybrala architektonicky hodnotn\u00fd n\u00e1vrh, kter\u00fd p\u0159in\u00e1\u0161\u00ed do na\u0161ich podm\u00ednek novou kvalitu. Je to d\u016fle\u017eit\u00e9 rozhodnut\u00ed i pro m\u011bstsk\u00e9 \u010d\u00e1sti a obce na trase okruhu, nebo\u0165 zvolen\u00e1 varianta p\u0159edstavuje, vedle nesporn\u00e9 architektonick\u00e9 hodnoty, i nejmen\u0161\u00ed z\u00e1sah do okol\u00ed, co\u017e byl d\u016fle\u017eit\u00fd argument v rozhodov\u00e1n\u00ed komise. Je tak\u00e9 nutn\u00e9 si uv\u011bdomit, \u017ee stav\u00edme infrastrukturu, kter\u00e1 n\u00e1m v\u0161em bude slou\u017eit minim\u00e1ln\u011b dal\u0161\u00edch sto let. Po m\u00e9m posouzen\u00ed n\u00e1klad\u016f \u017eivotn\u00edho cyklu d\u00edla jsem se s doporu\u010den\u00edm Centr\u00e1ln\u00ed komise ztoto\u017enil,\u201c \u0159\u00edk\u00e1 <strong>ministr dopravy Ivan Bedn\u00e1rik.<\/strong><\/p><\/blockquote>\n<p>Na z\u00e1klad\u011b v\u00fdsledk\u016f architektonick\u00e9 sout\u011b\u017ee, kterou zadalo v roce 2023 \u0158SD, bylo odbornou porotou v roce 2025 vybr\u00e1no p\u011bt n\u00e1vrh\u016f. Ty n\u00e1sledn\u011b \u0158SD d\u00e1le nechalo podrobn\u011b posoudit. \u0160lo zejm\u00e9na o multikriteri\u00e1ln\u00ed anal\u00fdzu (MKA), kter\u00e1 zahrnovala hodnocen\u00ed technick\u00e9ho \u0159e\u0161en\u00ed a konstruk\u010dn\u00ed koncepce, dopad\u016f do p\u0159\u00edpravy stavby (v\u010detn\u011b vazby na stanovisko EIA), ekonomick\u00e9 p\u0159im\u011b\u0159enosti v r\u00e1mci \u017eivotn\u00edho cyklu stavby a n\u00e1ro\u010dnosti v\u00fdstavby a provozu.<\/p>\n<p>K dal\u0161\u00edmu posuzov\u00e1n\u00ed Centr\u00e1ln\u00ed komis\u00ed Ministerstva dopravy byly p\u0159edlo\u017eeny dva nejv\u00fd\u0161e hodnocen\u00e9 n\u00e1vrhy: \u0159e\u0161en\u00ed \u010d. 1, kter\u00e9 p\u0159ipravila spole\u010dnost Valbek a n\u00e1vrh, kter\u00fd m\u011bl v sout\u011b\u017ei ozna\u010den\u00ed jako \u010d. 5, z d\u00edlny architekt\u016f Str\u00e1sk\u00fd, Hust\u00fd a partne\u0159i a Studia acht. Anal\u00fdza \u010cVUT uk\u00e1zala, \u017ee a\u010dkoli varianta \u010d. 5 m\u00e1 vy\u0161\u0161\u00ed n\u00e1klady na samotnou v\u00fdstavbu, rozd\u00edly v celkov\u00fdch n\u00e1kladech b\u011bhem \u017eivotn\u00edho cyklu se v\u00fdrazn\u011b sni\u017euj\u00ed a v tomto jsou ob\u011b varianty ekonomicky tak\u0159ka srovnateln\u00e9.<\/p>\n<p>Samotn\u00e9 stavebn\u00ed n\u00e1klady na vybranou variantu jsou nyn\u00ed odhadov\u00e1ny na 3,5 miliardy korun. Fin\u00e1ln\u00ed cena realizace pak bude samoz\u0159ejm\u011b z\u00e1visl\u00e1 na v\u00fdsledc\u00edch tendru na zhotovitele stavby. Vybran\u00e1 varianta bude nyn\u00ed prost\u0159ednictv\u00edm \u0158SD d\u00e1le rozpracovan\u00e1 do v\u011bt\u0161\u00ed podrobnosti, kter\u00e1 odpov\u00edd\u00e1 po\u017eadavk\u016fm na povolen\u00ed z\u00e1m\u011bru stavby.<\/p>\n<p>Na prvn\u00edch dvou \u00fasec\u00edch Pra\u017esk\u00e9ho okruhu ve sm\u011bru na Suchdol a B\u0159ezin\u011bves ji\u017e prob\u00edh\u00e1 majetkopr\u00e1vn\u00ed p\u0159\u00edprava a majitel\u00e9 pot\u0159ebn\u00fdch pozemk\u016f na nab\u00eddku v\u00fdkup\u016f reaguj\u00ed velmi dob\u0159e. Pl\u00e1novan\u00e1 d\u00e9lka Suchdolsk\u00e9ho mostu, kter\u00fd bude um\u00edst\u011bn mezi lev\u00fdm b\u0159ehem Vltavy v Sedlci a prav\u00fdm b\u0159ehem \u0159eky v Z\u00e1mc\u00edch, je 606 metr\u016f. Bude m\u00edt 4 pruhy a z obou stran na n\u011bj budou navazovat p\u0159il\u00e9haj\u00edc\u00ed tunely.<\/p>\n<p><img loading=\"lazy\" decoding=\"async\" class=\"alignnone wp-image-21856\" src=\"http:\/\/www.automakers.cz\/wp-content\/uploads\/2026\/05\/Suchdol2-900x382.jpeg\" alt=\"\" width=\"957\" height=\"406\" \/><\/p>\n","protected":false},"excerpt":{"rendered":"<p>Centr\u00e1ln\u00ed komise Ministerstva dopravy schv\u00e1lila pokra\u010dov\u00e1n\u00ed p\u0159\u00edpravy tzv. Suchdolsk\u00e9ho mostu dle n\u00e1vrhu z d\u00edlny konsorcia&#8230;<\/p>\n","protected":false},"author":2,"featured_media":21855,"comment_status":"closed","ping_status":"closed","sticky":false,"template":"","format":"standard","meta":{"footnotes":""},"categories":[13,47,3],"tags":[],"class_list":["post-21854","post","type-post","status-publish","format-standard","has-post-thumbnail","hentry","category-design","category-doprava","category-investice"],"_links":{"self":[{"href":"https:\/\/www.automakers.cz\/index.php?rest_route=\/wp\/v2\/posts\/21854","targetHints":{"allow":["GET"]}}],"collection":[{"href":"https:\/\/www.automakers.cz\/index.php?rest_route=\/wp\/v2\/posts"}],"about":[{"href":"https:\/\/www.automakers.cz\/index.php?rest_route=\/wp\/v2\/types\/post"}],"author":[{"embeddable":true,"href":"https:\/\/www.automakers.cz\/index.php?rest_route=\/wp\/v2\/users\/2"}],"replies":[{"embeddable":true,"href":"https:\/\/www.automakers.cz\/index.php?rest_route=%2Fwp%2Fv2%2Fcomments&post=21854"}],"version-history":[{"count":5,"href":"https:\/\/www.automakers.cz\/index.php?rest_route=\/wp\/v2\/posts\/21854\/revisions"}],"predecessor-version":[{"id":21868,"href":"https:\/\/www.automakers.cz\/index.php?rest_route=\/wp\/v2\/posts\/21854\/revisions\/21868"}],"wp:featuredmedia":[{"embeddable":true,"href":"https:\/\/www.automakers.cz\/index.php?rest_route=\/wp\/v2\/media\/21855"}],"wp:attachment":[{"href":"https:\/\/www.automakers.cz\/index.php?rest_route=%2Fwp%2Fv2%2Fmedia&parent=21854"}],"wp:term":[{"taxonomy":"category","embeddable":true,"href":"https:\/\/www.automakers.cz\/index.php?rest_route=%2Fwp%2Fv2%2Fcategories&post=21854"},{"taxonomy":"post_tag","embeddable":true,"href":"https:\/\/www.automakers.cz\/index.php?rest_route=%2Fwp%2Fv2%2Ftags&post=21854"}],"curies":[{"name":"wp","href":"https:\/\/api.w.org\/{rel}","templated":true}]}}