{"id":2186,"date":"2024-02-15T08:35:01","date_gmt":"2024-02-15T08:35:01","guid":{"rendered":"https:\/\/www.automakers.cz\/?p=2186"},"modified":"2024-02-15T08:35:53","modified_gmt":"2024-02-15T08:35:53","slug":"continental-zrusi-7150-pracovnich-mist","status":"publish","type":"post","link":"https:\/\/www.automakers.cz\/?p=2186","title":{"rendered":"Continental zru\u0161\u00ed 7150 pracovn\u00edch m\u00edst"},"content":{"rendered":"<div class=\"ogm-container _6231b388c0086990921bf42b\">\n<div class=\"g_gg\" data-e2e=\"ogm-article-layout\">\n<article class=\"g_gi\" role=\"article\" aria-labelledby=\"accessibility-article\">\n<div class=\"g_gh\" data-dot=\"ogm-article-content\">\n<div class=\"e_dX e_d7\">\n<div class=\"e_aW speakable\" data-dot=\"mol-paragraph\">\n<p class=\"c_aW\"><strong><span class=\"c_ek\">V\u00fdrobce automobilov\u00fdch d\u00edl\u016f Continental, kter\u00fd p\u016fsob\u00ed i v \u010cesk\u00e9 republice, hodl\u00e1 v r\u00e1mci \u00fasporn\u00e9ho programu zru\u0161it kolem 7150 pracovn\u00edch m\u00edst ve sv\u00fdch automobilov\u00fdch aktivit\u00e1ch. Firma to ozn\u00e1mila v dne\u0161n\u00ed tiskov\u00e9 zpr\u00e1v\u011b. Opat\u0159en\u00ed se podle agentury DPA t\u00fdk\u00e1 v\u00edce ne\u017e t\u0159\u00ed procent celkov\u00e9 pracovn\u00ed s\u00edly podniku.<\/span><\/strong><\/p>\n<\/div>\n<div class=\"e_aW speakable\" data-dot=\"mol-paragraph\">\n<p class=\"c_aW\"><span class=\"c_ek\">Firma u\u017e loni v listopadu avizovala, \u017ee hodl\u00e1 ze\u0161t\u00edhlen\u00edm administrativy dos\u00e1hnout u automobilov\u00fdch aktivit \u00faspory 400 milion\u016f eur (zhruba deset miliard K\u010d) ro\u010dn\u011b. Uvedla tehdy, \u017ee v t\u00e9to souvislosti po\u010d\u00edt\u00e1 se zru\u0161en\u00edm tis\u00edc\u016f pracovn\u00edch m\u00edst, p\u0159esn\u00fd rozsah propou\u0161t\u011bn\u00ed v\u0161ak neposkytla.<\/span><\/p>\n<\/div>\n<div class=\"e_aW speakable\" data-dot=\"mol-paragraph\">\n<p class=\"c_aW\"><span class=\"c_ek\">V dne\u0161n\u00ed zpr\u00e1v\u011b firma ozn\u00e1mila, \u017ee pl\u00e1nuje zru\u0161it kolem 5400\u00a0pracovn\u00edch m\u00edst v\u00a0administrativ\u011b a\u00a0dal\u0161\u00edch zhruba 1750\u00a0pracovn\u00edch m\u00edst ve v\u00fdzkumu a\u00a0v\u00fdvoji.<\/span><\/p>\n<\/div>\n<div class=\"e_aW speakable\" data-dot=\"mol-paragraph\">\n<p class=\"c_aW\"><span class=\"c_ek\">Continental se prost\u0159ednictv\u00edm \u00fasporn\u00fdch opat\u0159en\u00ed sna\u017e\u00ed pos\u00edlil konkurenceschopnost sv\u00fdch automobilov\u00fdch aktivit v dob\u011b, kdy odv\u011btv\u00ed p\u0159ech\u00e1z\u00ed od vozidel se spalovac\u00edm motorem k elektromobil\u016fm. Automobilov\u00e9 aktivity Continentalu nezahrnuj\u00ed v\u00fdrobu pneumatik, kter\u00e1 tvo\u0159\u00ed samostatnou divizi.<\/span><\/p>\n<\/div>\n<div class=\"e_aW speakable\" data-dot=\"mol-paragraph\">\n<p class=\"c_aW\"><span class=\"c_ek\">Continental v roce 1993 koupil otrokovick\u00e9ho v\u00fdrobce pneumatik Barum a v sou\u010dasnosti m\u00e1 v \u010cesk\u00e9 republice n\u011bkolik v\u00fdrobn\u00edch z\u00e1vod\u016f. Krom\u011b pneumatik v tuzemsku vyr\u00e1b\u00ed tak\u00e9 nap\u0159\u00edklad posilova\u010de brzd, brzdov\u00e9 hadice \u010di palubn\u00ed p\u0159\u00edstroje a displeje.<\/span><\/p>\n<\/div>\n<\/div>\n<\/div>\n<\/article>\n<\/div>\n<\/div>\n<p><!--more--><\/p>\n","protected":false},"excerpt":{"rendered":"<p>V\u00fdrobce automobilov\u00fdch d\u00edl\u016f Continental, kter\u00fd p\u016fsob\u00ed i v \u010cesk\u00e9 republice, hodl\u00e1 v r\u00e1mci \u00fasporn\u00e9ho programu&#8230;<\/p>\n","protected":false},"author":1,"featured_media":1791,"comment_status":"closed","ping_status":"closed","sticky":false,"template":"","format":"standard","meta":{"footnotes":""},"categories":[23,31],"tags":[],"class_list":["post-2186","post","type-post","status-publish","format-standard","has-post-thumbnail","hentry","category-dodavatele","category-news"],"_links":{"self":[{"href":"https:\/\/www.automakers.cz\/index.php?rest_route=\/wp\/v2\/posts\/2186","targetHints":{"allow":["GET"]}}],"collection":[{"href":"https:\/\/www.automakers.cz\/index.php?rest_route=\/wp\/v2\/posts"}],"about":[{"href":"https:\/\/www.automakers.cz\/index.php?rest_route=\/wp\/v2\/types\/post"}],"author":[{"embeddable":true,"href":"https:\/\/www.automakers.cz\/index.php?rest_route=\/wp\/v2\/users\/1"}],"replies":[{"embeddable":true,"href":"https:\/\/www.automakers.cz\/index.php?rest_route=%2Fwp%2Fv2%2Fcomments&post=2186"}],"version-history":[{"count":1,"href":"https:\/\/www.automakers.cz\/index.php?rest_route=\/wp\/v2\/posts\/2186\/revisions"}],"predecessor-version":[{"id":2187,"href":"https:\/\/www.automakers.cz\/index.php?rest_route=\/wp\/v2\/posts\/2186\/revisions\/2187"}],"wp:featuredmedia":[{"embeddable":true,"href":"https:\/\/www.automakers.cz\/index.php?rest_route=\/wp\/v2\/media\/1791"}],"wp:attachment":[{"href":"https:\/\/www.automakers.cz\/index.php?rest_route=%2Fwp%2Fv2%2Fmedia&parent=2186"}],"wp:term":[{"taxonomy":"category","embeddable":true,"href":"https:\/\/www.automakers.cz\/index.php?rest_route=%2Fwp%2Fv2%2Fcategories&post=2186"},{"taxonomy":"post_tag","embeddable":true,"href":"https:\/\/www.automakers.cz\/index.php?rest_route=%2Fwp%2Fv2%2Ftags&post=2186"}],"curies":[{"name":"wp","href":"https:\/\/api.w.org\/{rel}","templated":true}]}}