{"id":2189,"date":"2024-02-15T08:34:43","date_gmt":"2024-02-15T08:34:43","guid":{"rendered":"https:\/\/www.automakers.cz\/?p=2189"},"modified":"2024-02-15T08:34:43","modified_gmt":"2024-02-15T08:34:43","slug":"bmw-chysta-debrecin-na-neue-klasse","status":"publish","type":"post","link":"https:\/\/www.automakers.cz\/?p=2189","title":{"rendered":"BMW chyst\u00e1 Debrec\u00edn na Neue Klasse"},"content":{"rendered":"<p><strong>Zam\u011bstnanci budouc\u00ed tov\u00e1rny v ma\u010farsk\u00e9m Debrec\u00ednu se p\u0159est\u011bhovali do centr\u00e1ln\u00edho Komunika\u010dn\u00edho centra, kde spojuj\u00ed sv\u00e9 s\u00edly p\u0159i posledn\u00edm \u00faseku v\u00fdstavby p\u0159ed ofici\u00e1ln\u00edm spu\u0161t\u011bn\u00edm s\u00e9riov\u00e9 v\u00fdroby voz\u016f z nov\u00e9 rodiny NEUE KLASSE.<\/strong><!--more--><\/p>\n<p>\u0158editel tov\u00e1rny v Debrec\u00ednu Hans-Peter Kemser je spokojen\u00fd s pokrokem v\u00fdstavby:<\/p>\n<p>\u201eU\u017e za n\u011bkolik m\u011bs\u00edc\u016f se v Debrec\u00ednu rozb\u011bhne p\u0159eds\u00e9riov\u00e1 v\u00fdroba, kter\u00e1 nastav\u00ed nov\u00e9 standardy \u2013 nejen pro samotn\u00e1 vozidla, ale i pro procesy v tov\u00e1rn\u011b. Komunika\u010dn\u00ed centrum n\u00e1s podpo\u0159\u00ed vytvo\u0159en\u00edm kr\u00e1tk\u00fdch komunika\u010dn\u00edch linek a umo\u017en\u00ed efektivn\u00ed v\u00fdm\u011bnu informac\u00ed mezi v\u0161emi technologiemi.\u201c<\/p>\n<p>Architektura budovy podporuje i koncept BMW iFACTORY, kter\u00fd najde v Debrec\u00ednu sv\u00e9 pln\u00e9 uplatn\u011bn\u00ed.<\/p>\n<p>Zat\u00edmco nev\u00fdrobn\u00ed zam\u011bstnanci se u\u017e usazuj\u00ed na sv\u00fdch pracovi\u0161t\u00edch, v\u00fdrobn\u00ed person\u00e1l se p\u0159ipravuje na sv\u00e9 budouc\u00ed \u00falohy v\u00a0tov\u00e1rn\u011b v Debrec\u00ednu ve v\u00fdrobn\u00edch z\u00e1vodech BMW Group po cel\u00e9m sv\u011bt\u011b. D\u00edky tomu bude v roce 2024 zah\u00e1jen hladk\u00fd start p\u0159eds\u00e9riov\u00e9 v\u00fdroby a \u00fasp\u011b\u0161n\u00e9 s\u00e9riov\u00e9 uveden\u00ed prvn\u00edho modelu NEUE KLASSE v roce 2025.<\/p>\n<p><strong>Optimalizace koncepce centr\u00e1ln\u00ed budovy z\u00a0Lipska.<\/strong><br \/>\nKomunika\u010dn\u00ed centrum v Debrec\u00ednu, inspirovan\u00e9 centr\u00e1ln\u00ed budovou v tov\u00e1rn\u011b BMW Group Lipsko, propoj\u00ed technologie karos\u00e1rny, lakovny i mont\u00e1\u017ee. V\u00a0Debrec\u00ednu se tento z\u00e1kladn\u00ed princip d\u00e1le rozv\u00edjel vytvo\u0159en\u00edm centr\u00e1ln\u00ed budovy, kter\u00e1 se \u0159\u00edd\u00ed my\u0161lenkou vytvo\u0159en\u00ed komunika\u010dn\u00ed s\u00edt\u011b. Otev\u0159en\u00e1 architektura poskytuje prostory pro setk\u00e1v\u00e1n\u00ed i odd\u011blen\u00e1 pracovi\u0161t\u011b. Dvojpodla\u017en\u00ed Komunika\u010dn\u00ed centrum m\u00e1 rozlohu p\u0159ibli\u017en\u011b 19 000 metr\u016f \u010dtvere\u010dn\u00edch, z nich\u017e p\u0159ibli\u017en\u011b polovinu zab\u00edraj\u00ed kancel\u00e1\u0159sk\u00e9 prostory.<\/p>\n<p>Okolo administrativn\u00ed oblasti se nach\u00e1zej\u00ed t\u0159i hlavn\u00ed v\u00fdrobn\u00ed oblasti. Komunika\u010dn\u00ed centrum je nejen m\u00edstem, kde se potk\u00e1vaj\u00ed kolegov\u00e9, ale i lid\u00e9 z\u00a0odd\u011blen\u00ed produktu. Z karos\u00e1rny, kter\u00e1 soused\u00ed s administrativn\u00ed budovou vpravo, se budou p\u0159es Komunika\u010dn\u00ed centrum do lakovny na dopravn\u00edkov\u00e9m p\u00e1su, viditeln\u00e9m nad hlavami lid\u00ed, dopravovat nenalakovan\u00e9 karos\u00e9rie. Odtud se nalakovan\u00e9 p\u0159evezou zp\u011bt p\u0159es administrativn\u00ed budovu ve v\u00fd\u0161ce v\u00edce ne\u017e 12 metr\u016f na fin\u00e1ln\u00ed mont\u00e1\u017e, kter\u00e1 se nach\u00e1z\u00ed vlevo. To znamen\u00e1, \u017ee i ka\u017ed\u00fd, kdo nepracuje p\u0159\u00edmo ve v\u00fdrob\u011b, m\u016f\u017ee produkt st\u00e1le vid\u011bt.<\/p>\n<p>Multifunk\u010dn\u00ed restauraci lze vyu\u017e\u00edt i na setk\u00e1v\u00e1n\u00ed mimo \u010das ur\u010den\u00fd k j\u00eddlu. Nach\u00e1z\u00ed se v p\u0159\u00edzem\u00ed spolu s centr\u00e1ln\u00edm obchodem a zdravotn\u00edm st\u0159ediskem. Na horn\u00edm poschod\u00ed jsou um\u00edst\u011bn\u00e9 kancel\u00e1\u0159e.<\/p>\n<p><strong>Architektonick\u00fd koncept zalo\u017een\u00fd na principech BMW iFACTORY.<\/strong><br \/>\nVelkou roli p\u0159i v\u00fdstavb\u011b tov\u00e1rny hraje digitalizace \u2013 virtu\u00e1ln\u00ed start v\u00fdroby digit\u00e1ln\u00edho dvoj\u010dete tov\u00e1rny Debrec\u00edn se odehr\u00e1l ji\u017e v b\u0159eznu 2023. V\u00fdznam digitalizace odr\u00e1\u017e\u00ed i vybaven\u00ed Komunika\u010dn\u00edho centra. Zasedac\u00ed m\u00edstnosti dostaly modern\u00ed digit\u00e1ln\u00ed prvky, kter\u00e9 umo\u017e\u0148uj\u00ed virtu\u00e1ln\u00ed spolupr\u00e1ci v r\u00e1mci z\u00e1vodu, mimo n\u011bj.<\/p>\n<p>Princip BMW iFACTORY se dostal u\u017e do f\u00e1ze pl\u00e1nov\u00e1n\u00ed. 5G technologie se pou\u017e\u00edv\u00e1 v cel\u00e9m are\u00e1lu a pap\u00edr se v tov\u00e1rn\u011b v Debrec\u00ednu vyskytuje jen z\u0159\u00eddka \u2013 tov\u00e1rna ho prakticky nebude pou\u017e\u00edvat.<\/p>\n<p>K ostatn\u00edm zdroj\u016fm budou zam\u011bstnanci i vlastn\u00ed tov\u00e1rna tak\u00e9 p\u0159istupovat velmi \u0161etrn\u011b. P\u0159i v\u00fdb\u011bru n\u00e1bytku dostaly p\u0159ednost snadno recyklovateln\u00e9 materi\u00e1ly s\u00a0rozs\u00e1hl\u00fdm pou\u017eit\u00edm d\u0159eva. Tov\u00e1rna v Debrec\u00ednu bude fungovat pln\u011b bez fosiln\u00edch paliv.<\/p>\n<p><strong>Zdroj: BMW Press Centrum<\/strong><\/p>\n","protected":false},"excerpt":{"rendered":"<p>Zam\u011bstnanci budouc\u00ed tov\u00e1rny v ma\u010farsk\u00e9m Debrec\u00ednu se p\u0159est\u011bhovali do centr\u00e1ln\u00edho Komunika\u010dn\u00edho centra, kde spojuj\u00ed sv\u00e9&#8230;<\/p>\n","protected":false},"author":1,"featured_media":2190,"comment_status":"closed","ping_status":"closed","sticky":false,"template":"","format":"standard","meta":{"footnotes":""},"categories":[18],"tags":[],"class_list":["post-2189","post","type-post","status-publish","format-standard","has-post-thumbnail","hentry","category-vyroba"],"_links":{"self":[{"href":"https:\/\/www.automakers.cz\/index.php?rest_route=\/wp\/v2\/posts\/2189","targetHints":{"allow":["GET"]}}],"collection":[{"href":"https:\/\/www.automakers.cz\/index.php?rest_route=\/wp\/v2\/posts"}],"about":[{"href":"https:\/\/www.automakers.cz\/index.php?rest_route=\/wp\/v2\/types\/post"}],"author":[{"embeddable":true,"href":"https:\/\/www.automakers.cz\/index.php?rest_route=\/wp\/v2\/users\/1"}],"replies":[{"embeddable":true,"href":"https:\/\/www.automakers.cz\/index.php?rest_route=%2Fwp%2Fv2%2Fcomments&post=2189"}],"version-history":[{"count":2,"href":"https:\/\/www.automakers.cz\/index.php?rest_route=\/wp\/v2\/posts\/2189\/revisions"}],"predecessor-version":[{"id":2192,"href":"https:\/\/www.automakers.cz\/index.php?rest_route=\/wp\/v2\/posts\/2189\/revisions\/2192"}],"wp:featuredmedia":[{"embeddable":true,"href":"https:\/\/www.automakers.cz\/index.php?rest_route=\/wp\/v2\/media\/2190"}],"wp:attachment":[{"href":"https:\/\/www.automakers.cz\/index.php?rest_route=%2Fwp%2Fv2%2Fmedia&parent=2189"}],"wp:term":[{"taxonomy":"category","embeddable":true,"href":"https:\/\/www.automakers.cz\/index.php?rest_route=%2Fwp%2Fv2%2Fcategories&post=2189"},{"taxonomy":"post_tag","embeddable":true,"href":"https:\/\/www.automakers.cz\/index.php?rest_route=%2Fwp%2Fv2%2Ftags&post=2189"}],"curies":[{"name":"wp","href":"https:\/\/api.w.org\/{rel}","templated":true}]}}