{"id":2193,"date":"2024-02-15T08:41:53","date_gmt":"2024-02-15T08:41:53","guid":{"rendered":"https:\/\/www.automakers.cz\/?p=2193"},"modified":"2024-02-15T10:04:14","modified_gmt":"2024-02-15T10:04:14","slug":"znacka-mg-s-novym-fleet-manazerem","status":"publish","type":"post","link":"https:\/\/www.automakers.cz\/?p=2193","title":{"rendered":"Zna\u010dka MG s nov\u00fdm fleet mana\u017eerem"},"content":{"rendered":"<p><strong>Nov\u00fd import zna\u010dky MG person\u00e1ln\u011b zbroj\u00ed na leto\u0161n\u00ed expanzi. Krom\u011b nov\u00e9ho obchodn\u00edho \u0159editele a t\u00fdmu specialist\u016f pro rozvoj dealersk\u00e9 s\u00edt\u011b se posilou zna\u010dky stal nov\u00fd Fleet Manager MG.<\/strong><!--more--><\/p>\n<p>Ji\u0159\u00ed Forman do MG p\u0159ich\u00e1z\u00ed z\u00a0vrcholn\u00e9 pozice od v\u00fdznamn\u00e9ho fleetov\u00e9ho zadavatele na \u010desk\u00e9m trhu a zodpov\u011bdn\u00fd bude za kompletn\u00ed rozvoj oblasti, kter\u00e1 pro MG hraje st\u00e1le v\u00fdrazn\u011bj\u0161\u00ed roli.<\/p>\n<p>\u201ePrioritou je pro n\u00e1s samotn\u00e9 nastaven\u00ed vztah\u016f nejen s\u00a0velkoodb\u011brateli a leasingov\u00fdmi oper\u00e1tory, ale tak\u00e9 nastaven\u00ed samotn\u00fdch fleetov\u00fdch podm\u00ednek na stran\u011b dovozce i jednotliv\u00fdch dealer\u016f\u201c, \u0159\u00edk\u00e1 Jirka Forman.<\/p>\n<p>\u201eVelkou p\u0159\u00edle\u017eitost vid\u00edme v na\u0161\u00ed nab\u00eddce elektrifikovan\u00fdch voz\u016f, kter\u00e1 se bude d\u00e1le roz\u0161i\u0159ovat. Za nedlouho budeme moct nab\u00eddnout cel\u00e9 portfolio voz\u016f a pohon\u016f od hybridu p\u0159es plug-in a\u017e po n\u011bkolik \u010dist\u011b elektrick\u00fdch model\u016f. S\u00e1m jsem velmi mile p\u0159ekvapen\u00fd, jak pozitivn\u011b jednotliv\u00ed z\u00e1kazn\u00edci z \u0159ad velkoodb\u011bratel\u016f pozitivn\u011b reaguj\u00ed na nab\u00eddku zna\u010dky MG. V\u00fdhodou je vynikaj\u00edc\u00ed kvalita, technologie, tov\u00e1rn\u00ed z\u00e1ruka na 7 let nebo tak\u00e9 nem\u00e9n\u011b d\u016fle\u017eit\u00e9 dopl\u0148kov\u00e9 slu\u017eby jako je nap\u0159\u00edklad syst\u00e9m z\u00e1kaznick\u00e9ho zna\u010dkov\u00e9ho nab\u00edjen\u00ed MG CHARGE\u201c, dod\u00e1v\u00e1 Forman.<\/p>\n<p><strong>Zdroj: MG, Marek Vodi\u010dka<\/strong><\/p>\n","protected":false},"excerpt":{"rendered":"<p>Nov\u00fd import zna\u010dky MG person\u00e1ln\u011b zbroj\u00ed na leto\u0161n\u00ed expanzi. Krom\u011b nov\u00e9ho obchodn\u00edho \u0159editele a t\u00fdmu&#8230;<\/p>\n","protected":false},"author":1,"featured_media":2194,"comment_status":"closed","ping_status":"closed","sticky":false,"template":"","format":"standard","meta":{"footnotes":""},"categories":[15,6,5],"tags":[],"class_list":["post-2193","post","type-post","status-publish","format-standard","has-post-thumbnail","hentry","category-fleety","category-management","category-personalie"],"_links":{"self":[{"href":"https:\/\/www.automakers.cz\/index.php?rest_route=\/wp\/v2\/posts\/2193","targetHints":{"allow":["GET"]}}],"collection":[{"href":"https:\/\/www.automakers.cz\/index.php?rest_route=\/wp\/v2\/posts"}],"about":[{"href":"https:\/\/www.automakers.cz\/index.php?rest_route=\/wp\/v2\/types\/post"}],"author":[{"embeddable":true,"href":"https:\/\/www.automakers.cz\/index.php?rest_route=\/wp\/v2\/users\/1"}],"replies":[{"embeddable":true,"href":"https:\/\/www.automakers.cz\/index.php?rest_route=%2Fwp%2Fv2%2Fcomments&post=2193"}],"version-history":[{"count":2,"href":"https:\/\/www.automakers.cz\/index.php?rest_route=\/wp\/v2\/posts\/2193\/revisions"}],"predecessor-version":[{"id":2203,"href":"https:\/\/www.automakers.cz\/index.php?rest_route=\/wp\/v2\/posts\/2193\/revisions\/2203"}],"wp:featuredmedia":[{"embeddable":true,"href":"https:\/\/www.automakers.cz\/index.php?rest_route=\/wp\/v2\/media\/2194"}],"wp:attachment":[{"href":"https:\/\/www.automakers.cz\/index.php?rest_route=%2Fwp%2Fv2%2Fmedia&parent=2193"}],"wp:term":[{"taxonomy":"category","embeddable":true,"href":"https:\/\/www.automakers.cz\/index.php?rest_route=%2Fwp%2Fv2%2Fcategories&post=2193"},{"taxonomy":"post_tag","embeddable":true,"href":"https:\/\/www.automakers.cz\/index.php?rest_route=%2Fwp%2Fv2%2Ftags&post=2193"}],"curies":[{"name":"wp","href":"https:\/\/api.w.org\/{rel}","templated":true}]}}