{"id":2199,"date":"2024-02-15T09:15:35","date_gmt":"2024-02-15T09:15:35","guid":{"rendered":"https:\/\/www.automakers.cz\/?p=2199"},"modified":"2024-02-15T09:15:35","modified_gmt":"2024-02-15T09:15:35","slug":"vanecek-povysil-v-aures-holdings","status":"publish","type":"post","link":"https:\/\/www.automakers.cz\/?p=2199","title":{"rendered":"Van\u011b\u010dek pov\u00fd\u0161il v AURES Holdings"},"content":{"rendered":"<p class=\"v1MsoNormal\"><b>AURES Holdings, kter\u00e1 provozuje s\u00ed\u0165 autocenter AAA AUTO, Mototechna, Auto Diskont a Driverama, jmenovala do pozice co-CEO Petra Van\u011b\u010dka, kter\u00fd dosud p\u016fsobil na pozici provozn\u00edho \u0159editele. Co bude s Karol\u00ednou Topolovou? <\/b><!--more--><\/p>\n<p class=\"v1MsoNormal\">Petr Van\u011b\u010dek bude na pozici gener\u00e1ln\u00edho \u0159editele p\u016fsobit s Karol\u00ednou Topolovou. Skupina tak chce je\u0161t\u011b v\u00edce podpo\u0159it r\u016fst skupiny i jej\u00ed geografickou expanzi. AURES za lo\u0148sk\u00fd rok prodal bezm\u00e1la 100 tis\u00edc voz\u016f a p\u016fsob\u00ed na \u0161edes\u00e1ti m\u00edstech v p\u011bti zem\u00edch.<\/p>\n<p class=\"v1MsoNormal\"><i>\u201eRoz\u0161\u00ed\u0159en\u00ed nejvy\u0161\u0161\u00edho veden\u00ed spole\u010dnosti je reakc\u00ed na n\u00e1\u0161 r\u016fst, expanzi, digit\u00e1ln\u00ed transformaci a je\u0161t\u011b v\u011bt\u0161\u00ed d\u016fraz na z\u00e1kaznickou spokojenost. Rozhodli jsme se proto slo\u017een\u00ed top managementu pos\u00edlit, abychom rozvoji spole\u010dnosti dali nov\u00fd impuls. Budeme pokra\u010dovat i dal\u0161\u00edmi zm\u011bnami v\u00a0organiza\u010dn\u00ed struktu\u0159e spole\u010dnosti, kde chceme d\u00e1t v\u011bt\u0161\u00ed prostor k\u00a0r\u016fstu dal\u0161\u00edm top mana\u017eer\u016fm,&#8220;<\/i>\u00a0uvedla spole\u010dn\u00e1 gener\u00e1ln\u00ed \u0159editelka a p\u0159edsedkyn\u011b p\u0159edstavenstva AURES Holdings Karol\u00edna Topolov\u00e1.<\/p>\n<p><img loading=\"lazy\" decoding=\"async\" class=\"alignnone size-full wp-image-1397\" src=\"http:\/\/www.automakers.cz\/wp-content\/uploads\/2024\/01\/Topolova-AAA-e1530012328982.jpg\" alt=\"\" width=\"500\" height=\"333\" \/><\/p>\n<p class=\"v1MsoNormal\"><strong>Karol\u00edna Topolov\u00e1<\/strong> se bude nad\u00e1le v\u011bnovat strategick\u00e9mu \u0159\u00edzen\u00ed spole\u010dnosti a jej\u00edch obchodn\u00edch aktivit, \u0159\u00edzen\u00ed vztah\u016f s\u00a0investory a partnery, ESG, HR, z\u00e1kaznick\u00e9ho centra, marketingu, komunikace a backoffice. Do kompetenc\u00ed Petra Van\u011b\u010dka bude spadat v\u00fdkonn\u00e9 \u0159\u00edzen\u00ed spole\u010dnosti a obchodu, Mototechna Group (\u0159e\u0161en\u00ed mobility pro priv\u00e1tn\u00ed z\u00e1kazn\u00edky i mal\u00e9 a st\u0159edn\u00ed firmy), digitalizace, inovace, IT, data management a rozvoj pobo\u010dkov\u00e9 s\u00edt\u011b. Jeho \u00fakolem bude i pokra\u010dov\u00e1n\u00ed geografick\u00e9 expanze firmy se zam\u011b\u0159en\u00edm na rozvoj na polsk\u00e9m trhu.<\/p>\n<p class=\"v1MsoNormal\"><i>\u201eT\u011b\u0161\u00edm se na svoji novou roli, ve kter\u00e9 se na nejvy\u0161\u0161\u00ed \u00farovni pod\u011bl\u00edm o kompetence se svoj\u00ed dlouholetou kolegyn\u00ed Karol\u00ednou Topolovou, se kterou n\u00e1s poj\u00ed 25 let \u00fasp\u011b\u0161n\u00e9 spolupr\u00e1ce. D\u00edky tomu, \u017ee \u010d\u00e1st provozn\u00edch mana\u017eersk\u00fdch kompetenc\u00ed p\u0159ed\u00e1m nov\u00e9mu mana\u017eersk\u00e9mu t\u00fdmu, budu se moci v\u00edce soust\u0159edit na z\u00e1sadn\u00ed rozhodnut\u00ed t\u00fdkaj\u00edc\u00ed se obchodn\u00ed strategie a projekty inovac\u00ed a digitalizace. D\u00edky digitalizaci jsme se stali st\u0159edoevropsk\u00fdmi l\u00eddry v\u00a0na\u0161em oboru a dos\u00e1hli \u0161k\u00e1lovatelnosti na\u0161eho obchodn\u00edho modelu i v\u00a0jin\u00fdch zem\u00edch,&#8220;<\/i>\u00a0uvedl nov\u00fd gener\u00e1ln\u00ed spolu\u0159editel AURES Holdings a \u010dlen p\u0159edstavenstva Petr Van\u011b\u010dek. Petr Van\u011b\u010dek letos oslav\u00ed 25 let sv\u00e9ho p\u016fsoben\u00ed ve spole\u010dnosti. Podobn\u011b jako Karol\u00edna Topolov\u00e1 pro\u0161el ve spole\u010dnosti \u0159adou pozic, v\u00a0jeho p\u0159\u00edpad\u011b od \u0159\u00edzen\u00ed z\u00e1kaznick\u00e9ho centra p\u0159es \u0161\u00e9fa v\u00fdkupu a\u017e k\u00a0provozn\u00edmu \u0159editeli.<\/p>\n<p class=\"v1MsoNormal\">Roz\u0161\u00ed\u0159en\u00ed nejvy\u0161\u0161\u00edho veden\u00ed AURES Holdings o pozici co-CEO (spole\u010dn\u00e9ho gener\u00e1ln\u00edho \u0159editele) je prvn\u00ed f\u00e1z\u00ed organiza\u010dn\u00edch zm\u011bn v\u00a0top managementu spole\u010dnosti, kter\u00e9 budou n\u00e1sledovat v\u00a0nejbli\u017e\u0161\u00ed dob\u011b. Jejich c\u00edlem je pos\u00edlit \u0159\u00edzen\u00ed firmy v\u00a0dob\u011b jej\u00edho rychl\u00e9ho r\u016fstu a pl\u00e1novan\u00e9 expanze zejm\u00e9na na polsk\u00e9m trhu. Skupina AURES Holdings loni dos\u00e1hla nejlep\u0161\u00edho prodejn\u00edho v\u00fdsledku ve sv\u00e9 historii, kdy\u017e celkov\u011b prodala bezm\u00e1la 100 tis\u00edc voz\u016f.<\/p>\n<p><strong>25 let v autobazaru<\/strong><\/p>\n<p class=\"v1MsoNormal\">Petr Van\u011b\u010dek ve spole\u010dnosti AURES Holdings za\u010dal p\u016fsobit p\u0159ed 25 lety, v\u00a0roce 1999. V\u00a0letech 2015\u20132016 p\u016fsobil na pozici viceprezidenta spole\u010dnosti a od roku 2014 a\u017e do jmenov\u00e1n\u00ed co-CEO byl jej\u00edm provozn\u00edm \u0159editelem. Je tak\u00e9 \u010dlenem p\u0159edstavenstva. B\u011bhem sv\u00e9ho p\u016fsoben\u00ed na pozici provozn\u00edho \u0159editele provedl spole\u010dnost \u00fasp\u011b\u0161n\u011b \u00e9rou digitalizace a transformoval spole\u010dnost do pozice technologick\u00e9ho leadera ve sv\u00e9m segmentu. Petr rovn\u011b\u017e stoj\u00ed za \u00fasp\u011bchem rozvoje zna\u010dky Mototechna, prodejce z\u00e1novn\u00edch voz\u016f a poskytovatele \u0159e\u0161en\u00ed mobility. Petr Van\u011b\u010dek je \u017eenat\u00fd a m\u00e1 dv\u011b d\u011bti.<\/p>\n<div class=\"v1gmail_signature\" dir=\"ltr\">\n<div dir=\"ltr\">\n<div>\n<div dir=\"ltr\">\n<p><strong>Martin Moc, Senior Media Relations Specialist<\/strong><\/p>\n<p><img loading=\"lazy\" decoding=\"async\" class=\"alignnone size-full wp-image-1396\" src=\"http:\/\/www.automakers.cz\/wp-content\/uploads\/2024\/01\/AAA_AUTO_ULA-5-678x381-1.jpeg\" alt=\"\" width=\"678\" height=\"381\" \/><\/p>\n<p>&nbsp;<\/p>\n<\/div>\n<\/div>\n<\/div>\n<\/div>\n","protected":false},"excerpt":{"rendered":"<p>AURES Holdings, kter\u00e1 provozuje s\u00ed\u0165 autocenter AAA AUTO, Mototechna, Auto Diskont a Driverama, jmenovala do&#8230;<\/p>\n","protected":false},"author":1,"featured_media":2200,"comment_status":"closed","ping_status":"closed","sticky":false,"template":"","format":"standard","meta":{"footnotes":""},"categories":[55,6,5],"tags":[],"class_list":["post-2199","post","type-post","status-publish","format-standard","has-post-thumbnail","hentry","category-bazary","category-management","category-personalie"],"_links":{"self":[{"href":"https:\/\/www.automakers.cz\/index.php?rest_route=\/wp\/v2\/posts\/2199","targetHints":{"allow":["GET"]}}],"collection":[{"href":"https:\/\/www.automakers.cz\/index.php?rest_route=\/wp\/v2\/posts"}],"about":[{"href":"https:\/\/www.automakers.cz\/index.php?rest_route=\/wp\/v2\/types\/post"}],"author":[{"embeddable":true,"href":"https:\/\/www.automakers.cz\/index.php?rest_route=\/wp\/v2\/users\/1"}],"replies":[{"embeddable":true,"href":"https:\/\/www.automakers.cz\/index.php?rest_route=%2Fwp%2Fv2%2Fcomments&post=2199"}],"version-history":[{"count":2,"href":"https:\/\/www.automakers.cz\/index.php?rest_route=\/wp\/v2\/posts\/2199\/revisions"}],"predecessor-version":[{"id":2202,"href":"https:\/\/www.automakers.cz\/index.php?rest_route=\/wp\/v2\/posts\/2199\/revisions\/2202"}],"wp:featuredmedia":[{"embeddable":true,"href":"https:\/\/www.automakers.cz\/index.php?rest_route=\/wp\/v2\/media\/2200"}],"wp:attachment":[{"href":"https:\/\/www.automakers.cz\/index.php?rest_route=%2Fwp%2Fv2%2Fmedia&parent=2199"}],"wp:term":[{"taxonomy":"category","embeddable":true,"href":"https:\/\/www.automakers.cz\/index.php?rest_route=%2Fwp%2Fv2%2Fcategories&post=2199"},{"taxonomy":"post_tag","embeddable":true,"href":"https:\/\/www.automakers.cz\/index.php?rest_route=%2Fwp%2Fv2%2Ftags&post=2199"}],"curies":[{"name":"wp","href":"https:\/\/api.w.org\/{rel}","templated":true}]}}