{"id":2254,"date":"2024-02-19T15:46:42","date_gmt":"2024-02-19T15:46:42","guid":{"rendered":"https:\/\/www.automakers.cz\/?p=2254"},"modified":"2024-02-19T15:47:35","modified_gmt":"2024-02-19T15:47:35","slug":"seat-letos-pokracuje-s-ceskou-atletikou","status":"publish","type":"post","link":"https:\/\/www.automakers.cz\/?p=2254","title":{"rendered":"SEAT letos pokra\u010duje s \u010deskou atletikou"},"content":{"rendered":"<p><strong>\u0160\u00e9f zna\u010dky SEAT Ale\u0161 Nov\u00e1k letos pokra\u010duje ve sponzoringu \u010cesk\u00e9ho atletick\u00e9ho svazu. Chyst\u00e1 se marketingov\u011b vyu\u017e\u00edt n\u011bkolik velk\u00fdch meeting\u016f, vrcholem bude olympi\u00e1da v Pa\u0159\u00ed\u017e<\/strong>i.<!--more--><\/p>\n<p>SEAT a \u010cesk\u00fd atletick\u00fd svaz (\u010cAS) spolupracuj\u00ed 25. rokem, automobilka \u010deskou atletiku podporuje rozmanit\u00fdmi zp\u016fsoby.<\/p>\n<p>Svaz m\u00e1 od roku 1999 pro sv\u00e9 pot\u0159eby k dispozici flotilu voz\u016f SEAT a se zna\u010dkou SEAT se setk\u00e1vaj\u00ed tak\u00e9 div\u00e1ci na \u010desk\u00fdch atletick\u00fdch m\u00edtinc\u00edch a \u00fa\u010dastn\u00edci sportovn\u00edch akc\u00ed projekt\u016f Atletika pro d\u011bti a Atletika pro rodinu s doprovodn\u00fdm programem pro rodi\u010de a d\u011bti se zam\u011b\u0159en\u00edm na pohyb a z\u00e1bavu.<\/p>\n<p><img loading=\"lazy\" decoding=\"async\" class=\"alignnone size-medium wp-image-2258\" src=\"http:\/\/www.automakers.cz\/wp-content\/uploads\/2024\/02\/SEAT-tartan-atletika-beh-900x600.jpg\" alt=\"\" width=\"900\" height=\"600\" srcset=\"https:\/\/www.automakers.cz\/wp-content\/uploads\/2024\/02\/SEAT-tartan-atletika-beh-900x600.jpg 900w, https:\/\/www.automakers.cz\/wp-content\/uploads\/2024\/02\/SEAT-tartan-atletika-beh-1024x683.jpg 1024w, https:\/\/www.automakers.cz\/wp-content\/uploads\/2024\/02\/SEAT-tartan-atletika-beh-768x512.jpg 768w, https:\/\/www.automakers.cz\/wp-content\/uploads\/2024\/02\/SEAT-tartan-atletika-beh-1536x1024.jpg 1536w, https:\/\/www.automakers.cz\/wp-content\/uploads\/2024\/02\/SEAT-tartan-atletika-beh-2048x1366.jpg 2048w\" sizes=\"auto, (max-width: 900px) 100vw, 900px\" \/>\u201eSEAT je ji\u017e \u010dtvrt stolet\u00ed hrd\u00fdm a spolehliv\u00fdm partnerem \u010desk\u00e9 atletiky! M\u00e1m proto velkou radost, \u017ee i v\u00a0leto\u0161n\u00edm roce se budeme setk\u00e1vat na atletick\u00fdch m\u00edtinc\u00edch po cel\u00e9m \u010cesku a spole\u010dn\u011b s\u00a0fanou\u0161ky povzbuzovat nejlep\u0161\u00ed \u010desk\u00e9 atlety,\u201c\u00a0\u0159\u00edk\u00e1 Ale\u0161 Nov\u00e1k, \u0159editel divize SEAT spole\u010dnosti Porsche \u010cesk\u00e1 republika.<\/p>\n<p><img loading=\"lazy\" decoding=\"async\" class=\"alignnone size-medium wp-image-2260\" src=\"http:\/\/www.automakers.cz\/wp-content\/uploads\/2024\/02\/Ales-Novak-900x601.jpg\" alt=\"\" width=\"900\" height=\"601\" srcset=\"https:\/\/www.automakers.cz\/wp-content\/uploads\/2024\/02\/Ales-Novak-900x601.jpg 900w, https:\/\/www.automakers.cz\/wp-content\/uploads\/2024\/02\/Ales-Novak-1024x683.jpg 1024w, https:\/\/www.automakers.cz\/wp-content\/uploads\/2024\/02\/Ales-Novak-768x513.jpg 768w, https:\/\/www.automakers.cz\/wp-content\/uploads\/2024\/02\/Ales-Novak-1536x1025.jpg 1536w, https:\/\/www.automakers.cz\/wp-content\/uploads\/2024\/02\/Ales-Novak-2048x1367.jpg 2048w\" sizes=\"auto, (max-width: 900px) 100vw, 900px\" \/><\/p>\n<p>\u201eStejn\u011b jako v\u00a0mnoha na\u0161ich praktick\u00fdch, komfortn\u00edch a bezpe\u010dn\u00fdch modelech pamatujeme i v\u00a0na\u0161\u00ed podpo\u0159e \u010desk\u00e9 atletiky na rodiny s\u00a0d\u011btmi, kter\u00e9 si mohou na \u0159ad\u011b m\u00edst zasportovat v\u00a0r\u00e1mci Atletiky pro d\u011bti a pro rodinu pod veden\u00edm zku\u0161en\u00fdch tren\u00e9r\u016f, a z\u00edskat tak d\u016fle\u017eit\u00e9 dovednosti pro zdrav\u00fd a \u00fasp\u011b\u0161n\u00fd \u017eivot.\u201c<\/p>\n<p>\u201eM\u00e1me velkou radost, \u017ee na\u0161e dlouhodob\u00e1 spolupr\u00e1ce se skv\u011bl\u00fdm partnerem, jak\u00fdm je SEAT, pokra\u010duje i v\u00a0roce 2024. Leto\u0161n\u00ed atletick\u00e1 sez\u00f3na je toti\u017e nabit\u00e1 sportovn\u00edmi z\u00e1\u017eitky. Vedle z\u00e1vod\u016f, jako je mezin\u00e1rodn\u00ed halov\u00fd m\u00edtink \u010cesk\u00e9ho atletick\u00e9ho svazu \u2013\u00a0Czech Indoor Gala, kter\u00fd se letos poprv\u00e9 dostal do nejpresti\u017en\u011bj\u0161\u00ed s\u00e9rie sv\u011btov\u00e9 atletiky World Indoor Tour Gold, n\u00e1s \u010dek\u00e1 tak\u00e9 mistrovstv\u00ed republiky, halov\u00e9 mistrovstv\u00ed sv\u011bta a mistrovstv\u00ed Evropy, ale p\u0159edev\u0161\u00edm pak letn\u00ed olympijsk\u00e9 hry v\u00a0Pa\u0159\u00ed\u017ei,\u201c\u00a0\u0159\u00edk\u00e1 Libor Varhan\u00edk, p\u0159edseda \u010cesk\u00e9ho atletick\u00e9ho svazu.<\/p>\n<p>\u201eD\u00edky zna\u010dce SEAT finan\u010dn\u011b podporujeme p\u0159\u00edpravu samotn\u00fdch atlet\u016f, zvy\u0161ujeme \u00farove\u0148 dom\u00e1c\u00edch atletick\u00fdch m\u00edtink\u016f a z\u00e1vod\u016f, ale tak\u00e9 rozv\u00edj\u00edme projekty, kter\u00e9 rozpohybuj\u00ed nejen sou\u010dasnou, ale i budouc\u00ed generaci d\u011bt\u00ed. P\u0159\u00edkladem je projekt Atletika pro d\u011bti, jen\u017e prost\u0159ednictv\u00edm odd\u00edl\u016f a klub\u016f d\u00e1v\u00e1 d\u011btem mo\u017enost pravideln\u00e9ho pohybu, kter\u00fd je z\u00e1kladem zdrav\u00e9ho \u017eivotn\u00edho stylu.\u201c<\/p>\n<p><strong>S\u00e9rie Mistrovstv\u00ed \u010cR<\/strong><\/p>\n<p>SEAT se v\u00a0leto\u0161n\u00edm roce bude prezentovat jako ofici\u00e1ln\u00ed partner \u010cesk\u00e9ho atletick\u00e9ho svazu mimo jin\u00e9 v s\u00e9rii mistrovstv\u00ed \u010cesk\u00e9 republiky, kterou v\u00a0\u00fanoru odstartuje halov\u00e9 mistrovstv\u00ed \u010cR mu\u017e\u016f a \u017een v\u00a0Ostrav\u011b a v\u00a0listopadu zavr\u0161\u00ed mistrovstv\u00ed \u010cR v\u00a0p\u0159espoln\u00edm b\u011bhu mu\u017e\u016f, \u017een a junior\u016f v\u00a0Praze. Dal\u0161\u00ed atletick\u00e9 m\u00edtinky, na nich\u017e budou nejlep\u0161\u00ed \u010de\u0161t\u00ed atleti bojovat o titul mistra \u010cR, se v\u00a0roce 2024 uskute\u010dn\u00ed v\u00a0Pod\u011bbradech, Pardubic\u00edch, Zl\u00edn\u011b, Jablonci nad Nisou, T\u00e1bo\u0159e a Praze-B\u011bchovic\u00edch.<\/p>\n<p>SEAT se v souladu s dlouhodobou podporou \u010desk\u00e9 atletiky zam\u011b\u0159uje tak\u00e9 na nejmen\u0161\u00ed sportovce a rodiny s d\u011btmi, jim\u017e usnad\u0148uj\u00ed vstup do sv\u011bta atletiky a sportu \u00fasp\u011b\u0161n\u00e9 projekty Atletika pro d\u011bti a Atletika pro rodinu. Organiz\u00e1to\u0159i t\u011bchto akc\u00ed se sna\u017e\u00ed v\u00e9st d\u011bti k p\u0159irozen\u00e9mu osvojov\u00e1n\u00ed z\u00e1kladn\u00edch pohybov\u00fdch dovednost\u00ed. V\u0161estrann\u00e1 atletika zam\u011b\u0159en\u00e1 na rozmanit\u00e9 pohybov\u00e9 aktivity od b\u011bhu p\u0159es skok a\u017e po hod je pro z\u00edsk\u00e1n\u00ed z\u00e1klad\u016f zdrav\u00e9ho pohybu a v\u00fdvoje ide\u00e1ln\u00ed. Mal\u00ed sportovci se pak mohou po t\u00e9to z\u00e1kladn\u00ed atletick\u00e9 p\u0159\u00edprav\u011b rozhodnout, zda cht\u011bj\u00ed pokra\u010dovat s v\u00fdkonnostn\u00ed atletikou nebo se v\u011bnovat jin\u00e9mu sportu.<\/p>\n<p><img loading=\"lazy\" decoding=\"async\" class=\"alignnone size-medium wp-image-2257\" src=\"http:\/\/www.automakers.cz\/wp-content\/uploads\/2024\/02\/SEAT-atletika-tyc-900x600.jpg\" alt=\"\" width=\"900\" height=\"600\" srcset=\"https:\/\/www.automakers.cz\/wp-content\/uploads\/2024\/02\/SEAT-atletika-tyc-900x600.jpg 900w, https:\/\/www.automakers.cz\/wp-content\/uploads\/2024\/02\/SEAT-atletika-tyc-1024x683.jpg 1024w, https:\/\/www.automakers.cz\/wp-content\/uploads\/2024\/02\/SEAT-atletika-tyc-768x512.jpg 768w, https:\/\/www.automakers.cz\/wp-content\/uploads\/2024\/02\/SEAT-atletika-tyc-1536x1024.jpg 1536w, https:\/\/www.automakers.cz\/wp-content\/uploads\/2024\/02\/SEAT-atletika-tyc-2048x1366.jpg 2048w\" sizes=\"auto, (max-width: 900px) 100vw, 900px\" \/><\/p>\n<p><strong>Kooperace od roku 1999<\/strong><\/p>\n<p>\u010cesk\u00fd dovozce automobil\u016f SEAT uzav\u0159el prvn\u00ed partnerskou smlouvu s\u00a0\u010cesk\u00fdm atletick\u00fdm svazem v\u00a0roce 1999, ale \u00fasp\u011b\u0161n\u00e9 \u010desk\u00e9 atlety podporoval z\u00e1p\u016fj\u010dkami sv\u00fdch voz\u016f ji\u017e p\u0159ed t\u00edmto krokem. Vozy SEAT od t\u00e9 doby zaji\u0161\u0165uj\u00ed spolehlivou mobilitu v\u00fdjime\u010dn\u00fdm \u010desk\u00fdm atlet\u016fm, tren\u00e9r\u016fm a funkcion\u00e1\u0159\u016fm \u010cAS. Fanou\u0161ci atletiky se s\u00a0automobily zna\u010dky SEAT setk\u00e1vaj\u00ed tak\u00e9 na v\u00fdznamn\u00fdch atletick\u00fdch m\u00edtinc\u00edch. SEAT je rovn\u011b\u017e dlouhodob\u00fdm partnerem projekt\u016f Atletika pro d\u011bti a Atletika pro rodinu.<\/p>\n<p>Mezi nejpresti\u017en\u011bj\u0161\u00ed akce, realizovan\u00e9 doposud v\u00a0r\u00e1mci vz\u00e1jemn\u00e9 spolupr\u00e1ce zna\u010dky SEAT a \u010cesk\u00e9ho atletick\u00e9ho svazu, pat\u0159\u00ed halov\u00e9 mistrovstv\u00ed Evropy v atletice, kter\u00e9 se uskute\u010dnilo v b\u0159eznu 2015 v\u00a0Praze. Dal\u0161\u00edm v\u00fdznamn\u00fdm m\u00edtinkem byl Kontinent\u00e1ln\u00ed poh\u00e1r 2018 po\u0159\u00e1dan\u00fd v\u00a0Ostrav\u011b.<\/p>\n<p><strong>Zdroj: SEAT, Zorka Ma\u0161kov\u00e1<\/strong><\/p>\n","protected":false},"excerpt":{"rendered":"<p>\u0160\u00e9f zna\u010dky SEAT Ale\u0161 Nov\u00e1k letos pokra\u010duje ve sponzoringu \u010cesk\u00e9ho atletick\u00e9ho svazu. Chyst\u00e1 se marketingov\u011b&#8230;<\/p>\n","protected":false},"author":1,"featured_media":2256,"comment_status":"closed","ping_status":"closed","sticky":false,"template":"","format":"standard","meta":{"footnotes":""},"categories":[11,29],"tags":[],"class_list":["post-2254","post","type-post","status-publish","format-standard","has-post-thumbnail","hentry","category-importeri","category-sponzoring"],"_links":{"self":[{"href":"https:\/\/www.automakers.cz\/index.php?rest_route=\/wp\/v2\/posts\/2254","targetHints":{"allow":["GET"]}}],"collection":[{"href":"https:\/\/www.automakers.cz\/index.php?rest_route=\/wp\/v2\/posts"}],"about":[{"href":"https:\/\/www.automakers.cz\/index.php?rest_route=\/wp\/v2\/types\/post"}],"author":[{"embeddable":true,"href":"https:\/\/www.automakers.cz\/index.php?rest_route=\/wp\/v2\/users\/1"}],"replies":[{"embeddable":true,"href":"https:\/\/www.automakers.cz\/index.php?rest_route=%2Fwp%2Fv2%2Fcomments&post=2254"}],"version-history":[{"count":6,"href":"https:\/\/www.automakers.cz\/index.php?rest_route=\/wp\/v2\/posts\/2254\/revisions"}],"predecessor-version":[{"id":2264,"href":"https:\/\/www.automakers.cz\/index.php?rest_route=\/wp\/v2\/posts\/2254\/revisions\/2264"}],"wp:featuredmedia":[{"embeddable":true,"href":"https:\/\/www.automakers.cz\/index.php?rest_route=\/wp\/v2\/media\/2256"}],"wp:attachment":[{"href":"https:\/\/www.automakers.cz\/index.php?rest_route=%2Fwp%2Fv2%2Fmedia&parent=2254"}],"wp:term":[{"taxonomy":"category","embeddable":true,"href":"https:\/\/www.automakers.cz\/index.php?rest_route=%2Fwp%2Fv2%2Fcategories&post=2254"},{"taxonomy":"post_tag","embeddable":true,"href":"https:\/\/www.automakers.cz\/index.php?rest_route=%2Fwp%2Fv2%2Ftags&post=2254"}],"curies":[{"name":"wp","href":"https:\/\/api.w.org\/{rel}","templated":true}]}}