{"id":2277,"date":"2024-02-20T07:54:00","date_gmt":"2024-02-20T07:54:00","guid":{"rendered":"https:\/\/www.automakers.cz\/?p=2277"},"modified":"2024-02-20T07:55:30","modified_gmt":"2024-02-20T07:55:30","slug":"volkswagen-id-7-tourer-v-predprodeji","status":"publish","type":"post","link":"https:\/\/www.automakers.cz\/?p=2277","title":{"rendered":"Volkswagen ID.7 Tourer v p\u0159edprodeji"},"content":{"rendered":"<p><strong>Volkswagen se chyst\u00e1 na celoevropsk\u00fd p\u0159edprodej modelu ID.7 Tourer. Elektrick\u00e9 kombi m\u00e1 v mana\u017eersk\u00e9 vy\u0161\u0161\u00ed st\u0159edn\u00ed t\u0159\u00edd\u011b doplnit VW Passat.<\/strong> <!--more--><\/p>\n<p>Ob\u011b modelov\u00e9 \u0159ady se maj\u00ed vz\u00e1jemn\u011b dopl\u0148ovat a spole\u010dn\u011b pokr\u00fdvat popt\u00e1vku po v\u0161ech v\u00fdznamn\u00fdch druz\u00edch pohonu \u2013 od vozidel na benzin nebo naftu p\u0159es plug-in hybridn\u00ed pohony s dojezdem v\u00edce ne\u017e 100 kilometr\u016f (WLTP) na elekt\u0159inu a\u017e po \u010dist\u00e9 elektromobily.<\/p>\n<p>Nov\u00e9 kombi ID.7 Tourer snoub\u00ed emisn\u00ed v\u00fdhody elektromobility s dlouh\u00fdm dojezdem (a\u017e 685 km<sup>2<\/sup> podle metodiky WLTP).<\/p>\n<p><b>Siln\u00e1 vy\u0161\u0161\u00ed st\u0159edn\u00ed t\u0159\u00edda<\/b><\/p>\n<p>Imelda Labb\u00e9, \u010dlenka p\u0159edstavenstva zna\u010dky Volkswagen, odpov\u011bdn\u00e1 za podnikov\u00e9 oblasti prodeje, marketingu a poprodejn\u00edch slu\u017eeb, k\u00a0tomu \u0159\u00edk\u00e1:<\/p>\n<p>\u201eNov\u00fd model ID.7 Tourer je perfektn\u00ed kombi p\u0159edev\u0161\u00edm pro rodiny a \u0159idi\u010de, kte\u0159\u00ed cestuj\u00ed na velk\u00e9 vzd\u00e1lenosti. P\u0159esv\u011bd\u010d\u00ed velkorysou nab\u00eddkou prostoru, vysok\u00fdm komfortem a dlouh\u00fdm dojezdem na zcela elektrick\u00fd pohon!\u201c V\u00fdroba modelu ID.7 Tourer prob\u00edh\u00e1 spole\u010dn\u011b se sedany se spl\u00fdvavou z\u00e1d\u00ed ID.7 a SUV ID.4 v\u00a0n\u011bmeck\u00e9m z\u00e1vod\u011b Emden, kter\u00fd se specializuje na elektromobilitu.<\/p>\n<p><strong>Zdroj: VW, David Valenta<\/strong><\/p>\n","protected":false},"excerpt":{"rendered":"<p>Volkswagen se chyst\u00e1 na celoevropsk\u00fd p\u0159edprodej modelu ID.7 Tourer. Elektrick\u00e9 kombi m\u00e1 v mana\u017eersk\u00e9 vy\u0161\u0161\u00ed&#8230;<\/p>\n","protected":false},"author":1,"featured_media":2279,"comment_status":"closed","ping_status":"closed","sticky":false,"template":"","format":"standard","meta":{"footnotes":""},"categories":[9,12],"tags":[],"class_list":["post-2277","post","type-post","status-publish","format-standard","has-post-thumbnail","hentry","category-elektromobily","category-premiery"],"_links":{"self":[{"href":"https:\/\/www.automakers.cz\/index.php?rest_route=\/wp\/v2\/posts\/2277","targetHints":{"allow":["GET"]}}],"collection":[{"href":"https:\/\/www.automakers.cz\/index.php?rest_route=\/wp\/v2\/posts"}],"about":[{"href":"https:\/\/www.automakers.cz\/index.php?rest_route=\/wp\/v2\/types\/post"}],"author":[{"embeddable":true,"href":"https:\/\/www.automakers.cz\/index.php?rest_route=\/wp\/v2\/users\/1"}],"replies":[{"embeddable":true,"href":"https:\/\/www.automakers.cz\/index.php?rest_route=%2Fwp%2Fv2%2Fcomments&post=2277"}],"version-history":[{"count":4,"href":"https:\/\/www.automakers.cz\/index.php?rest_route=\/wp\/v2\/posts\/2277\/revisions"}],"predecessor-version":[{"id":2283,"href":"https:\/\/www.automakers.cz\/index.php?rest_route=\/wp\/v2\/posts\/2277\/revisions\/2283"}],"wp:featuredmedia":[{"embeddable":true,"href":"https:\/\/www.automakers.cz\/index.php?rest_route=\/wp\/v2\/media\/2279"}],"wp:attachment":[{"href":"https:\/\/www.automakers.cz\/index.php?rest_route=%2Fwp%2Fv2%2Fmedia&parent=2277"}],"wp:term":[{"taxonomy":"category","embeddable":true,"href":"https:\/\/www.automakers.cz\/index.php?rest_route=%2Fwp%2Fv2%2Fcategories&post=2277"},{"taxonomy":"post_tag","embeddable":true,"href":"https:\/\/www.automakers.cz\/index.php?rest_route=%2Fwp%2Fv2%2Ftags&post=2277"}],"curies":[{"name":"wp","href":"https:\/\/api.w.org\/{rel}","templated":true}]}}