{"id":2287,"date":"2024-02-20T08:14:52","date_gmt":"2024-02-20T08:14:52","guid":{"rendered":"https:\/\/www.automakers.cz\/?p=2287"},"modified":"2024-02-20T08:14:52","modified_gmt":"2024-02-20T08:14:52","slug":"skoda-prodluzuje-smlouvu-s-ceskou-cyklistikou","status":"publish","type":"post","link":"https:\/\/www.automakers.cz\/?p=2287","title":{"rendered":"\u0160koda prodlu\u017euje smlouvu s \u010deskou cyklistikou"},"content":{"rendered":"<p><strong>\u0160koda Auto podepsala novou smlouvu s \u010cesk\u00fdm svazem cyklistiky. Plat\u00ed do roku 2027 a zahrnuje partnerstv\u00ed se v\u0161emi cyklistick\u00fdmi discipl\u00ednami. Automobilka z\u016fst\u00e1v\u00e1 gener\u00e1ln\u00edm partnerem svazu a v r\u00e1mci t\u00e9to spolupr\u00e1ce poskytne cyklist\u016fm 13 voz\u016f.<\/strong> <!--more--><\/p>\n<p>V T\u00e1bo\u0159e se ji\u017e v \u00fanoru uskute\u010dnilo mistrovstv\u00ed sv\u011bta v cyklokrosu a \u0160koda Auto se zde prezentovala v roli hlavn\u00edho partnera t\u00e9to presti\u017en\u00ed akce.<\/p>\n<p>P\u0159i p\u0159\u00edle\u017eitosti prodlou\u017een\u00ed smlouvy p\u0159edal vedouc\u00ed marketingu \u010desk\u00e9ho zastoupen\u00ed \u0160koda Auto Libor \u0160ediv\u00e1k prezidentovi \u010cesk\u00e9ho svazu cyklistiky Petru Markovi celkem 13 partnersk\u00fdch voz\u016f \u0160koda.<\/p>\n<p>&nbsp;<\/p>\n<p>&nbsp;<\/p>\n<table border=\"0\" cellspacing=\"0\" cellpadding=\"0\">\n<tbody>\n<tr>\n<td class=\"xmprfx_dark-text\" align=\"left\" data-edit-id=\"22\"><\/td>\n<\/tr>\n<\/tbody>\n<\/table>\n","protected":false},"excerpt":{"rendered":"<p>\u0160koda Auto podepsala novou smlouvu s \u010cesk\u00fdm svazem cyklistiky. Plat\u00ed do roku 2027 a zahrnuje&#8230;<\/p>\n","protected":false},"author":1,"featured_media":2289,"comment_status":"closed","ping_status":"closed","sticky":false,"template":"","format":"standard","meta":{"footnotes":""},"categories":[29],"tags":[],"class_list":["post-2287","post","type-post","status-publish","format-standard","has-post-thumbnail","hentry","category-sponzoring"],"_links":{"self":[{"href":"https:\/\/www.automakers.cz\/index.php?rest_route=\/wp\/v2\/posts\/2287","targetHints":{"allow":["GET"]}}],"collection":[{"href":"https:\/\/www.automakers.cz\/index.php?rest_route=\/wp\/v2\/posts"}],"about":[{"href":"https:\/\/www.automakers.cz\/index.php?rest_route=\/wp\/v2\/types\/post"}],"author":[{"embeddable":true,"href":"https:\/\/www.automakers.cz\/index.php?rest_route=\/wp\/v2\/users\/1"}],"replies":[{"embeddable":true,"href":"https:\/\/www.automakers.cz\/index.php?rest_route=%2Fwp%2Fv2%2Fcomments&post=2287"}],"version-history":[{"count":2,"href":"https:\/\/www.automakers.cz\/index.php?rest_route=\/wp\/v2\/posts\/2287\/revisions"}],"predecessor-version":[{"id":6103,"href":"https:\/\/www.automakers.cz\/index.php?rest_route=\/wp\/v2\/posts\/2287\/revisions\/6103"}],"wp:featuredmedia":[{"embeddable":true,"href":"https:\/\/www.automakers.cz\/index.php?rest_route=\/wp\/v2\/media\/2289"}],"wp:attachment":[{"href":"https:\/\/www.automakers.cz\/index.php?rest_route=%2Fwp%2Fv2%2Fmedia&parent=2287"}],"wp:term":[{"taxonomy":"category","embeddable":true,"href":"https:\/\/www.automakers.cz\/index.php?rest_route=%2Fwp%2Fv2%2Fcategories&post=2287"},{"taxonomy":"post_tag","embeddable":true,"href":"https:\/\/www.automakers.cz\/index.php?rest_route=%2Fwp%2Fv2%2Ftags&post=2287"}],"curies":[{"name":"wp","href":"https:\/\/api.w.org\/{rel}","templated":true}]}}