{"id":23120,"date":"2026-07-08T10:43:14","date_gmt":"2026-07-08T10:43:14","guid":{"rendered":"https:\/\/www.automakers.cz\/?p=23120"},"modified":"2026-07-08T10:43:14","modified_gmt":"2026-07-08T10:43:14","slug":"peugeot-letos-boduje-ve-fleetovych-tendrech-na-luv","status":"publish","type":"post","link":"https:\/\/www.automakers.cz\/?p=23120","title":{"rendered":"Peugeot letos boduje ve fleetov\u00fdch tendrech na LUV"},"content":{"rendered":"<p><strong>V prvn\u00edm pololet\u00ed 2026 zaznamenal Peugeot podle vlastn\u00edch statistik na \u010desk\u00e9m trhu lehk\u00fdch u\u017eitkov\u00fdch vozidel meziro\u010dn\u00ed n\u00e1r\u016fst o 42 %. Z\u00e1rove\u0148 u\u017e p\u00e1t\u00fd m\u011bs\u00edc v \u0159ad\u011b vykazuje meziro\u010dn\u00ed r\u016fst prodej\u016f v \u0159\u00e1du des\u00edtek procent, nejv\u00edce pak v \u010dervnu, kdy dos\u00e1hl nav\u00fd\u0161en\u00ed o 74 %. Na t\u011bchto v\u00fdsledc\u00edch se pod\u00edlely zejm\u00e9na fleetov\u00e9 zak\u00e1zky, jmenovit\u011b firm\u00e1m DODO, LKQ, \u010cEZ a VCES.<\/strong><!--more--><\/p>\n<p>Po\u010d\u00ednaje \u00fanorem leto\u0161n\u00edho roku zah\u00e1jil Peugeot na \u010desk\u00e9m trhu lehk\u00fdch u\u017eitkov\u00fdch vozidel r\u016fstov\u00fd trend, a ten udr\u017eel p\u011bt m\u011bs\u00edc\u016f v \u0159ad\u011b. R\u016fst vyvrcholil v \u010dervnu, kdy Peugeot dos\u00e1hl meziro\u010dn\u00edho nav\u00fd\u0161en\u00ed o 74 %. Celkov\u011b tak za prvn\u00ed pololet\u00ed roku 2026 Peugeot registroval 1091 lehk\u00fdch u\u017eitkov\u00fdch voz\u016f, co\u017e je o 42 % v\u00edce ne\u017e ve stejn\u00e9m obdob\u00ed lo\u0148sk\u00e9ho roku.<\/p>\n<p>Za t\u011bmito v\u00fdsledky stoj\u00ed hned n\u011bkolik faktor\u016f: kompletn\u011b obnoven\u00e1 modelov\u00e1 \u0159ada lehk\u00fdch u\u017eitkov\u00fdch vozidel zahrnuj\u00edc\u00ed modely Partner, Expert a Boxer, prodlou\u017een\u00e1 p\u011btilet\u00e1 z\u00e1ruka (nebo 200 000 km) a p\u0159edev\u0161\u00edm \u00fasp\u011bchy ve fleetov\u00fdch tendrech podpo\u0159en\u00e9 dlouhodob\u011b budovan\u00fdmi vztahy s firemn\u00edmi z\u00e1kazn\u00edky.<\/p>\n<blockquote><p>\u201eLeto\u0161n\u00ed v\u00fdsledky potvrzuj\u00ed, \u017ee jdeme spr\u00e1vn\u00fdm sm\u011brem. Velkou pozornost jsme v\u011bnovali v\u00fdb\u011brov\u00fdm \u0159\u00edzen\u00edm i ka\u017edodenn\u00ed p\u00e9\u010di o na\u0161e z\u00e1kazn\u00edky a jejich d\u016fv\u011bra je pro n\u00e1s odm\u011bnou. T\u011b\u0161\u00ed n\u00e1s, \u017ee se n\u00e1m da\u0159\u00ed z\u00edsk\u00e1vat nov\u00e9 v\u00fdznamn\u00e9 fleetov\u00e9 zak\u00e1zky, ale stejn\u011b d\u016fle\u017eit\u00e1 je pro n\u00e1s dlouholet\u00e1 spolupr\u00e1ce se st\u00e1vaj\u00edc\u00edmi klienty. Pr\u00e1v\u011b s\u00edla a stabilita na\u0161\u00ed z\u00e1kaznick\u00e9 z\u00e1kladny p\u0159edstavuj\u00ed jednu z na\u0161ich nejv\u011bt\u0161\u00edch konkuren\u010dn\u00edch v\u00fdhod. Na\u0161i partne\u0159i obchodn\u011b rostou a spolu s nimi i flotily voz\u016f Peugeot, co\u017e sv\u011bd\u010d\u00ed o tom, \u017ee jsme pro tyto firmy dlouhodob\u00fdm a spolehliv\u00fdm \u0159e\u0161en\u00edm mobility,\u201c \u0159\u00edk\u00e1 Roman Kraus, \u0159editel B2B pro zna\u010dky Stellantis.<\/p><\/blockquote>\n<p>Pozitivn\u00edm trendem je rovn\u011b\u017e rostouc\u00ed z\u00e1jem o elektrick\u00e9 u\u017eitkov\u00e9 vozy Peugeot. St\u00e1le v\u00edce firem za\u0159azuje do sv\u00fdch flotil bezemisn\u00ed modely, kter\u00e9 pom\u00e1haj\u00ed plnit c\u00edle v oblasti udr\u017eitelnosti, ani\u017e by slevily z po\u017eadavk\u016f na ka\u017edodenn\u00ed provoz.<\/p>\n<p><img loading=\"lazy\" decoding=\"async\" class=\"alignnone wp-image-23122\" src=\"http:\/\/www.automakers.cz\/wp-content\/uploads\/2026\/07\/peugeot-boxer-model-rada-900x500.jpg\" alt=\"\" width=\"985\" height=\"547\" \/><\/p>\n<p><strong>V\u00fdznamn\u00e9 fleetov\u00e9 zak\u00e1zky potvrzuj\u00ed d\u016fv\u011bru firemn\u00edch z\u00e1kazn\u00edk\u016f<\/strong><\/p>\n<p>K leto\u0161n\u00edmu \u00fasp\u011bchu v\u00fdznamn\u011b p\u0159isp\u011bla \u0159ada velk\u00fdch firemn\u00edch kontrakt\u016f nap\u0159\u00ed\u010d r\u016fzn\u00fdmi obory. Nejv\u011bt\u0161\u00ed leto\u0161n\u00ed zak\u00e1zku realizovala spole\u010dnost DODO, kter\u00e1 si v \u0159\u00edjnu p\u0159evezme 141 voz\u016f Peugeot Expert ur\u010den\u00fdch pro rozvozov\u00e9 slu\u017eby.<\/p>\n<blockquote><p>\u201eRozvoz potravin je pro DODO dlouhodob\u011b kl\u00ed\u010dov\u00fdm segmentem a na flotilu, proto m\u00e1me jin\u00e9 n\u00e1roky ne\u017e b\u011b\u017en\u00e1 bal\u00edkov\u00e1 logistika. Nejde jen o to zbo\u017e\u00ed p\u0159ev\u00e9zt, ale doru\u010dit ho ve zvolen\u00e9m \u010dasov\u00e9m slotu, spolehliv\u011b, v odpov\u00eddaj\u00edc\u00edm teplotn\u00edm re\u017eimu a s vysokou provozn\u00ed efektivitou. Vozidla koncernu Stellantis vyu\u017e\u00edv\u00e1me prakticky od za\u010d\u00e1tku DODO, tedy ji\u017e 10 let a Peugeot je pro n\u00e1s d\u016fle\u017eit\u00fdm partnerem i d\u00edky \u0161irok\u00e9 servisn\u00ed s\u00edti, kter\u00e1 je p\u0159i ka\u017edodenn\u00edm provozu z\u00e1sadn\u00ed. Model Peugeot Expert n\u00e1m d\u00e1v\u00e1 dobr\u00fd kompromis mezi kapacitou, obratnost\u00ed v m\u011bstsk\u00e9m provozu a rozumn\u00fdmi provozn\u00edmi n\u00e1klady. Nov\u00e9 vozy budou nasazeny na rozvoz pro na\u0161eho klienta Ko\u0161\u00edk.cz, kde p\u0159esnost, spolehlivost a kvalita doru\u010den\u00ed hraj\u00ed naprosto z\u00e1sadn\u00ed roli,\u201c \u0159\u00edk\u00e1 Michael \u0158eh\u00e1k, Group Fleet Manager DODO.<\/p><\/blockquote>\n<p>Dal\u0161\u00ed zak\u00e1zku realizoval Peugeot pro spole\u010dnost LKQ. Ta roz\u0161\u00ed\u0159ila svou flotilu o 96 u\u017eitkov\u00fdch vozidel Peugeot, konkr\u00e9tn\u011b o 32 voz\u016f Boxer, 39 voz\u016f Expert a 25 elektromobil\u016f E-Expert.<\/p>\n<p><img loading=\"lazy\" decoding=\"async\" class=\"alignnone wp-image-23125\" src=\"http:\/\/www.automakers.cz\/wp-content\/uploads\/2026\/07\/Boxer-LKQ2-900x675.jpg\" alt=\"\" width=\"1003\" height=\"752\" \/><\/p>\n<p>Partnerem zna\u010dky Peugeot je i skupina \u010cEZ, kter\u00e1 letos p\u0159evzala 49 elektrick\u00fdch voz\u016f Peugeot E-Partner. Zak\u00e1zka potvrzuje pokra\u010duj\u00edc\u00ed elektrifikaci firemn\u00edch flotil i rostouc\u00ed d\u016fv\u011bru v elektrick\u00e1 lehk\u00e1 u\u017eitkov\u00e1 vozidla Peugeot.<\/p>\n<blockquote><p>\u201eTak\u00e9 v leto\u0161n\u00edm roce pokra\u010dujeme v r\u00e1mci flotily \u010cEZ ve zvy\u0161ov\u00e1n\u00ed pod\u00edlu aut s alternativn\u00edm pohonem a moment\u00e1ln\u011b jich ji\u017e v kategorii osobn\u00edch a u\u017eitkov\u00fdch provozujeme v\u00edce ne\u017e 630. Znamen\u00e1 to, \u017ee ka\u017ed\u00e9 dev\u00e1t\u00e9 auto jezd\u00edc\u00ed v barv\u00e1ch \u010cEZ je bezemisn\u00ed. Vyb\u00edr\u00e1me takov\u00e9 typy voz\u016f, kter\u00e9 jsou schopn\u00e9 spolehliv\u011b plnit po\u017eadavky na\u0161ich \u0159idi\u010d\u016f. Tak\u00e9 v dal\u0161\u00edch letech chceme pod\u00edl elektromobil\u016f postupn\u011b navy\u0161ovat. Podobn\u011b jako dosud p\u016fjde o postupnou obm\u011bnu v souladu s technick\u00fdm v\u00fdvojem, ale tak\u00e9 z\u00e1sadn\u00edm po\u017eadavkem, aby tato zm\u011bna nem\u011bla vliv na provoz kritick\u00e9 infrastruktury, kde jsou nap\u0159\u00edklad pro poruchov\u00e9 \u010dety vyu\u017e\u00edv\u00e1ny ter\u00e9nn\u00ed vozy,\u201c uv\u00e1d\u00ed Jakub Bos\u00e1k, mana\u017eer \u00fatvaru dopravn\u00ed slu\u017eby \u010cEZ.<\/p><\/blockquote>\n<p>Stavebn\u00ed spole\u010dnost VCES, kter\u00e1 je dlouhodob\u00fdm klientem zna\u010dky Peugeot, v leto\u0161n\u00edm roce za\u0159adila do sv\u00e9ho vozov\u00e9ho parku 22 voz\u016f Rifter.<\/p>\n<blockquote><p>\u201eV r\u00e1mci obnovy na\u0161\u00ed firemn\u00ed flotily jsme se rozhodli op\u011bt pro vozy zna\u010dky Peugeot kv\u016fli jejich dobr\u00e9mu pom\u011bru mezi po\u0159izovac\u00ed cenou, provozn\u00edmi n\u00e1klady a jejich z\u016fstatkovou hodnotou. Vozy Peugeot p\u0159esn\u011b spl\u0148uj\u00ed na\u0161e n\u00e1roky na ka\u017edodenn\u00ed spolehlivost, rozumnou spot\u0159ebu a n\u00edzk\u00e9 emise. Navazujeme tak na na\u0161i dlouhodobou spokojenost,\u201c \u0159\u00edk\u00e1 Ing. Pavel \u0160t\u011bp\u00e1nek, Purchasing Manager spole\u010dnosti VCES.<\/p><\/blockquote>\n<p><strong>Peugeot potvrzuje silnou pozici v segmentu LCV<\/strong><\/p>\n<p>\u00dasp\u011b\u0161n\u00e9 v\u00fdsledky prvn\u00edho pololet\u00ed potvrzuj\u00ed, \u017ee strategie zna\u010dky Peugeot v segmentu lehk\u00fdch u\u017eitkov\u00fdch vozidel p\u0159in\u00e1\u0161\u00ed o\u010dek\u00e1van\u00e9 v\u00fdsledky. Modernizovan\u00e1 modelov\u00e1 \u0159ada, atraktivn\u00ed z\u00e1ru\u010dn\u00ed podm\u00ednky, rostouc\u00ed nab\u00eddka elektrick\u00fdch verz\u00ed i d\u016fraz na individu\u00e1ln\u00ed p\u00e9\u010di o fleetov\u00e9 z\u00e1kazn\u00edky vytv\u00e1\u0159ej\u00ed pevn\u00fd z\u00e1klad pro dal\u0161\u00ed r\u016fst v druh\u00e9 polovin\u011b roku.<\/p>\n<p><img loading=\"lazy\" decoding=\"async\" class=\"alignnone wp-image-23123\" src=\"http:\/\/www.automakers.cz\/wp-content\/uploads\/2026\/07\/peugeot-model-rada-900x506.jpg\" alt=\"\" width=\"1023\" height=\"575\" \/><\/p>\n","protected":false},"excerpt":{"rendered":"<p>V prvn\u00edm pololet\u00ed 2026 zaznamenal Peugeot podle vlastn\u00edch statistik na \u010desk\u00e9m trhu lehk\u00fdch u\u017eitkov\u00fdch vozidel&#8230;<\/p>\n","protected":false},"author":2,"featured_media":23121,"comment_status":"closed","ping_status":"closed","sticky":false,"template":"","format":"standard","meta":{"footnotes":""},"categories":[15,38,48,50],"tags":[],"class_list":["post-23120","post","type-post","status-publish","format-standard","has-post-thumbnail","hentry","category-fleety","category-luv","category-registrace","category-zakazky"],"_links":{"self":[{"href":"https:\/\/www.automakers.cz\/index.php?rest_route=\/wp\/v2\/posts\/23120","targetHints":{"allow":["GET"]}}],"collection":[{"href":"https:\/\/www.automakers.cz\/index.php?rest_route=\/wp\/v2\/posts"}],"about":[{"href":"https:\/\/www.automakers.cz\/index.php?rest_route=\/wp\/v2\/types\/post"}],"author":[{"embeddable":true,"href":"https:\/\/www.automakers.cz\/index.php?rest_route=\/wp\/v2\/users\/2"}],"replies":[{"embeddable":true,"href":"https:\/\/www.automakers.cz\/index.php?rest_route=%2Fwp%2Fv2%2Fcomments&post=23120"}],"version-history":[{"count":4,"href":"https:\/\/www.automakers.cz\/index.php?rest_route=\/wp\/v2\/posts\/23120\/revisions"}],"predecessor-version":[{"id":23127,"href":"https:\/\/www.automakers.cz\/index.php?rest_route=\/wp\/v2\/posts\/23120\/revisions\/23127"}],"wp:featuredmedia":[{"embeddable":true,"href":"https:\/\/www.automakers.cz\/index.php?rest_route=\/wp\/v2\/media\/23121"}],"wp:attachment":[{"href":"https:\/\/www.automakers.cz\/index.php?rest_route=%2Fwp%2Fv2%2Fmedia&parent=23120"}],"wp:term":[{"taxonomy":"category","embeddable":true,"href":"https:\/\/www.automakers.cz\/index.php?rest_route=%2Fwp%2Fv2%2Fcategories&post=23120"},{"taxonomy":"post_tag","embeddable":true,"href":"https:\/\/www.automakers.cz\/index.php?rest_route=%2Fwp%2Fv2%2Ftags&post=23120"}],"curies":[{"name":"wp","href":"https:\/\/api.w.org\/{rel}","templated":true}]}}