{"id":23130,"date":"2026-07-09T08:27:46","date_gmt":"2026-07-09T08:27:46","guid":{"rendered":"https:\/\/www.automakers.cz\/?p=23130"},"modified":"2026-07-09T08:27:46","modified_gmt":"2026-07-09T08:27:46","slug":"plastika-otevrela-novou-halu-v-huline","status":"publish","type":"post","link":"https:\/\/www.automakers.cz\/?p=23130","title":{"rendered":"Plastika otev\u0159ela novou halu v Hul\u00edn\u011b"},"content":{"rendered":"<p><strong>Dodavatel plastov\u00fdch d\u00edl\u016f PLASTIKA otev\u0159el v\u00fdrobn\u00ed halu Kaplan v Hul\u00edn\u011b. Investice p\u0159esahuj\u00edc\u00ed 300 milion\u016f korun p\u0159edstavuje podle \u0161\u00e9f\u016f firmy v\u00fdznamn\u00fd rozvojov\u00fd projekt firmy.<\/strong> <strong>Slavnostn\u00edho otev\u0159en\u00ed se z\u00fa\u010dastnilo v\u00edce ne\u017e 100 host\u016f z \u0159ad obchodn\u00edch partner\u016f, dodavatel\u016f, z\u00e1kazn\u00edk\u016f a dal\u0161\u00edch host\u016f.<\/strong><!--more--><\/p>\n<p>Je\u0161t\u011b na za\u010d\u00e1tku lo\u0148sk\u00e9ho roku st\u00e1la na m\u00edst\u011b nov\u00e9 haly pr\u00e1zdn\u00e1 plocha. B\u011bhem jedin\u00e9ho roku zde vznikl v\u00fdrobn\u00ed provoz vybaven\u00fd automatickou mont\u00e1\u017en\u00ed linkou, nov\u00fdm skladov\u00fdm z\u00e1zem\u00edm a v\u00fdkonn\u011bj\u0161\u00edmi vst\u0159ikovac\u00edmi lisy. Nov\u00e9 technologie umo\u017en\u00ed spole\u010dnosti zv\u00fd\u0161it produktivitu v\u00fdroby, roz\u0161\u00ed\u0159it portfolio zak\u00e1zek a pos\u00edlit konkurenceschopnost na dom\u00e1c\u00edch i zahrani\u010dn\u00edch trz\u00edch.<\/p>\n<blockquote><p>\u201eNov\u00e1 hala Kaplan je pro na\u0161i spole\u010dnost v\u00fdznamn\u00fdm miln\u00edkem. Nejde jen o novou budovu a technologie, ale p\u0159edev\u0161\u00edm o vytvo\u0159en\u00ed prostoru pro dal\u0161\u00ed rozvoj, inovace a nov\u00e9 obchodn\u00ed p\u0159\u00edle\u017eitosti. Projekt by nevznikl bez mimo\u0159\u00e1dn\u00e9ho nasazen\u00ed na\u0161ich zam\u011bstnanc\u016f a spolupr\u00e1ce \u0159ady partner\u016f,\u201c uvedl Ing. Michal Nosek, MBA, gener\u00e1ln\u00ed \u0159editel spole\u010dnosti PLASTIKA a.s.<\/p><\/blockquote>\n<p>Projekt byl realizov\u00e1n ve spolupr\u00e1ci s \u0159adou technologick\u00fdch a stavebn\u00edch partner\u016f. Nov\u00fd provoz bude slou\u017eit nejen k roz\u0161\u00ed\u0159en\u00ed v\u00fdroby, ale tak\u00e9 jako z\u00e1zem\u00ed pro dal\u0161\u00ed rozvoj automatizace, digitalizace proces\u016f a vyu\u017eit\u00ed modern\u00edch datov\u00fdch technologi\u00ed.<\/p>\n","protected":false},"excerpt":{"rendered":"<p>Dodavatel plastov\u00fdch d\u00edl\u016f PLASTIKA otev\u0159el v\u00fdrobn\u00ed halu Kaplan v Hul\u00edn\u011b. Investice p\u0159esahuj\u00edc\u00ed 300 milion\u016f korun&#8230;<\/p>\n","protected":false},"author":2,"featured_media":23131,"comment_status":"closed","ping_status":"closed","sticky":false,"template":"","format":"standard","meta":{"footnotes":""},"categories":[23,3,73],"tags":[],"class_list":["post-23130","post","type-post","status-publish","format-standard","has-post-thumbnail","hentry","category-dodavatele","category-investice","category-opening"],"_links":{"self":[{"href":"https:\/\/www.automakers.cz\/index.php?rest_route=\/wp\/v2\/posts\/23130","targetHints":{"allow":["GET"]}}],"collection":[{"href":"https:\/\/www.automakers.cz\/index.php?rest_route=\/wp\/v2\/posts"}],"about":[{"href":"https:\/\/www.automakers.cz\/index.php?rest_route=\/wp\/v2\/types\/post"}],"author":[{"embeddable":true,"href":"https:\/\/www.automakers.cz\/index.php?rest_route=\/wp\/v2\/users\/2"}],"replies":[{"embeddable":true,"href":"https:\/\/www.automakers.cz\/index.php?rest_route=%2Fwp%2Fv2%2Fcomments&post=23130"}],"version-history":[{"count":3,"href":"https:\/\/www.automakers.cz\/index.php?rest_route=\/wp\/v2\/posts\/23130\/revisions"}],"predecessor-version":[{"id":23134,"href":"https:\/\/www.automakers.cz\/index.php?rest_route=\/wp\/v2\/posts\/23130\/revisions\/23134"}],"wp:featuredmedia":[{"embeddable":true,"href":"https:\/\/www.automakers.cz\/index.php?rest_route=\/wp\/v2\/media\/23131"}],"wp:attachment":[{"href":"https:\/\/www.automakers.cz\/index.php?rest_route=%2Fwp%2Fv2%2Fmedia&parent=23130"}],"wp:term":[{"taxonomy":"category","embeddable":true,"href":"https:\/\/www.automakers.cz\/index.php?rest_route=%2Fwp%2Fv2%2Fcategories&post=23130"},{"taxonomy":"post_tag","embeddable":true,"href":"https:\/\/www.automakers.cz\/index.php?rest_route=%2Fwp%2Fv2%2Ftags&post=23130"}],"curies":[{"name":"wp","href":"https:\/\/api.w.org\/{rel}","templated":true}]}}