{"id":23278,"date":"2026-07-16T11:18:00","date_gmt":"2026-07-16T11:18:00","guid":{"rendered":"https:\/\/www.automakers.cz\/?p=23278"},"modified":"2026-07-16T11:18:00","modified_gmt":"2026-07-16T11:18:00","slug":"audi-spustilo-zakaznicky-konfigurator-pro-q7","status":"publish","type":"post","link":"https:\/\/www.automakers.cz\/?p=23278","title":{"rendered":"Audi spustilo z\u00e1kaznick\u00fd konfigur\u00e1tor pro Q7"},"content":{"rendered":"<p><strong>Audi v \u010cesku zahajuje p\u0159edprodej t\u0159et\u00ed generace SUV Q7. Prvn\u00ed vozy budou z\u00e1kazn\u00edk\u016fm p\u0159ed\u00e1ny na za\u010d\u00e1tku podzimu. Ceny startuj\u00ed na 2 087 900 K\u010d za verzi quattro TDI (180 kW), v\u00fdkonn\u011bj\u0161\u00ed varianta (220 kW) pak vyjde na 2 168 900 K\u010d.<\/strong><!--more--><\/p>\n<blockquote><p>\u201eAudi Q7 pat\u0159\u00ed od sv\u00e9 prvn\u00ed generace mezi na\u0161e bestsellery na \u010desk\u00e9m trhu a t\u0159et\u00ed generace spl\u0148uje v\u0161echny p\u0159edpoklady, aby na mimo\u0159\u00e1dn\u00e9 \u00fasp\u011bchy sv\u00fdch p\u0159edch\u016fdc\u016f hladce nav\u00e1zala,\u201c \u0159\u00edk\u00e1 Marcel Archleb, vedouc\u00ed divize Audi spole\u010dnosti Porsche \u010cesk\u00e1 republika, a dod\u00e1v\u00e1: \u201eNov\u00e9 Audi Q7 nab\u00edz\u00ed p\u0159esv\u011bd\u010divou kombinaci jedine\u010dn\u00e9ho sportovn\u00edho designu s\u00a0velmi variabiln\u00edm interi\u00e9rem, prvot\u0159\u00eddn\u00edmi materi\u00e1ly a nejmodern\u011bj\u0161\u00edmi technologiemi. D\u00edky sv\u00e9 v\u0161estrann\u00e9 a robustn\u00ed konstrukci hrav\u011b zvl\u00e1dne n\u00e1ro\u010dn\u00fd ka\u017edodenn\u00ed pracovn\u00ed i rodinn\u00fd provoz a se stejnou samoz\u0159ejmost\u00ed si porad\u00ed tak\u00e9 s\u00a0v\u00fdpravami za hranice v\u0161edn\u00edch dn\u016f, a to i mimo zpevn\u011bn\u00e9 cesty. Pro \u010desk\u00fd trh nav\u00edc p\u0159ich\u00e1z\u00edme s\u00a0obl\u00edbenou roz\u0161\u00ed\u0159enou z\u00e1rukou na 4 roky \/ 120\u00a0000 km v\u00a0r\u00e1mci s\u00e9riov\u00e9 v\u00fdbavy. V\u00a0p\u0159\u00edpad\u011b z\u00e1jmu o roz\u0161\u00ed\u0159en\u00ed v\u00fdbavy m\u00e1me hned dva ak\u010dn\u00ed v\u00fdbavov\u00e9 pakety Gravity, jeden zam\u011b\u0159en\u00fd na komfort a druh\u00fd na sport.\u201c<\/p><\/blockquote>\n<p>Audi Q7 vstupuje necel\u00e9 t\u0159i t\u00fddny po sv\u011btov\u00e9 premi\u00e9\u0159e do f\u00e1ze p\u0159edprodeje s v\u00fdkonnou a hospod\u00e1rnou mild hybridn\u00ed vzn\u011btovou jednotkou TDI, jej\u00ed\u017e hnac\u00ed s\u00edla je p\u0159en\u00e1\u0161ena na vozovku prost\u0159ednictv\u00edm 8stup\u0148ov\u00e9 automatick\u00e9 p\u0159evodovky Tiptronic a trval\u00e9ho pohonu v\u0161ech kol quattro se samosvorn\u00fdm mezin\u00e1pravov\u00fdm diferenci\u00e1lem.<\/p>\n<p><img loading=\"lazy\" decoding=\"async\" class=\"alignnone wp-image-23284\" src=\"http:\/\/www.automakers.cz\/wp-content\/uploads\/2026\/07\/Q7-zepredu-900x675.png\" alt=\"\" width=\"992\" height=\"744\" \/><\/p>\n<p>Z\u00e1kazn\u00edci maj\u00ed na v\u00fdb\u011br dv\u011b v\u00fdkonov\u00e9 varianty. Verze s nejvy\u0161\u0161\u00edm v\u00fdkonem 180 kW (245 k) figuruje v konfigur\u00e1toru s cenou 2 087 900 K\u010d, zat\u00edmco Audi Q7 quattro TDI s nejvy\u0161\u0161\u00edm v\u00fdkonem 220 kW (299 k) lze objedn\u00e1vat za ceny za\u010d\u00ednaj\u00edc\u00ed od 2 168 900 K\u010d.<\/p>\n<p>S\u00e9riov\u00e1 v\u00fdbava zahrnuje mimo jin\u00e9 20\u201c kola z lehk\u00e9 slitiny, sv\u011btlomety LED Plus s asistentem d\u00e1lkov\u00fdch sv\u011btel, zadn\u00ed sv\u00edtilny LED pro, p\u011btim\u00edstn\u00fd interi\u00e9r s paketem ambientn\u00edho osv\u011btlen\u00ed, Audi Sound System s 10 reproduktory, naviga\u010dn\u00ed syst\u00e9m MMI plus, panoramatick\u00fd displej Audi MMI tvo\u0159en\u00fd 11,9 digit\u00e1ln\u00edm panelem sdru\u017een\u00fdch p\u0159\u00edstroj\u016f Audi virtual cockpit plus a 14,5\u201c dotykov\u00fdm displejem MMI touch, 12,3\u201c displej MMI pro spolujezdce vp\u0159edu s dynamick\u00fdm soukrom\u00fdm re\u017eimem, \u0161irokou \u0161k\u00e1lu digit\u00e1ln\u00edch slu\u017eeb Audi connect, bezkabelovou nab\u00edje\u010dku chytr\u00fdch telefon\u016f, \u010daloun\u011bn\u00ed kombinac\u00ed k\u016f\u017ee a um\u011bl\u00e9 k\u016f\u017ee, elektrick\u00e9 nastavov\u00e1n\u00ed sedadel v prvn\u00ed a druh\u00e9 \u0159ad\u011b (s pam\u011bt\u00ed pro polohu sedadla \u0159idi\u010de a spolujezdce), vyh\u0159\u00edv\u00e1n\u00ed sedadel vp\u0159edu, elektricky nastaviteln\u00fd multifunk\u010dn\u00ed volant s k\u016f\u017e\u00ed ob\u0161it\u00fdm v\u011bncem a p\u00e1\u010dkami pro manu\u00e1ln\u00ed \u0159azen\u00ed, adaptivn\u00ed tempomat, prostorov\u00fd kamerov\u00fd syst\u00e9m, syst\u00e9m preventivn\u00ed ochrany cestuj\u00edc\u00edch, digit\u00e1ln\u00ed kl\u00ed\u010d, 3z\u00f3novou automatickou klimatizaci s elektrick\u00fdm p\u0159\u00eddavn\u00fdm topen\u00edm a prodlou\u017eenou z\u00e1ruku na 4 roky\/120 000 km.<\/p>\n<p>Sou\u010d\u00e1st\u00ed s\u00e9riov\u00e9 v\u00fdbavy jsou tak\u00e9 \u010detn\u00e9 asisten\u010dn\u00ed funkce od asistenta pro nouzov\u00e9 brzd\u011bn\u00ed p\u0159ed p\u0159ek\u00e1\u017ekou vp\u0159edu a asistenta pro sledov\u00e1n\u00ed slep\u00e9ho \u00fahlu p\u0159es asistenta pro rozpozn\u00e1v\u00e1n\u00ed dopravn\u00edch zna\u010dek, asistenta s upozor\u0148ov\u00e1n\u00edm na nebezpe\u010d\u00ed p\u0159i vystupov\u00e1n\u00ed, asistenta s upozor\u0148ov\u00e1n\u00edm na vozidla p\u0159ij\u00ed\u017ed\u011bj\u00edc\u00ed ze stran vzadu p\u0159i couv\u00e1n\u00ed a asistenta pro odbo\u010dov\u00e1n\u00ed a\u017e po asistenta pro pr\u016fjezd k\u0159i\u017eovatkou, parkovac\u00edho asistenta plus, asistenta pro j\u00edzdu v\u00a0j\u00edzdn\u00edm pruhu a asistenta pro rozpozn\u00e1v\u00e1n\u00ed nepozornosti a \u00fanavy.<\/p>\n<p><img loading=\"lazy\" decoding=\"async\" class=\"alignnone wp-image-23287\" src=\"http:\/\/www.automakers.cz\/wp-content\/uploads\/2026\/07\/Q-7-zezadu-cerne.png\" alt=\"\" width=\"955\" height=\"716\" srcset=\"https:\/\/www.automakers.cz\/wp-content\/uploads\/2026\/07\/Q-7-zezadu-cerne.png 832w, https:\/\/www.automakers.cz\/wp-content\/uploads\/2026\/07\/Q-7-zezadu-cerne-768x576.png 768w\" sizes=\"auto, (max-width: 955px) 100vw, 955px\" \/><\/p>\n<p>Audi nab\u00edz\u00ed pro nov\u00e9 Audi Q7 nem\u00e9n\u011b \u0161irokou \u0161k\u00e1lu mo\u017enost\u00ed individualizace vozu v souladu s preferencemi z\u00e1kazn\u00edka. V konfigur\u00e1toru si mohou klienti vybrat nap\u0159\u00edklad dal\u0161\u00ed varianty interi\u00e9ru. Krom\u011b sedmim\u00edstn\u00e9ho uspo\u0159\u00e1d\u00e1n\u00ed je Audi Q7 poprv\u00e9 dod\u00e1v\u00e1no tak\u00e9 v \u0161estim\u00edstn\u00e9 verzi se dv\u011bma samostatn\u00fdmi sedadly ve druh\u00e9 \u0159ad\u011b. Tato varianta je\u0161t\u011b v\u00edce umoc\u0148uje mana\u017eersk\u00fd charakter tohoto modelu a komfort p\u0159i cestov\u00e1n\u00ed na velk\u00e9 vzd\u00e1lenosti. Polohu v\u0161ech sedadel lze nastavovat elektricky. V nejvy\u0161\u0161\u00ed variant\u011b v\u00fdbavy pozved\u00e1v\u00e1 pr\u00e9miovou atmosf\u00e9ru v interi\u00e9ru velk\u00e9 panoramatick\u00e9 posuvn\u00e9 st\u0159e\u0161n\u00ed okno s nastavitelnou pr\u016fhlednost\u00ed.<\/p>\n<p>Technickou v\u00fdbavu mohou na p\u0159\u00e1n\u00ed roz\u0161\u00ed\u0159it inovativn\u00ed digit\u00e1ln\u00ed sv\u011btlomety Matrix LED s\u00a0modulem Mikro LED, kter\u00e9 umo\u017e\u0148uj\u00ed nov\u00e9 sv\u011bteln\u00e9 asisten\u010dn\u00ed funkce prom\u00edtaj\u00edc\u00ed sv\u011bteln\u00e9 obrazce s\u00a0vysok\u00fdm rozli\u0161en\u00edm. T\u0159et\u00ed generace digit\u00e1ln\u00edch zadn\u00edch sv\u00edtilen OLED zahrnuje funkce komunika\u010dn\u00edho sv\u011btla a nab\u00edz\u00ed aktivn\u00ed digit\u00e1ln\u00ed sv\u011bteln\u00e9 designy. Oproti p\u0159edch\u016fdci jsou sv\u011bteln\u00e9 funkce nyn\u00ed je\u0161t\u011b v\u00a0mnohem v\u011bt\u0161\u00ed m\u00ed\u0159e propojeny s\u00a0asisten\u010dn\u00edmi syst\u00e9my, a p\u0159isp\u00edvaj\u00ed tak ke zvy\u0161ov\u00e1n\u00ed aktivn\u00ed bezpe\u010dnosti.<\/p>\n<p>Individualizaci nov\u00e9ho modelu Audi Q7 usnad\u0148uj\u00ed pakety, z nich\u017e n\u011bkter\u00e9 jsou ji\u017e v r\u00e1mci p\u0159edprodeje nab\u00edzeny s cenov\u00fdm zv\u00fdhodn\u011bn\u00edm. S ak\u010dn\u00edm paketem Gravity \u2013 Komfort alebo Gravity \u2013 Sport u\u0161et\u0159\u00ed z\u00e1kazn\u00edk 25 800 K\u010d a 47 600 K\u010d u\u0161et\u0159\u00ed s Audi Paket S line. Prodlou\u017een\u00e1 z\u00e1ruka v\u00fdrobce na 5 let vyjde nyn\u00ed o 18 000 K\u010d v\u00fdhodn\u011bji. Zna\u010dka Audi nav\u00edc sestavila pro nov\u00e9 Audi Q7 \u0161irok\u00e9 portfolio Origin\u00e1ln\u00edho p\u0159\u00edslu\u0161enstv\u00ed Audi sahaj\u00edc\u00ed od bezpe\u010dnostn\u00edho p\u00e1su pro psy p\u0159es nosi\u010de j\u00edzdn\u00edch kol na st\u0159echu i ta\u017en\u00e9 za\u0159\u00edzen\u00ed a\u017e po st\u0159e\u0161n\u00ed boxy v\u010detn\u011b na m\u00edru navr\u017een\u00fdch ta\u0161ek.<\/p>\n<p>Audi Q7 m\u00e1 pod kapotou t\u0159\u00edlitrov\u00fd vzn\u011btov\u00fd vidlicov\u00fd \u0161estiv\u00e1lec s technologi\u00ed MHEV plus a elektricky poh\u00e1n\u011bn\u00fdm turbodmychadlem. V\u00fdkonn\u011bj\u0161\u00ed varianta s kombinovanou spot\u0159ebou paliva 7,3\u20138,3 l\/100 km poskytuje nejvy\u0161\u0161\u00ed v\u00fdkon 220 kW (299 k) a maxim\u00e1ln\u00ed to\u010div\u00fd moment 630 N.m, zat\u00edmco z\u00e1kladn\u00ed verze dosahuje nejvy\u0161\u0161\u00edho v\u00fdkonu 180 kW (245 k) a maxim\u00e1ln\u00edho to\u010div\u00e9ho momentu 500 N.m, p\u0159i\u010dem\u017e v kombinovan\u00e9m cyklu podle metodiky WLTP spot\u0159ebuje v pr\u016fm\u011bru 7,2 a\u017e 8,1 litru nafty na 100 km.<\/p>\n<p><img loading=\"lazy\" decoding=\"async\" class=\"alignnone wp-image-23288\" src=\"http:\/\/www.automakers.cz\/wp-content\/uploads\/2026\/07\/Q-7-sede.png\" alt=\"\" width=\"1049\" height=\"787\" srcset=\"https:\/\/www.automakers.cz\/wp-content\/uploads\/2026\/07\/Q-7-sede.png 832w, https:\/\/www.automakers.cz\/wp-content\/uploads\/2026\/07\/Q-7-sede-768x576.png 768w\" sizes=\"auto, (max-width: 1049px) 100vw, 1049px\" \/><\/p>\n<p>Sou\u010d\u00e1st\u00ed technologie MHEV plus je elektromotor s funkc\u00ed gener\u00e1toru, kter\u00fd podporuje pohon vozidla dodate\u010dn\u00fdm v\u00fdkonem a\u017e 18 kW (24 k). T\u0159\u00edlitrov\u00fd vzn\u011btov\u00fd vidlicov\u00fd \u0161estiv\u00e1lec tak nab\u00edz\u00ed dynamiku p\u0159i rozjezdu, spont\u00e1nn\u00ed reakce v ka\u017ed\u00e9 j\u00edzdn\u00ed situaci a hospod\u00e1rn\u00fd provoz.<\/p>\n<p>Z\u00e1\u017eitky z j\u00edzdy na \u00farovni luxusn\u00edho vozu zaru\u010duje ji\u017e s\u00e9riov\u011b nab\u00edzen\u00fd podvozek s ocelov\u00fdmi vinut\u00fdmi pru\u017einami. Pro je\u0161t\u011b n\u00e1ro\u010dn\u011bj\u0161\u00ed z\u00e1kazn\u00edky jsou p\u0159ipraveny na p\u0159\u00e1n\u00ed dod\u00e1van\u00e9 podvozky se vzduchov\u00fdm odpru\u017een\u00edm adaptive air suspension nebo adaptive air suspension sport a elektronicky \u0159\u00edzen\u00fdmi tlumi\u010di, kter\u00e9 prop\u016fj\u010duj\u00ed modelu Q7 agiln\u011bj\u0161\u00ed a univerz\u00e1ln\u011bj\u0161\u00ed charakter.<\/p>\n<p>Audi Q7 m\u00e1 rozvor n\u00e1prav 3000 mm a vn\u011bj\u0161\u00ed rozm\u011bry 5061 x 2010 x 1805 mm. Zavazadlov\u00fd prostor p\u011btim\u00edstn\u00e9 verze nab\u00edz\u00ed v z\u00e1kladn\u00edm uspo\u0159\u00e1d\u00e1n\u00ed objem 670 litr\u016f. Sklopen\u00edm sedadel ve druh\u00e9 \u0159ad\u011b se zv\u011bt\u0161\u00ed a\u017e na 2075 litr\u016f. Sedmim\u00edstn\u00e1 verze disponuje zavazadlov\u00fdm prostorem o objemu 581 litr\u016f za druhou \u0159adou sedadel a za prvn\u00ed \u0159adou sedadel poskytuje maxim\u00e1ln\u00ed objem 1980 litr\u016f.<\/p>\n<p>Za Audi Q7 lze p\u0159ipojit brzd\u011bn\u00fd p\u0159\u00edv\u011bs o hmotnosti a\u017e 2800 kg, zat\u00edmco svisl\u00e9 zat\u00ed\u017een\u00ed hlavice ta\u017en\u00e9ho za\u0159\u00edzen\u00ed m\u016f\u017ee dos\u00e1hnout a\u017e 140 kg, co\u017e u\u017eivatel\u00e9 ocen\u00ed nap\u0159\u00edklad p\u0159i p\u0159eprav\u011b elektrokol.<\/p>\n<p><img loading=\"lazy\" decoding=\"async\" class=\"alignnone wp-image-23281\" src=\"http:\/\/www.automakers.cz\/wp-content\/uploads\/2026\/07\/Q7-900x675.png\" alt=\"\" width=\"975\" height=\"731\" \/><\/p>\n","protected":false},"excerpt":{"rendered":"<p>Audi v \u010cesku zahajuje p\u0159edprodej t\u0159et\u00ed generace SUV Q7. Prvn\u00ed vozy budou z\u00e1kazn\u00edk\u016fm p\u0159ed\u00e1ny na&#8230;<\/p>\n","protected":false},"author":2,"featured_media":23282,"comment_status":"closed","ping_status":"closed","sticky":false,"template":"","format":"standard","meta":{"footnotes":""},"categories":[37,69,85],"tags":[],"class_list":["post-23278","post","type-post","status-publish","format-standard","has-post-thumbnail","hentry","category-ceny-novinek","category-suv","category-vybava"],"_links":{"self":[{"href":"https:\/\/www.automakers.cz\/index.php?rest_route=\/wp\/v2\/posts\/23278","targetHints":{"allow":["GET"]}}],"collection":[{"href":"https:\/\/www.automakers.cz\/index.php?rest_route=\/wp\/v2\/posts"}],"about":[{"href":"https:\/\/www.automakers.cz\/index.php?rest_route=\/wp\/v2\/types\/post"}],"author":[{"embeddable":true,"href":"https:\/\/www.automakers.cz\/index.php?rest_route=\/wp\/v2\/users\/2"}],"replies":[{"embeddable":true,"href":"https:\/\/www.automakers.cz\/index.php?rest_route=%2Fwp%2Fv2%2Fcomments&post=23278"}],"version-history":[{"count":6,"href":"https:\/\/www.automakers.cz\/index.php?rest_route=\/wp\/v2\/posts\/23278\/revisions"}],"predecessor-version":[{"id":23290,"href":"https:\/\/www.automakers.cz\/index.php?rest_route=\/wp\/v2\/posts\/23278\/revisions\/23290"}],"wp:featuredmedia":[{"embeddable":true,"href":"https:\/\/www.automakers.cz\/index.php?rest_route=\/wp\/v2\/media\/23282"}],"wp:attachment":[{"href":"https:\/\/www.automakers.cz\/index.php?rest_route=%2Fwp%2Fv2%2Fmedia&parent=23278"}],"wp:term":[{"taxonomy":"category","embeddable":true,"href":"https:\/\/www.automakers.cz\/index.php?rest_route=%2Fwp%2Fv2%2Fcategories&post=23278"},{"taxonomy":"post_tag","embeddable":true,"href":"https:\/\/www.automakers.cz\/index.php?rest_route=%2Fwp%2Fv2%2Ftags&post=23278"}],"curies":[{"name":"wp","href":"https:\/\/api.w.org\/{rel}","templated":true}]}}